{"id":48351,"date":"2025-12-22T14:53:51","date_gmt":"2025-12-22T14:53:51","guid":{"rendered":"https:\/\/marqalicante-admin.qwair.com\/?p=48351"},"modified":"2025-12-22T14:53:51","modified_gmt":"2025-12-22T14:53:51","slug":"el-marq-expone-por-primera-vez-piezas-y-restos-del-canibalismo-y-los-enterramientos-de-la-cova-del-randero","status":"publish","type":"post","link":"https:\/\/marqalicante-admin.qwair.com\/va\/el-marq-expone-por-primera-vez-piezas-y-restos-del-canibalismo-y-los-enterramientos-de-la-cova-del-randero\/","title":{"rendered":"El MARQ exposa per primera vegada peces i restes del canibalisme i els soterraments de la Cova del Randero"},"content":{"rendered":"<p style=\"text-align: center\"><img loading=\"lazy\" decoding=\"async\" class=\"alignnone size-medium wp-image-48354\" src=\"https:\/\/marqalicante-admin.qwair.com\/wp-content\/uploads\/2025\/12\/122225-Marq-piezas-cova-Randero-01-500x296.jpg\" alt=\"\" width=\"500\" height=\"296\" srcset=\"https:\/\/marqalicante-admin.qwair.com\/wp-content\/uploads\/2025\/12\/122225-Marq-piezas-cova-Randero-01-500x296.jpg 500w, https:\/\/marqalicante-admin.qwair.com\/wp-content\/uploads\/2025\/12\/122225-Marq-piezas-cova-Randero-01-300x177.jpg 300w, https:\/\/marqalicante-admin.qwair.com\/wp-content\/uploads\/2025\/12\/122225-Marq-piezas-cova-Randero-01-18x12.jpg 18w, https:\/\/marqalicante-admin.qwair.com\/wp-content\/uploads\/2025\/12\/122225-Marq-piezas-cova-Randero-01-127x75.jpg 127w, https:\/\/marqalicante-admin.qwair.com\/wp-content\/uploads\/2025\/12\/122225-Marq-piezas-cova-Randero-01-480x284.jpg 480w\" sizes=\"auto, (max-width:767px) 480px, 500px\" \/><\/p>\n<p style=\"text-align: justify\">El <strong>Museu Arqueol\u00f2gic d&#039;Alacant<\/strong> ha inaugurat aquest mat\u00ed una exposici\u00f3 que recull les investigacions dutes a terme a <strong>la Cova del Randero<\/strong> de Pedreguer. <strong>&#039;Rituals de pastors&#039;<\/strong> mostrar\u00e0 durant uns mesos al vest\u00edbul del museu els resultats de les excavacions que van confirmar el <strong>primera troballa de canibalisme ritual del Llevant Peninsular en el context del Neol\u00edtic<\/strong>.<\/p>\n<p style=\"text-align: justify\">El diputat de Cultura, <strong>Joan de D\u00e9u Navarro<\/strong>, ha presentat la nova proposta amb l&#039;alcalde de Pedreguer, <strong>Sergi Ferr\u00fas<\/strong>, aix\u00ed com la directora regional d&#039;Alacant-Centre de Banc Sabadell, <strong>Ana Ponsoda<\/strong>, el director del MARQ, <strong>Manuel Olcina,<\/strong> el director gerent de la Fundaci\u00f3 CV MARQ, <strong>Josep Albert Cort\u00e9s<\/strong>, i els comissaris de l&#039;exposici\u00f3, <strong>Consol Roca de Togores<\/strong> i <strong>Jorge A. Soler<\/strong>, director del MUBAG.<\/p>\n<p style=\"text-align: justify\">Navarro ha agra\u00eft la feina i la investigaci\u00f3 de l&#039;equip d&#039;experts, voluntaris i professionals que han col\u00b7laborat durant m\u00e9s d&#039;una d\u00e8cada d&#039;excavacions,<strong> entre 2007 i 2021<\/strong>, en el marc del Projecte d&#039;Excavaci\u00f3 Arqueol\u00f2gica de la Cova del Randero, impulsat per la Diputaci\u00f3 d&#039;Alacant en col\u00b7laboraci\u00f3 estreta amb l&#039;Ajuntament de Pedreguer. La mostra inclou un conjunt de puntes de fletxa, un crani utilitzat com a rel\u00edquia, un atuell i restes de la mand\u00edbula d&#039;un nen que evidencien el <strong>primera troballa de canibalisme ritual<\/strong> <strong>del Neol\u00edtic a la zona del llevant.<\/strong><\/p>\n<p style=\"text-align: justify\">Aquests aven\u00e7os han convertit l&#039;enclavament en un dels jaciments m\u00e9s rellevants de l&#039;Est de la Pen\u00ednsula Ib\u00e8rica per abordar l&#039;habitaci\u00f3 en cova del Neol\u00edtic Mitj\u00e0 (entre el 4500 i el 4000 aC), aix\u00ed com la vessant funer\u00e0ria del Neol\u00edtic Final-Calcol\u00edtic (entre el 3700 i el 25 de gener de 2000). <strong>grups humans que practicaven una economia de producci\u00f3, cultivaven cereals i cuidaven ramats<\/strong>.<\/p>\n<p style=\"text-align: justify\">Com han explicat els comissaris, es distingeixen dues fases. D&#039;una banda el <strong>Neol\u00edtic Mitj\u00e0<\/strong>, quan el jaciment es va utilitzar com a refugi per petits grups de pastors per a resguardar el seu bestiar adaptant els espais de la cova a les seves necessitats, separant el bestiar: la zona m\u00e9s externa per als adults i la galeria central per a les femelles prenyades i nadons, garantint la reproducci\u00f3 i la producci\u00f3 de llet, mentre que l&#039;\u00e0rea m\u00e9s interna servia per al descans. En aquest \u00e0mbit intern es va trobar una fossa amb un <strong>gran recipient cer\u00e0mic <\/strong>que servia per cuinar, perfumar l&#039;ambient escalfant plantes arom\u00e0tiques, i actuar com a dip\u00f2sit de foc per a il\u00b7luminaci\u00f3.<\/p>\n<p style=\"text-align: justify\">En el marc de la segona fase, al <strong>Neol\u00edtic Final-Calcol\u00edtic<\/strong>, s&#039;han documentat restes \u00f2ssies humanes que confirmen l&#039;\u00fas del lloc com a espai d&#039;enterrament. Una de les troballes m\u00e9s destacades \u00e9s la <strong>crani complet d&#039;un home d&#039;entre 35 i 45 anys<\/strong>, localitzat a la galeria m\u00e9s interna de la cova. Es va trobar a\u00efllat, en una disposici\u00f3 inusual, protegit per pedres, i la seva dataci\u00f3 (3400 aC) el situa aproximadament quatre segles abans que la resta dels soterraments. La identificaci\u00f3 d&#039;elements de tancament en dos \u00e0mbits interns de la cova va permetre una conservaci\u00f3 excepcional d&#039;objectes vinculats a l&#039;ornament dels difunts ia l&#039;aixovar que acompanyava els rituals funeraris. Entre ells s&#039;inclouen comptes de collaret, penjolls, destrals, azuelas, ganivets de s\u00edlex, gots cer\u00e0mics, i un excel\u00b7lent conjunt de 17 puntes de fletxa de s\u00edlex.<\/p>\n<p style=\"text-align: justify\">Finalment, i relacionats amb l&#039;\u00fas ramader del Neol\u00edtic Mitj\u00e0 es van trobar les restes \u00f2ssies de dos nens, un d&#039;aproximadament 7-8 anys i un altre nounat. El seu estudi va revelar diverses marques a la superf\u00edcie dels ossos, com a talls realitzats amb \u00fatils de s\u00edlex, fractures per a l&#039;extracci\u00f3 de la medul\u00b7la i mossegades humanes. Aquests senyals evidencien un tractament particular dels cossos despr\u00e9s de la mort, suggerint la <strong>pr\u00e0ctica del canibalisme<\/strong> <strong>com un ritu funerari vinculat al dol<\/strong>. Aquest acte podria haver estat una manera d&#039;expressar un gest afectu\u00f3s, un reconeixement de la connexi\u00f3 amb un \u00e9sser estimat o proper, el lla\u00e7 del qual es volia preservar.<\/p>\n<p>&nbsp;<\/p>","protected":false},"excerpt":{"rendered":"<p>El Museo Arqueol\u00f3gico de Alicante ha inaugurado esta ma\u00f1ana una exposici\u00f3n que recoge las investigaciones<span class=\"excerpt-hellip\"> [\u2026]<\/span><\/p>\n","protected":false},"author":8,"featured_media":48355,"comment_status":"open","ping_status":"open","sticky":false,"template":"","format":"standard","meta":{"kia_subtitle":"El proyecto arqueol\u00f3gico, dirigido por Jorge A. Soler y Consuelo Roca de Togores, se remonta a comunidades de pastores de hace 6.400 a\u00f1os","footnotes":""},"categories":[1],"tags":[],"class_list":["post-48351","post","type-post","status-publish","format-standard","has-post-thumbnail","hentry","category-sin-categoria"],"meta_box":[],"_links":{"self":[{"href":"https:\/\/marqalicante-admin.qwair.com\/va\/wp-json\/wp\/v2\/posts\/48351","targetHints":{"allow":["GET"]}}],"collection":[{"href":"https:\/\/marqalicante-admin.qwair.com\/va\/wp-json\/wp\/v2\/posts"}],"about":[{"href":"https:\/\/marqalicante-admin.qwair.com\/va\/wp-json\/wp\/v2\/types\/post"}],"author":[{"embeddable":true,"href":"https:\/\/marqalicante-admin.qwair.com\/va\/wp-json\/wp\/v2\/users\/8"}],"replies":[{"embeddable":true,"href":"https:\/\/marqalicante-admin.qwair.com\/va\/wp-json\/wp\/v2\/comments?post=48351"}],"version-history":[{"count":2,"href":"https:\/\/marqalicante-admin.qwair.com\/va\/wp-json\/wp\/v2\/posts\/48351\/revisions"}],"predecessor-version":[{"id":48357,"href":"https:\/\/marqalicante-admin.qwair.com\/va\/wp-json\/wp\/v2\/posts\/48351\/revisions\/48357"}],"wp:featuredmedia":[{"embeddable":true,"href":"https:\/\/marqalicante-admin.qwair.com\/va\/wp-json\/wp\/v2\/media\/48355"}],"wp:attachment":[{"href":"https:\/\/marqalicante-admin.qwair.com\/va\/wp-json\/wp\/v2\/media?parent=48351"}],"wp:term":[{"taxonomy":"category","embeddable":true,"href":"https:\/\/marqalicante-admin.qwair.com\/va\/wp-json\/wp\/v2\/categories?post=48351"},{"taxonomy":"post_tag","embeddable":true,"href":"https:\/\/marqalicante-admin.qwair.com\/va\/wp-json\/wp\/v2\/tags?post=48351"}],"curies":[{"name":"wp","href":"https:\/\/api.w.org\/{rel}","templated":true}]}}