{"id":47484,"date":"2025-11-05T13:55:57","date_gmt":"2025-11-05T13:55:57","guid":{"rendered":"https:\/\/marqalicante-admin.qwair.com\/?p=47484"},"modified":"2025-11-05T13:57:22","modified_gmt":"2025-11-05T13:57:22","slug":"el-consell-aprueba-el-convenio-de-colaboracion-con-la-fundacion-cv-marq-para-apoyar-sus-gastos-de-funcionamiento","status":"publish","type":"post","link":"https:\/\/marqalicante-admin.qwair.com\/va\/el-consell-aprueba-el-convenio-de-colaboracion-con-la-fundacion-cv-marq-para-apoyar-sus-gastos-de-funcionamiento\/","title":{"rendered":"El Consell aprova el conveni de col\u00b7laboraci\u00f3 amb la Fundaci\u00f3 CV MARQ per donar suport a les despeses de funcionament"},"content":{"rendered":"<p style=\"text-align: center\"><img loading=\"lazy\" decoding=\"async\" class=\"alignnone size-medium wp-image-47485\" src=\"https:\/\/marqalicante-admin.qwair.com\/wp-content\/uploads\/2025\/11\/Yacimiento-La-Illeta-500x334.jpg\" alt=\"\" width=\"500\" height=\"334\" srcset=\"https:\/\/marqalicante-admin.qwair.com\/wp-content\/uploads\/2025\/11\/Yacimiento-La-Illeta-500x334.jpg 500w, https:\/\/marqalicante-admin.qwair.com\/wp-content\/uploads\/2025\/11\/Yacimiento-La-Illeta-300x200.jpg 300w, https:\/\/marqalicante-admin.qwair.com\/wp-content\/uploads\/2025\/11\/Yacimiento-La-Illeta-18x12.jpg 18w, https:\/\/marqalicante-admin.qwair.com\/wp-content\/uploads\/2025\/11\/Yacimiento-La-Illeta-112x75.jpg 112w, https:\/\/marqalicante-admin.qwair.com\/wp-content\/uploads\/2025\/11\/Yacimiento-La-Illeta-480x320.jpg 480w\" sizes=\"auto, (max-width:767px) 480px, 500px\" \/><\/p>\n<p>La Generalitat Valenciana destina 175.000 euros a aquesta col\u00b7laboraci\u00f3.<\/p>\n<p style=\"text-align: justify\">El Consell ha aprovat el conveni de col\u00b7laboraci\u00f3 entre la Conselleria dEducaci\u00f3, Cultura, Universitats i Ocupaci\u00f3 i la Fundaci\u00f3 de la Comunitat Valenciana MARQ per contribuir a les despeses de funcionament daquesta instituci\u00f3 alacantina.<\/p>\n<p style=\"text-align: justify\">La Generalitat destina 175.000 euros amb l&#039;objectiu de potenciar el treball realitzat per aquesta entitat en la preservaci\u00f3, coneixement i difusi\u00f3 del patrimoni arqueol\u00f2gic valenci\u00e0, especialment als municipis de la prov\u00edncia d&#039;Alacant on s&#039;ubiquen jaciments arqueol\u00f2gics.<\/p>\n<p style=\"text-align: justify\">Aquests llocs inclouen les propietats de la Diputaci\u00f3 d&#039;Alacant, com ara la Illeta (El Campello); el Tossal de Manises-Lucentum (Alacant); el Cava Gran (Agres) i la Torre Almohade (Almudaina), aix\u00ed com el Centre d&#039;Interpretaci\u00f3 de l&#039;Art Rupestre i el setge del Pla de Petracos a Castell de Castells i el Centre d&#039;Interpretaci\u00f3 i el setge neol\u00edtic de la Cova.<\/p>\n<p style=\"text-align: justify\"><strong>MARQ Fundaci\u00f3 Comunitat Valenciana<\/strong><\/p>\n<p style=\"text-align: justify\">La Fundaci\u00f3 Comunitat Valenciana MARQ \u00e9s una entitat cultural i cient\u00edfica sense \u00e0nim de lucre, amb personalitat jur\u00eddica pr\u00f2pia i seu a la construcci\u00f3 del Museu Arqueol\u00f2gic d&#039;Alacant, titularitat de la Diputaci\u00f3.<\/p>\n<p style=\"text-align: justify\">El 2001 es va establir com una f\u00f3rmula de gesti\u00f3 moderna per complementar i facilitar el treball d&#039;aquest espai muse\u00edstic. Des del 2022, la Generalitat, a trav\u00e9s del Ministeri de Cultura, col\u00b7labora amb aquest organisme a trav\u00e9s de convenis anuals.<\/p>\n<p style=\"text-align: justify\">","protected":false},"excerpt":{"rendered":"<p>La Generalitat Valenciana destina 175.000 euros a esta colaboraci\u00f3n. El Consell ha aprobado el convenio<span class=\"excerpt-hellip\"> [\u2026]<\/span><\/p>\n","protected":false},"author":8,"featured_media":47486,"comment_status":"open","ping_status":"open","sticky":false,"template":"","format":"standard","meta":{"kia_subtitle":"La Generalitat Valenciana destina 175.000 euros a esta colaboraci\u00f3n","footnotes":""},"categories":[1],"tags":[],"class_list":["post-47484","post","type-post","status-publish","format-standard","has-post-thumbnail","hentry","category-sin-categoria"],"meta_box":[],"_links":{"self":[{"href":"https:\/\/marqalicante-admin.qwair.com\/va\/wp-json\/wp\/v2\/posts\/47484","targetHints":{"allow":["GET"]}}],"collection":[{"href":"https:\/\/marqalicante-admin.qwair.com\/va\/wp-json\/wp\/v2\/posts"}],"about":[{"href":"https:\/\/marqalicante-admin.qwair.com\/va\/wp-json\/wp\/v2\/types\/post"}],"author":[{"embeddable":true,"href":"https:\/\/marqalicante-admin.qwair.com\/va\/wp-json\/wp\/v2\/users\/8"}],"replies":[{"embeddable":true,"href":"https:\/\/marqalicante-admin.qwair.com\/va\/wp-json\/wp\/v2\/comments?post=47484"}],"version-history":[{"count":3,"href":"https:\/\/marqalicante-admin.qwair.com\/va\/wp-json\/wp\/v2\/posts\/47484\/revisions"}],"predecessor-version":[{"id":47489,"href":"https:\/\/marqalicante-admin.qwair.com\/va\/wp-json\/wp\/v2\/posts\/47484\/revisions\/47489"}],"wp:featuredmedia":[{"embeddable":true,"href":"https:\/\/marqalicante-admin.qwair.com\/va\/wp-json\/wp\/v2\/media\/47486"}],"wp:attachment":[{"href":"https:\/\/marqalicante-admin.qwair.com\/va\/wp-json\/wp\/v2\/media?parent=47484"}],"wp:term":[{"taxonomy":"category","embeddable":true,"href":"https:\/\/marqalicante-admin.qwair.com\/va\/wp-json\/wp\/v2\/categories?post=47484"},{"taxonomy":"post_tag","embeddable":true,"href":"https:\/\/marqalicante-admin.qwair.com\/va\/wp-json\/wp\/v2\/tags?post=47484"}],"curies":[{"name":"wp","href":"https:\/\/api.w.org\/{rel}","templated":true}]}}