{"id":46118,"date":"2025-09-02T09:27:53","date_gmt":"2025-09-02T09:27:53","guid":{"rendered":"https:\/\/marqalicante-admin.qwair.com\/?p=46118"},"modified":"2025-09-02T09:33:29","modified_gmt":"2025-09-02T09:33:29","slug":"la-escuela-de-verano-del-marq-registra-un-lleno-total-con-la-participacion-de-360-ninos-y-ninas-de-6-a-12-anos","status":"publish","type":"post","link":"https:\/\/marqalicante-admin.qwair.com\/va\/la-escuela-de-verano-del-marq-registra-un-lleno-total-con-la-participacion-de-360-ninos-y-ninas-de-6-a-12-anos\/","title":{"rendered":"L&#039;Escola d&#039;Estiu del MARQ registra un ple total amb la participaci\u00f3 de 360 nens i nenes de 6 a 12 anys"},"content":{"rendered":"<p style=\"text-align: center\"><img loading=\"lazy\" decoding=\"async\" class=\"alignnone size-medium wp-image-46119\" src=\"https:\/\/marqalicante-admin.qwair.com\/wp-content\/uploads\/2025\/09\/cuentacuentos-500x375.jpg\" alt=\"\" width=\"500\" height=\"375\" srcset=\"https:\/\/marqalicante-admin.qwair.com\/wp-content\/uploads\/2025\/09\/cuentacuentos-500x375.jpg 500w, https:\/\/marqalicante-admin.qwair.com\/wp-content\/uploads\/2025\/09\/cuentacuentos-300x225.jpg 300w, https:\/\/marqalicante-admin.qwair.com\/wp-content\/uploads\/2025\/09\/cuentacuentos-16x12.jpg 16w, https:\/\/marqalicante-admin.qwair.com\/wp-content\/uploads\/2025\/09\/cuentacuentos-100x75.jpg 100w, https:\/\/marqalicante-admin.qwair.com\/wp-content\/uploads\/2025\/09\/cuentacuentos-480x360.jpg 480w\" sizes=\"auto, (max-width:767px) 480px, 500px\" \/><\/p>\n<p style=\"text-align: center\">La campanya &#039;Veranea 2025&#039; s&#039;ha desenvolupat al juliol i l&#039;agost amb tallers, jocs, visites guiades a les exposicions i altres activitats culturals<\/p>\n<p style=\"text-align: justify\">La campanya d&#039;activitats estivals al <strong>Museu Arqueol\u00f2gic d&#039;Alacant<\/strong> ha concl\u00f2s la seva vintena primera edici\u00f3 amb un \u201cple total\u201d despr\u00e9s de la participaci\u00f3 de 360 nens i nenes amb edats compreses entre els 6 i els 12 anys.<\/p>\n<p style=\"text-align: justify\">Promoguda <strong>des de la Fundaci\u00f3 CV MARQ<\/strong>, a trav\u00e9s de la seva Unitat de Did\u00e0ctica i el Club Llumiq, l&#039;Escola d&#039;Estiu del MARQ ha ofert al llarg d&#039;aquest estiu, un m\u00e0xim de 45 menors inscrits per setmana, una <strong>campanya de lleure i cultura<\/strong> que s&#039;ha est\u00e8s durant el juliol i l&#039;agost. Com ha explicat el diputat de Cultura, <strong>Joan de D\u00e9u Navarro<\/strong>, durant aquest per\u00edode s&#039;han dut a terme tallers, jocs, activitats, gimcanes, proves i visites guiades \u201c<u>que han servit per fer con\u00e8ixer la hist\u00f2ria de l&#039;antiga ciutat d&#039;Alacant a trav\u00e9s de l&#039;exposici\u00f3 temporal &#039;Ciutats de Llum. \u00c1kra Leuk\u00e9, Lucentum, Laqant<\/u>&#039;\u201d.<\/p>\n<p style=\"text-align: justify\">Estiu al MARQ, inaugurada el 30 de juny i clausurada el passat 22 d&#039;agost, ha desenvolupat les seves activitats als <strong>jardins del museu, aix\u00ed com a les seves sales permanents i temporals<\/strong>. Propostes com a jocs a l&#039;exterior, visualitzaci\u00f3 de tots els audiovisuals d&#039;exposici\u00f3 -tant a les sales com a les aules did\u00e0ctiques-, visita a les sales temporals i permanents del museu, han estat algunes de les accions que s&#039;han realitzat. Aix\u00ed mateix, els m\u00e9s petits tamb\u00e9 han pogut gaudir de gynkanas, aix\u00ed com de diferents tallers: confecci\u00f3 de bosses de roba, corones de llorer, armadures i <em>escutum<\/em>, entre altres.<\/p>\n<p style=\"text-align: justify\">En aquesta 21a edici\u00f3, l&#039;equip de Did\u00e0ctica de la Fundaci\u00f3 MARQ s&#039;ha marcat com a objectius <strong>transmetre de manera completa i amena els continguts del museu<\/strong> i, en aquesta ocasi\u00f3, descobrir a l&#039;exposici\u00f3 temporal &#039;Ciutats de Llum, la hist\u00f2ria antiga de la ciutat d&#039;Alacant, des del passat m\u00e9s remot fins als or\u00edgens medievals, identificar els diferents noms que ha tingut en el transcurs de la seva hist\u00f2ria i relacionar-los amb les diferents cultures o ubicar temporalment i geogr\u00e0ficament els diferents assentaments hist\u00f2rics.<\/p>\n<p style=\"text-align: justify\">Navarro ha destacat aquestes prioritats \u201c<u>que faciliten l&#039;acc\u00e9s a la cultura als m\u00e9s petits de la casa, permeten recon\u00e8ixer la funci\u00f3 de l&#039;arqueologia com a vehicle de coneixement hist\u00f2ric, valorar i protegir el patrimoni hist\u00f2ric, cultural, mediambiental i arqueol\u00f2gic, aix\u00ed com aprendre a visitar amb respecte una instituci\u00f3 cultural i treure-li el m\u00e0xim partit, fomentant el treball en equip i la cooperaci\u00f3 entre companys<\/u>\u201d.<\/p>\n<p style=\"text-align: justify\">","protected":false},"excerpt":{"rendered":"<p>La campa\u00f1a \u2018Veranea 2025\u2019 se ha desarrollado en julio y agosto con talleres, juegos, visitas<span class=\"excerpt-hellip\"> [\u2026]<\/span><\/p>\n","protected":false},"author":8,"featured_media":46120,"comment_status":"open","ping_status":"open","sticky":false,"template":"","format":"standard","meta":{"kia_subtitle":"La campa\u00f1a \u2018Veranea 2025\u2019 se ha desarrollado en julio y agosto con talleres, juegos, visitas guiadas a las exposiciones y otras actividades culturales","footnotes":""},"categories":[1],"tags":[],"class_list":["post-46118","post","type-post","status-publish","format-standard","has-post-thumbnail","hentry","category-sin-categoria"],"meta_box":[],"_links":{"self":[{"href":"https:\/\/marqalicante-admin.qwair.com\/va\/wp-json\/wp\/v2\/posts\/46118","targetHints":{"allow":["GET"]}}],"collection":[{"href":"https:\/\/marqalicante-admin.qwair.com\/va\/wp-json\/wp\/v2\/posts"}],"about":[{"href":"https:\/\/marqalicante-admin.qwair.com\/va\/wp-json\/wp\/v2\/types\/post"}],"author":[{"embeddable":true,"href":"https:\/\/marqalicante-admin.qwair.com\/va\/wp-json\/wp\/v2\/users\/8"}],"replies":[{"embeddable":true,"href":"https:\/\/marqalicante-admin.qwair.com\/va\/wp-json\/wp\/v2\/comments?post=46118"}],"version-history":[{"count":3,"href":"https:\/\/marqalicante-admin.qwair.com\/va\/wp-json\/wp\/v2\/posts\/46118\/revisions"}],"predecessor-version":[{"id":46124,"href":"https:\/\/marqalicante-admin.qwair.com\/va\/wp-json\/wp\/v2\/posts\/46118\/revisions\/46124"}],"wp:featuredmedia":[{"embeddable":true,"href":"https:\/\/marqalicante-admin.qwair.com\/va\/wp-json\/wp\/v2\/media\/46120"}],"wp:attachment":[{"href":"https:\/\/marqalicante-admin.qwair.com\/va\/wp-json\/wp\/v2\/media?parent=46118"}],"wp:term":[{"taxonomy":"category","embeddable":true,"href":"https:\/\/marqalicante-admin.qwair.com\/va\/wp-json\/wp\/v2\/categories?post=46118"},{"taxonomy":"post_tag","embeddable":true,"href":"https:\/\/marqalicante-admin.qwair.com\/va\/wp-json\/wp\/v2\/tags?post=46118"}],"curies":[{"name":"wp","href":"https:\/\/api.w.org\/{rel}","templated":true}]}}