{"id":46089,"date":"2025-08-13T08:00:09","date_gmt":"2025-08-13T08:00:09","guid":{"rendered":"https:\/\/marqalicante-admin.qwair.com\/?p=46089"},"modified":"2025-08-16T08:01:29","modified_gmt":"2025-08-16T08:01:29","slug":"la-torre-de-almudaina-celebra-el-xvi-aniversario-de-su-apertura-al-publico-con-dos-jornadas-de-puertas-abiertas","status":"publish","type":"post","link":"https:\/\/marqalicante-admin.qwair.com\/va\/la-torre-de-almudaina-celebra-el-xvi-aniversario-de-su-apertura-al-publico-con-dos-jornadas-de-puertas-abiertas\/","title":{"rendered":"La Torre d\u00b4Almudaina celebra el XVI aniversari de la seva obertura al p\u00fablic amb dues jornades de portes obertes"},"content":{"rendered":"<p style=\"text-align: center\">\u00a0<img loading=\"lazy\" decoding=\"async\" class=\"alignnone size-medium wp-image-46092\" src=\"https:\/\/marqalicante-admin.qwair.com\/wp-content\/uploads\/2025\/08\/ALMUDAINA-500x334.jpg\" alt=\"\" width=\"500\" height=\"334\" srcset=\"https:\/\/marqalicante-admin.qwair.com\/wp-content\/uploads\/2025\/08\/ALMUDAINA-500x334.jpg 500w, https:\/\/marqalicante-admin.qwair.com\/wp-content\/uploads\/2025\/08\/ALMUDAINA-300x200.jpg 300w, https:\/\/marqalicante-admin.qwair.com\/wp-content\/uploads\/2025\/08\/ALMUDAINA-18x12.jpg 18w, https:\/\/marqalicante-admin.qwair.com\/wp-content\/uploads\/2025\/08\/ALMUDAINA-112x75.jpg 112w, https:\/\/marqalicante-admin.qwair.com\/wp-content\/uploads\/2025\/08\/ALMUDAINA-480x320.jpg 480w\" sizes=\"auto, (max-width:767px) 480px, 500px\" \/><\/p>\n<ul>\n<li style=\"text-align: justify\">El diputat de Cultura, Juan de Dios Navarro, anima la ciutadania a gaudir d\u00b4aquesta proposta \u201camb la qual pretenem donar a con\u00e8ixer un enclavament \u00fanic de gran valor hist\u00f2ric i arqueol\u00f2gic\u201d<\/li>\n<\/ul>\n<p style=\"text-align: justify\">La Torre almohade d&#039;Almudaina compleix <strong>setze anys des de la seva obertura al p\u00fablic<\/strong> i per celebrar-ho, la Diputaci\u00f3 d&#039;Alacant i la Fundaci\u00f3 CV MARQ han organitzat unes <strong>jornades de portes obertes<\/strong> <strong>amb entrada gratu\u00efta<\/strong> que tindran lloc els dies <strong>14 i 15 d&#039;agost<\/strong>.<\/p>\n<p style=\"text-align: justify\">El diputat de Cultura,\u00a0<strong>Joan de D\u00e9u Navarro<\/strong>, ha explicat que \u201c<u>aquesta iniciativa contribueix a dinamitzar l&#039;activitat cultural i tur\u00edstica en aquesta localitat de l&#039;interior de la nostra prov\u00edncia durant el per\u00edode estival, mostrant-ne la riquesa hist\u00f2rica i paisatg\u00edstica, a m\u00e9s d&#039;impulsar la promoci\u00f3 d&#039;un enclavament \u00fanic de gran valor patrimonial com \u00e9s la Torre almohade d&#039;Almudaina, recuperada per a tota la societat despr\u00e9s de la compra el desembre de 1999 als propietaris anteriors<\/u>\u201d.<\/p>\n<p style=\"text-align: justify\"><strong>B\u00e9 d&#039;inter\u00e8s cultural<\/strong> amb categoria de <strong>Monument<\/strong>, la Torre d&#039;Almudaina \u00e9s un <strong>\u201cmuseu de lloc\u201d<\/strong> que introdueix el visitant en el coneixement i gaudi de la seva arquitectura, al paisatge que l&#039;envolta i tamb\u00e9 a la seva hist\u00f2ria. La Torre, <strong>oberta al p\u00fablic des del 14 d&#039;agost del 2009<\/strong>, formava part del recinte fortificat de la petita alqueria existent, coneguda com al-Mudayyina, origen de l&#039;actual localitat d&#039;Almudaina, a la muntanyosa comarca del Comtat, a 587 metres sobre el nivell del mar. Un poble agr\u00edcola on viuen una mica m\u00e9s d&#039;un centenar d&#039;habitants i la hist\u00f2ria dels quals est\u00e0 lligada a aquesta edificaci\u00f3 isl\u00e0mica almohade erigida a la primera meitat del segle XIII, per defensar la seva petita alqueria a les portes de la conquesta cristiana.<\/p>\n<p style=\"text-align: justify\">Les persones que vulguin gaudir d&#039;aquesta proposta cultural, que tamb\u00e9 compta amb la col\u00b7laboraci\u00f3 de l&#039;ajuntament de la localitat, poden <strong>consultar m\u00e9s informaci\u00f3<\/strong> a trav\u00e9s de la p\u00e0gina web del Museu Arqueol\u00f2gic de la Diputaci\u00f3 <a href=\"http:\/\/www.marqalicante.com\" target=\"_blank\" rel=\"noopener\">www.marqalicante.com<\/a>. L\u00b4horari de visita del dijous 14 d\u00b4agost ser\u00e0 <strong>de 9.00 a 13.00 hores i de 18.00 a 21.00 hores<\/strong>, mentre que divendres, dia 15, el monument romandr\u00e0 obert <strong>de 9:00 a 13:00 hores<\/strong>.<\/p>\n<p style=\"text-align: justify\">","protected":false},"excerpt":{"rendered":"<p>\u00a0 El diputado de Cultura, Juan de Dios Navarro, anima a la ciudadan\u00eda a disfrutar<span class=\"excerpt-hellip\"> [\u2026]<\/span><\/p>\n","protected":false},"author":8,"featured_media":46091,"comment_status":"open","ping_status":"open","sticky":false,"template":"","format":"standard","meta":{"kia_subtitle":"El monumento isl\u00e1mico reconocido como Bien de Inter\u00e9s Cultural se podr\u00e1 visitar de forma gratuita el jueves 14 y el viernes 15 de agosto","footnotes":""},"categories":[1],"tags":[],"class_list":["post-46089","post","type-post","status-publish","format-standard","has-post-thumbnail","hentry","category-sin-categoria"],"meta_box":[],"_links":{"self":[{"href":"https:\/\/marqalicante-admin.qwair.com\/va\/wp-json\/wp\/v2\/posts\/46089","targetHints":{"allow":["GET"]}}],"collection":[{"href":"https:\/\/marqalicante-admin.qwair.com\/va\/wp-json\/wp\/v2\/posts"}],"about":[{"href":"https:\/\/marqalicante-admin.qwair.com\/va\/wp-json\/wp\/v2\/types\/post"}],"author":[{"embeddable":true,"href":"https:\/\/marqalicante-admin.qwair.com\/va\/wp-json\/wp\/v2\/users\/8"}],"replies":[{"embeddable":true,"href":"https:\/\/marqalicante-admin.qwair.com\/va\/wp-json\/wp\/v2\/comments?post=46089"}],"version-history":[{"count":1,"href":"https:\/\/marqalicante-admin.qwair.com\/va\/wp-json\/wp\/v2\/posts\/46089\/revisions"}],"predecessor-version":[{"id":46093,"href":"https:\/\/marqalicante-admin.qwair.com\/va\/wp-json\/wp\/v2\/posts\/46089\/revisions\/46093"}],"wp:featuredmedia":[{"embeddable":true,"href":"https:\/\/marqalicante-admin.qwair.com\/va\/wp-json\/wp\/v2\/media\/46091"}],"wp:attachment":[{"href":"https:\/\/marqalicante-admin.qwair.com\/va\/wp-json\/wp\/v2\/media?parent=46089"}],"wp:term":[{"taxonomy":"category","embeddable":true,"href":"https:\/\/marqalicante-admin.qwair.com\/va\/wp-json\/wp\/v2\/categories?post=46089"},{"taxonomy":"post_tag","embeddable":true,"href":"https:\/\/marqalicante-admin.qwair.com\/va\/wp-json\/wp\/v2\/tags?post=46089"}],"curies":[{"name":"wp","href":"https:\/\/api.w.org\/{rel}","templated":true}]}}