{"id":46017,"date":"2025-07-08T12:26:37","date_gmt":"2025-07-08T12:26:37","guid":{"rendered":"https:\/\/marqalicante-admin.qwair.com\/?p=46017"},"modified":"2025-07-10T06:54:41","modified_gmt":"2025-07-10T06:54:41","slug":"el-marq-rescata-en-calp-la-figura-de-roger-de-lluria-a-traves-de-sus-hitos-historicos-y-la-exhibicion-de-piezas-ineditas","status":"publish","type":"post","link":"https:\/\/marqalicante-admin.qwair.com\/va\/el-marq-rescata-en-calp-la-figura-de-roger-de-lluria-a-traves-de-sus-hitos-historicos-y-la-exhibicion-de-piezas-ineditas\/","title":{"rendered":"El MARQ rescata a Calp la figura de Roger de Ll\u00faria a trav\u00e9s de les fites hist\u00f2riques i l&#039;exhibici\u00f3 de peces in\u00e8dites"},"content":{"rendered":"<p><img loading=\"lazy\" decoding=\"async\" class=\"alignnone size-medium wp-image-46018\" src=\"https:\/\/marqalicante-admin.qwair.com\/wp-content\/uploads\/2025\/07\/070825-exposicion-lluria-calp-marq-3-500x333.jpg\" alt=\"\" width=\"500\" height=\"333\" srcset=\"https:\/\/marqalicante-admin.qwair.com\/wp-content\/uploads\/2025\/07\/070825-exposicion-lluria-calp-marq-3-500x333.jpg 500w, https:\/\/marqalicante-admin.qwair.com\/wp-content\/uploads\/2025\/07\/070825-exposicion-lluria-calp-marq-3-300x200.jpg 300w, https:\/\/marqalicante-admin.qwair.com\/wp-content\/uploads\/2025\/07\/070825-exposicion-lluria-calp-marq-3-18x12.jpg 18w, https:\/\/marqalicante-admin.qwair.com\/wp-content\/uploads\/2025\/07\/070825-exposicion-lluria-calp-marq-3-113x75.jpg 113w, https:\/\/marqalicante-admin.qwair.com\/wp-content\/uploads\/2025\/07\/070825-exposicion-lluria-calp-marq-3-480x320.jpg 480w\" sizes=\"auto, (max-width:767px) 480px, 500px\" \/> <img loading=\"lazy\" decoding=\"async\" class=\"alignnone size-medium wp-image-46019\" src=\"https:\/\/marqalicante-admin.qwair.com\/wp-content\/uploads\/2025\/07\/070825-exposicion-lluria-calp-marq-2-500x333.jpg\" alt=\"\" width=\"500\" height=\"333\" srcset=\"https:\/\/marqalicante-admin.qwair.com\/wp-content\/uploads\/2025\/07\/070825-exposicion-lluria-calp-marq-2-500x333.jpg 500w, https:\/\/marqalicante-admin.qwair.com\/wp-content\/uploads\/2025\/07\/070825-exposicion-lluria-calp-marq-2-300x200.jpg 300w, https:\/\/marqalicante-admin.qwair.com\/wp-content\/uploads\/2025\/07\/070825-exposicion-lluria-calp-marq-2-18x12.jpg 18w, https:\/\/marqalicante-admin.qwair.com\/wp-content\/uploads\/2025\/07\/070825-exposicion-lluria-calp-marq-2-113x75.jpg 113w, https:\/\/marqalicante-admin.qwair.com\/wp-content\/uploads\/2025\/07\/070825-exposicion-lluria-calp-marq-2-480x320.jpg 480w\" sizes=\"auto, (max-width:767px) 480px, 500px\" \/> <img loading=\"lazy\" decoding=\"async\" class=\"size-medium wp-image-46020 aligncenter\" src=\"https:\/\/marqalicante-admin.qwair.com\/wp-content\/uploads\/2025\/07\/070825-exposicion-lluria-calp-marq-500x333.jpg\" alt=\"\" width=\"500\" height=\"333\" srcset=\"https:\/\/marqalicante-admin.qwair.com\/wp-content\/uploads\/2025\/07\/070825-exposicion-lluria-calp-marq-500x333.jpg 500w, https:\/\/marqalicante-admin.qwair.com\/wp-content\/uploads\/2025\/07\/070825-exposicion-lluria-calp-marq-300x200.jpg 300w, https:\/\/marqalicante-admin.qwair.com\/wp-content\/uploads\/2025\/07\/070825-exposicion-lluria-calp-marq-18x12.jpg 18w, https:\/\/marqalicante-admin.qwair.com\/wp-content\/uploads\/2025\/07\/070825-exposicion-lluria-calp-marq-113x75.jpg 113w, https:\/\/marqalicante-admin.qwair.com\/wp-content\/uploads\/2025\/07\/070825-exposicion-lluria-calp-marq-480x320.jpg 480w\" sizes=\"auto, (max-width:767px) 480px, 500px\" \/><\/p>\n<ul>\n<li><u>L&#039;exposici\u00f3 coincideix amb el 720\u00e8 aniversari de la mort del noble, que va deixar una profunda empremta patrimonial al nord de la prov\u00edncia d&#039;Alacant<\/u><\/li>\n<\/ul>\n<p style=\"text-align: justify\">El <strong>MARQ<\/strong> ha presentat aquest mat\u00ed a Calp una exposici\u00f3 que recupera la figura de <strong>Roger de Ll\u00faria<\/strong> i la seva segona dona, <strong>Saurina d&#039;Enten\u00e7a<\/strong>, quan es compleixen 720 anys de la mort del noble, la traject\u00f2ria del qual va deixar una profunda empremta hist\u00f2rica i patrimonial al jaciment de la Pobla d&#039;Ifac.<\/p>\n<p style=\"text-align: justify\">El diputat de Cultura, <strong>Joan de D\u00e9u Navarro<\/strong>, i l&#039;alcaldessa de Calp, <strong>Ana Sala<\/strong>, han inaugurat a la<strong> Casa de Cultura Jaume Pastor i Fluix\u00e0<\/strong> la mostra, en qu\u00e8 tamb\u00e9 han col\u00b7laborat la <strong>Fundaci\u00f3 CV MARQ<\/strong> i la <strong>Fundaci\u00f3 Banc Sabadell<\/strong>, aix\u00ed com els ajuntaments de Calp i Cocentaina, localitat que tamb\u00e9 acollir\u00e0 l?exposici\u00f3 itinerant per la seva vinculaci\u00f3 amb el personatge medieval.<\/p>\n<p style=\"text-align: justify\"><u>\u201c\u00c9s molt satisfactori veure materialitzades en aquesta exposici\u00f3 m\u00e9s de dues d\u00e8cades de treball i investigaci\u00f3 al jaciment medieval de la Pobla d&#039;Ifac impulsats des de la Diputaci\u00f3 d&#039;Alacant, a trav\u00e9s del MARQ, gr\u00e0cies als programes d&#039;ajuts per a la conservaci\u00f3, recuperaci\u00f3 i difusi\u00f3 de l&#039;extraordinari llegat patrimonial que atresorem a la prov\u00edncia<\/u>\u201d, ha manifestat el diputat.<\/p>\n<p style=\"text-align: justify\">&#039;Ll\u00faria, Senyors i Senyores de la Terra&#039; ha tret a la llum p\u00fablica per primera vegada dues de les peces m\u00e9s importants descobertes a les excavacions de la <strong>Pobla d&#039;Ifac<\/strong>, part de la <strong>volta de l&#039;esgl\u00e9sia de Santa Maria d&#039;Ifac<\/strong> i una <strong>finestra de la resid\u00e8ncia senyorial<\/strong> que conserva un espectacular capitell. A m\u00e9s, la mostra inclou <strong>un relat gr\u00e0fic<\/strong>, a tall de c\u00f2mic, que recorre les principals fites de la vida d&#039;aquests dos nobles amb escenes hist\u00f2riques inspirades en les <strong>il\u00b7lustracions medievals de la B\u00edblia Morgan<\/strong>.<\/p>\n<p style=\"text-align: justify\">La proposta est\u00e0 comissariada pel t\u00e8cnic del MARQ i director de les excavacions a la Pobla d&#039;Ifac, <strong>Jos\u00e9 Luis Men\u00e9ndez<\/strong>, especialista en arqueologia medieval, i compta amb la coordinaci\u00f3 en cadascuna de les itiner\u00e0ncies de <strong>Amparo Gonz\u00e1lez Mart\u00ednez<\/strong>, coordinadora de Cultura de l&#039;Ajuntament de Calp, i de <strong>Elisa Domenech Faus<\/strong>, t\u00e8cnica del Museu Municipal Palau Comtal de Cocentaina. Men\u00e9ndez ha destacat la investigaci\u00f3 i els treballs duts a terme al jaciment arqueol\u00f2gic calp\u00ed que, entre moltes altres conclusions, han impulsat la posada en valor de la figura de Roger de Ll\u00faria i Saurina d&#039;Enten\u00e7a, \u201c<u>ja que tots dos van marcar de manera significativa el desenvolupament de Calp i Cocentaina i van exercir una influ\u00e8ncia transcendental sobre l&#039;evoluci\u00f3 d&#039;aquesta regi\u00f3<\/u>\u201d De fet, la mostra itinerant, dissenyada per <strong>\u00c1ngel Rocamora Arquitectes,<\/strong> compta amb ambdues localitats com a seus expositives.<\/p>\n<p style=\"text-align: justify\">L&#039;acte ha comptat amb l&#039;assist\u00e8ncia, a m\u00e9s, de l&#039;alcalde de Cocentaina, <strong>Rub\u00e9n Mu\u00f1oz S\u00e1nchez<\/strong>, el regidor de Cultura de Calp, <strong>Guillem Sendra<\/strong>, el director del MARQ, <strong>Manuel Olcina<\/strong>, el gerent de la Fundaci\u00f3 CV MARQ, <strong>Josep Albert Cort\u00e9s<\/strong>, i el representant de la Fundaci\u00f3 Banc Sabadell, <strong>Gordon Steinecke<\/strong>.<\/p>\n<p style=\"text-align: justify\">L&#039;exposici\u00f3 a la <strong>Casa de Cultura Jaume Pastor i Fluix\u00e0<\/strong> romandr\u00e0 oberta durant els mesos de juliol i agost, de dilluns a divendres, en horari de 8.30 a 14.00 hores, amb acc\u00e9s gratu\u00eft. A Cocentaina la mostra es podr\u00e0 visitar durant tot un any a partir d&#039;octubre de 2025 a la <strong>Sala d&#039;exposicions del Palau Comtal<\/strong>.<\/p>\n<p>&nbsp;<\/p>\n<p>&nbsp;<\/p>\n<p>&nbsp;<\/p>","protected":false},"excerpt":{"rendered":"<p>La exposici\u00f3n coincide con el 720 aniversario de la muerte del noble, que dej\u00f3 una<span class=\"excerpt-hellip\"> [\u2026]<\/span><\/p>\n","protected":false},"author":8,"featured_media":46018,"comment_status":"open","ping_status":"open","sticky":false,"template":"","format":"standard","meta":{"kia_subtitle":"","footnotes":""},"categories":[1],"tags":[],"class_list":["post-46017","post","type-post","status-publish","format-standard","has-post-thumbnail","hentry","category-sin-categoria"],"meta_box":[],"_links":{"self":[{"href":"https:\/\/marqalicante-admin.qwair.com\/va\/wp-json\/wp\/v2\/posts\/46017","targetHints":{"allow":["GET"]}}],"collection":[{"href":"https:\/\/marqalicante-admin.qwair.com\/va\/wp-json\/wp\/v2\/posts"}],"about":[{"href":"https:\/\/marqalicante-admin.qwair.com\/va\/wp-json\/wp\/v2\/types\/post"}],"author":[{"embeddable":true,"href":"https:\/\/marqalicante-admin.qwair.com\/va\/wp-json\/wp\/v2\/users\/8"}],"replies":[{"embeddable":true,"href":"https:\/\/marqalicante-admin.qwair.com\/va\/wp-json\/wp\/v2\/comments?post=46017"}],"version-history":[{"count":3,"href":"https:\/\/marqalicante-admin.qwair.com\/va\/wp-json\/wp\/v2\/posts\/46017\/revisions"}],"predecessor-version":[{"id":46024,"href":"https:\/\/marqalicante-admin.qwair.com\/va\/wp-json\/wp\/v2\/posts\/46017\/revisions\/46024"}],"wp:featuredmedia":[{"embeddable":true,"href":"https:\/\/marqalicante-admin.qwair.com\/va\/wp-json\/wp\/v2\/media\/46018"}],"wp:attachment":[{"href":"https:\/\/marqalicante-admin.qwair.com\/va\/wp-json\/wp\/v2\/media?parent=46017"}],"wp:term":[{"taxonomy":"category","embeddable":true,"href":"https:\/\/marqalicante-admin.qwair.com\/va\/wp-json\/wp\/v2\/categories?post=46017"},{"taxonomy":"post_tag","embeddable":true,"href":"https:\/\/marqalicante-admin.qwair.com\/va\/wp-json\/wp\/v2\/tags?post=46017"}],"curies":[{"name":"wp","href":"https:\/\/api.w.org\/{rel}","templated":true}]}}