{"id":46012,"date":"2025-07-08T06:43:51","date_gmt":"2025-07-08T06:43:51","guid":{"rendered":"https:\/\/marqalicante-admin.qwair.com\/?p=46012"},"modified":"2025-07-08T06:43:51","modified_gmt":"2025-07-08T06:43:51","slug":"expertos-arqueologos-divulgaran-la-historia-antigua-de-alicante-y-los-inicios-del-medievo","status":"publish","type":"post","link":"https:\/\/marqalicante-admin.qwair.com\/va\/expertos-arqueologos-divulgaran-la-historia-antigua-de-alicante-y-los-inicios-del-medievo\/","title":{"rendered":"Experts arque\u00f2legs divulgaran la hist\u00f2ria antiga d&#039;Alacant i els inicis de l&#039;edat mitjana"},"content":{"rendered":"<p style=\"text-align: center\"><img loading=\"lazy\" decoding=\"async\" class=\"alignnone size-medium wp-image-46013\" src=\"https:\/\/marqalicante-admin.qwair.com\/wp-content\/uploads\/2025\/07\/11719-1230038-500x334.jpg\" alt=\"\" width=\"500\" height=\"334\" srcset=\"https:\/\/marqalicante-admin.qwair.com\/wp-content\/uploads\/2025\/07\/11719-1230038-500x334.jpg 500w, https:\/\/marqalicante-admin.qwair.com\/wp-content\/uploads\/2025\/07\/11719-1230038-300x200.jpg 300w, https:\/\/marqalicante-admin.qwair.com\/wp-content\/uploads\/2025\/07\/11719-1230038-18x12.jpg 18w, https:\/\/marqalicante-admin.qwair.com\/wp-content\/uploads\/2025\/07\/11719-1230038-112x75.jpg 112w, https:\/\/marqalicante-admin.qwair.com\/wp-content\/uploads\/2025\/07\/11719-1230038-480x320.jpg 480w\" sizes=\"auto, (max-width:767px) 480px, 500px\" \/><\/p>\n<ul>\n<li><strong>Durant els dies 8, 9 i 10 de juliol al MARQ i dins del cicle de confer\u00e8ncies sobre l&#039;exposici\u00f3 temporal Ciutats de Llum <\/strong><\/li>\n<\/ul>\n<p style=\"text-align: justify\">El MARQ es convertir\u00e0 els dies 8, 9 i 10 de juliol al punt de trobada d&#039;experts arque\u00f2legs nacionals que oferiran les seves an\u00e0lisis sobre l&#039;etapa ib\u00e8rica, Roma i el per\u00edode compr\u00e8s pels visigots i la primera \u00e8poca isl\u00e0mica a la pen\u00ednsula ib\u00e8rica. La Fundaci\u00f3 CV MARQ ha programat un cicle de confer\u00e8ncies al voltant de l&#039;actual <strong>exposici\u00f3 temporal del MARQ \u201cCiutats de Llum\u201d<\/strong> amb l&#039;objectiu de divulgar la Hist\u00f2ria Antiga i els inicis de l&#039;Edat Mitjana a l&#039;\u00e0rea urbana alacantina, oferint un marc de refer\u00e8ncia cronol\u00f2gica i espacial m\u00e9s \u00e0mplia, a nivell regional i peninsular, que permetin la seva contextualitzaci\u00f3 hist\u00f2rica.<\/p>\n<p style=\"text-align: justify\">Les confer\u00e8ncies tindran lloc al sal\u00f3 d&#039;actes del MARQ els dies 8, 9 i 10 de juliol, de 17.30 a 20.00 hores, amb una durada de 40 minuts, organitzades en tres blocs tem\u00e0tics i temporals \u2013\u00c8poca Ib\u00e8rica, Esplendor de Roma i Cap a un m\u00f3n nou\u2013, que abordaran successivament fins al proper 7 de setembre es pot visitar al MARQ, oferint cada sessi\u00f3 dues confer\u00e8ncies marc que il\u00b7lustrin el per\u00edode analitzat, impartides per especialistes en la mat\u00e8ria, i una pon\u00e8ncia espec\u00edfica, centrada en les dades a nivell local, a c\u00e0rrec de cadascun dels membres de l&#039;equip que investiga el jaciment alacant\u00ed del Tossal de Manises.<\/p>\n<p style=\"text-align: justify\">El Cicle de Confer\u00e8ncies dirigit pel director del MARQ, Manuel Olcina, es completa amb dues visites guiades pels comissaris de l&#039;exposici\u00f3, el mateix Olcina, els arque\u00f2legs de la Fundaci\u00f3 MARQ Antonio Guilabert i Eva Tendero, i l&#039;arquitecte col\u00b7laborador del MARQ, Rafael P\u00e9rez, una a les sales d&#039;exposici\u00f3 temporal i una al jaciment del Tossal, visi\u00f3 global que acostar\u00e0 el coneixement dels or\u00edgens i l&#039;evoluci\u00f3 de la Hist\u00f2ria Antiga i de l&#039;Alta Edat Mitjana d&#039;Alacant al p\u00fablic general.<\/p>\n<p style=\"text-align: justify\">Les pon\u00e8ncies seran a c\u00e0rrec de Feliciana Sala Sell\u00e9s, de la Universitat d&#039;Alacant; Eduardo Ferrer Albelda, de la Universitat de Sevilla; Manuel Olcina Dom\u00e9nech, director del MARQ; \u00c1ngel Morillo Cerd\u00e1n, de la Universitat Complutense de Madrid; Jos\u00e9 Luis Jim\u00e9nez Salvador, de la Universitat de Val\u00e8ncia; Sebasti\u00e1n Ramallo Asensio, de la Universitat de M\u00farcia; Sonia Guti\u00e9rrez Lloret, de la Universitat d&#039;Alacant; i dels t\u00e8cnics arque\u00f2legs de la Fundaci\u00f3 CV MARQ i comissaris de l&#039;exposici\u00f3 Ciutats de Llum, Eva botiguer Porras i Antonio Guilabert Mas. A m\u00e9s, en la visita al jaciment se&#039;ls unir\u00e0 l&#039;arquitecte Rafael P\u00e9rez Jim\u00e9nez, que tamb\u00e9 forma part del comissariat de la mostra.<\/p>\n<p style=\"text-align: justify\">Amb entrada lliure fins a completar aforament, m\u00e9s informaci\u00f3 a:\u00a0<a href=\"https:\/\/reunionescientificas.marqalicante.com\/ciclo-de-conferencias-ciudades-de-luz\/\" target=\"_blank\" rel=\"noopener\">Cicle de confer\u00e8ncies CIUTATS DE LLUM \u2013 Reunions Cient\u00edfiques MARQ<\/a><\/p>\n<p style=\"text-align: justify\">\n<p style=\"text-align: justify\">\n<p style=\"text-align: justify\">\n<p style=\"text-align: justify\">\n<p style=\"text-align: justify\">\n<p style=\"text-align: justify\">\n<p>&nbsp;<\/p>","protected":false},"excerpt":{"rendered":"<p>Durante los d\u00edas 8, 9 y 10 de julio en el MARQ y dentro del<span class=\"excerpt-hellip\"> [\u2026]<\/span><\/p>\n","protected":false},"author":8,"featured_media":46014,"comment_status":"open","ping_status":"open","sticky":false,"template":"","format":"standard","meta":{"kia_subtitle":"","footnotes":""},"categories":[1],"tags":[],"class_list":["post-46012","post","type-post","status-publish","format-standard","has-post-thumbnail","hentry","category-sin-categoria"],"meta_box":[],"_links":{"self":[{"href":"https:\/\/marqalicante-admin.qwair.com\/va\/wp-json\/wp\/v2\/posts\/46012","targetHints":{"allow":["GET"]}}],"collection":[{"href":"https:\/\/marqalicante-admin.qwair.com\/va\/wp-json\/wp\/v2\/posts"}],"about":[{"href":"https:\/\/marqalicante-admin.qwair.com\/va\/wp-json\/wp\/v2\/types\/post"}],"author":[{"embeddable":true,"href":"https:\/\/marqalicante-admin.qwair.com\/va\/wp-json\/wp\/v2\/users\/8"}],"replies":[{"embeddable":true,"href":"https:\/\/marqalicante-admin.qwair.com\/va\/wp-json\/wp\/v2\/comments?post=46012"}],"version-history":[{"count":2,"href":"https:\/\/marqalicante-admin.qwair.com\/va\/wp-json\/wp\/v2\/posts\/46012\/revisions"}],"predecessor-version":[{"id":46016,"href":"https:\/\/marqalicante-admin.qwair.com\/va\/wp-json\/wp\/v2\/posts\/46012\/revisions\/46016"}],"wp:featuredmedia":[{"embeddable":true,"href":"https:\/\/marqalicante-admin.qwair.com\/va\/wp-json\/wp\/v2\/media\/46014"}],"wp:attachment":[{"href":"https:\/\/marqalicante-admin.qwair.com\/va\/wp-json\/wp\/v2\/media?parent=46012"}],"wp:term":[{"taxonomy":"category","embeddable":true,"href":"https:\/\/marqalicante-admin.qwair.com\/va\/wp-json\/wp\/v2\/categories?post=46012"},{"taxonomy":"post_tag","embeddable":true,"href":"https:\/\/marqalicante-admin.qwair.com\/va\/wp-json\/wp\/v2\/tags?post=46012"}],"curies":[{"name":"wp","href":"https:\/\/api.w.org\/{rel}","templated":true}]}}