{"id":45194,"date":"2025-03-25T13:01:13","date_gmt":"2025-03-25T13:01:13","guid":{"rendered":"https:\/\/marqalicante-admin.qwair.com\/?p=45194"},"modified":"2025-03-25T13:01:13","modified_gmt":"2025-03-25T13:01:13","slug":"el-marq-amplia-a-septiembre-la-exposicion-ciudades-de-luz-que-ha-recibido-19-000-visitas-en-tres-meses","status":"publish","type":"post","link":"https:\/\/marqalicante-admin.qwair.com\/va\/el-marq-amplia-a-septiembre-la-exposicion-ciudades-de-luz-que-ha-recibido-19-000-visitas-en-tres-meses\/","title":{"rendered":"El MARQ amplia el setembre l&#039;exposici\u00f3 &#039;Ciutats de llum&#039;, que ha rebut 19.000 visites en tres mesos"},"content":{"rendered":"<p style=\"text-align: center\"><img loading=\"lazy\" decoding=\"async\" class=\"alignnone size-medium wp-image-45195\" src=\"https:\/\/marqalicante-admin.qwair.com\/wp-content\/uploads\/2025\/03\/ciudades-de-luz-500x333.jpg\" alt=\"\" width=\"500\" height=\"333\" srcset=\"https:\/\/marqalicante-admin.qwair.com\/wp-content\/uploads\/2025\/03\/ciudades-de-luz-500x333.jpg 500w, https:\/\/marqalicante-admin.qwair.com\/wp-content\/uploads\/2025\/03\/ciudades-de-luz-300x200.jpg 300w, https:\/\/marqalicante-admin.qwair.com\/wp-content\/uploads\/2025\/03\/ciudades-de-luz-18x12.jpg 18w, https:\/\/marqalicante-admin.qwair.com\/wp-content\/uploads\/2025\/03\/ciudades-de-luz-113x75.jpg 113w, https:\/\/marqalicante-admin.qwair.com\/wp-content\/uploads\/2025\/03\/ciudades-de-luz-480x320.jpg 480w\" sizes=\"auto, (max-width:767px) 480px, 500px\" \/><\/p>\n<p style=\"text-align: justify\">La mostra &#039;Ciutats de llum. \u00c1kra Leuk\u00e9, Lucentum, Laqant&#039; prorrogar\u00e0 la seva estada al MARQ fins al proper <strong>7 de setembre <\/strong>davant la <strong>excel\u00b7lent resposta del p\u00fablic<\/strong>, que ha superat totes les expectatives assolint els <strong>19.000 visitants<\/strong> quan es compleixen tres mesos des de la inauguraci\u00f3.<\/p>\n<p style=\"text-align: justify\">Com ha recordat el diputat de Cultura, <strong>Joan de D\u00e9u Navarro<\/strong>, aquesta <strong>proposta de producci\u00f3 pr\u00f2pia<\/strong> \u00e9s la mostra <strong>temporal que m\u00e9s superf\u00edcie ha ocupat<\/strong> en la hist\u00f2ria del museu i t\u00e9 com a finalitat il\u00b7lustrar la successi\u00f3 de <strong>enclavaments antics<\/strong> que van habitar el paratge de <strong>L&#039;Albufereta<\/strong> d&#039;Alacant, emprant com <strong>eix vertebrador<\/strong> el jaciment arqueol\u00f2gic del <strong>Tossal de Manises<\/strong>.<\/p>\n<p style=\"text-align: justify\">Impulsada per la <strong>Diputaci\u00f3 d&#039;Alacant<\/strong> a trav\u00e9s del Museu Arqueol\u00f2gic d&#039;Alacant i la Fundaci\u00f3 CV MARQ, la mostra ha comptat amb la col\u00b7laboraci\u00f3 d&#039;una <strong>trenta entitats culturals espanyoles<\/strong> entre museus, arxius i fundacions que han prestat part dels seus fons, peces i materials, per exhibir-los al p\u00fablic, juntament amb les de la instituci\u00f3 provincial, que custodia el MARQ.<\/p>\n<p style=\"text-align: justify\">El <strong>jaciment arqueol\u00f2gic del Tossal de Manises<\/strong> \u00e9s l&#039;eix vertebrador d&#039;aquesta exposici\u00f3 que posa el focus en la investigaci\u00f3, la restauraci\u00f3, la posada en valor, la protecci\u00f3 i la divulgaci\u00f3 del propi jaciment que l&#039;han convertit en un espai socialitzat obert a la ciutadania. &#039;Ciutats de Llum&#039; est\u00e0 omissariada per <strong>Manuel Olcina<\/strong>, director del MARQ, <strong>Rafael P\u00e9rez<\/strong>, director de l&#039;\u00c0rea d&#039;Arquitectura de la Diputaci\u00f3 i pels t\u00e8cnics d&#039;Arqueologia de la Fundaci\u00f3 CV MARQ, <strong>Eva Tendero<\/strong> i <strong>Antonio Guilabert<\/strong>.<\/p>\n<p style=\"text-align: justify\">De les 19.000 persones que ja l&#039;han visitada destaca al r\u00e0nquing de <strong>proced\u00e8ncies internacionals<\/strong> visites del p\u00fablic de pa\u00efsos de l&#039;Est, seguits de Gran Bretanya, Am\u00e8rica, Pa\u00efsos N\u00f2rdics, Fran\u00e7a, Pa\u00efsos Baixos i Alemanya. Respecte de les <strong>proced\u00e8ncies nacionals<\/strong>, m\u00e9s enll\u00e0 de les de la nostra prov\u00edncia, en primer lloc trobem les provinents de Madrid, seguits de Castella-la Manxa, Val\u00e8ncia, Andalusia i Castella Lle\u00f3.<\/p>\n<p style=\"text-align: justify\">","protected":false},"excerpt":{"rendered":"<p>La muestra \u2018Ciudades de luz. \u00c1kra Leuk\u00e9, Lucentum, Laqant\u2019 prorrogar\u00e1 su estancia en el MARQ<span class=\"excerpt-hellip\"> [\u2026]<\/span><\/p>\n","protected":false},"author":8,"featured_media":45186,"comment_status":"open","ping_status":"open","sticky":false,"template":"","format":"standard","meta":{"kia_subtitle":"","footnotes":""},"categories":[1],"tags":[],"class_list":["post-45194","post","type-post","status-publish","format-standard","has-post-thumbnail","hentry","category-sin-categoria"],"meta_box":[],"_links":{"self":[{"href":"https:\/\/marqalicante-admin.qwair.com\/va\/wp-json\/wp\/v2\/posts\/45194","targetHints":{"allow":["GET"]}}],"collection":[{"href":"https:\/\/marqalicante-admin.qwair.com\/va\/wp-json\/wp\/v2\/posts"}],"about":[{"href":"https:\/\/marqalicante-admin.qwair.com\/va\/wp-json\/wp\/v2\/types\/post"}],"author":[{"embeddable":true,"href":"https:\/\/marqalicante-admin.qwair.com\/va\/wp-json\/wp\/v2\/users\/8"}],"replies":[{"embeddable":true,"href":"https:\/\/marqalicante-admin.qwair.com\/va\/wp-json\/wp\/v2\/comments?post=45194"}],"version-history":[{"count":1,"href":"https:\/\/marqalicante-admin.qwair.com\/va\/wp-json\/wp\/v2\/posts\/45194\/revisions"}],"predecessor-version":[{"id":45196,"href":"https:\/\/marqalicante-admin.qwair.com\/va\/wp-json\/wp\/v2\/posts\/45194\/revisions\/45196"}],"wp:featuredmedia":[{"embeddable":true,"href":"https:\/\/marqalicante-admin.qwair.com\/va\/wp-json\/wp\/v2\/media\/45186"}],"wp:attachment":[{"href":"https:\/\/marqalicante-admin.qwair.com\/va\/wp-json\/wp\/v2\/media?parent=45194"}],"wp:term":[{"taxonomy":"category","embeddable":true,"href":"https:\/\/marqalicante-admin.qwair.com\/va\/wp-json\/wp\/v2\/categories?post=45194"},{"taxonomy":"post_tag","embeddable":true,"href":"https:\/\/marqalicante-admin.qwair.com\/va\/wp-json\/wp\/v2\/tags?post=45194"}],"curies":[{"name":"wp","href":"https:\/\/api.w.org\/{rel}","templated":true}]}}