{"id":36013,"date":"2025-03-12T10:24:14","date_gmt":"2025-03-12T10:24:14","guid":{"rendered":"https:\/\/marqalicante-admin.qwair.com\/?p=36013"},"modified":"2025-03-26T11:55:28","modified_gmt":"2025-03-26T11:55:28","slug":"el-yacimiento-de-la-cova-de-lor-de-beniarres-retoma-este-fin-de-semana-su-programa-de-visitas-guiadas-2","status":"publish","type":"post","link":"https:\/\/marqalicante-admin.qwair.com\/va\/el-yacimiento-de-la-cova-de-lor-de-beniarres-retoma-este-fin-de-semana-su-programa-de-visitas-guiadas-2\/","title":{"rendered":"El jaciment de la Cova de l&#039;Or de Beniarr\u00e9s repr\u00e8n aquest cap de setmana el programa de visites guiades"},"content":{"rendered":"<p><img loading=\"lazy\" decoding=\"async\" class=\"alignnone size-medium wp-image-36014 aligncenter\" src=\"https:\/\/marqalicante-admin.qwair.com\/wp-content\/uploads\/2025\/03\/Cova-delor1-500x329.jpg\" alt=\"\" width=\"500\" height=\"329\" srcset=\"https:\/\/marqalicante-admin.qwair.com\/wp-content\/uploads\/2025\/03\/Cova-delor1-500x329.jpg 500w, https:\/\/marqalicante-admin.qwair.com\/wp-content\/uploads\/2025\/03\/Cova-delor1-300x197.jpg 300w, https:\/\/marqalicante-admin.qwair.com\/wp-content\/uploads\/2025\/03\/Cova-delor1-18x12.jpg 18w, https:\/\/marqalicante-admin.qwair.com\/wp-content\/uploads\/2025\/03\/Cova-delor1-114x75.jpg 114w, https:\/\/marqalicante-admin.qwair.com\/wp-content\/uploads\/2025\/03\/Cova-delor1-480x316.jpg 480w\" sizes=\"auto, (max-width:767px) 480px, 500px\" \/><\/p>\n<p>El jaciment arqueol\u00f2gic de<strong> la Cova de l&#039;Or de Beniarr\u00e9s<\/strong> <strong>repr\u00e8n aquest dissabte 15 de mar\u00e7<\/strong> <strong>el programa de visites guiades<\/strong>. La Fundaci\u00f3 CV MARQ gestiona al costat de l&#039;Ajuntament de la localitat aquesta interessant proposta, que ofereix al visitant un recorregut complet tant pel Centre d&#039;Interpretaci\u00f3 com pel propi enclavament.<\/p>\n<p>L&#039;activitat, que se&#039;n podr\u00e0 gaudir <strong>dissabtes i diumenges fins el proper 13 de juliol<\/strong>, comen\u00e7a amb una <strong>visita guiada al Centre d\u00b4Interpretaci\u00f3<\/strong>inclou un recorregut pel museu i la projecci\u00f3 d&#039;un v\u00eddeo per contextualitzar l&#039;espai i el seu entorn. Des d&#039;all\u00e0, <strong>l&#039;itinerari continua amb vehicle<\/strong> -incl\u00f2s al servei ofert- <strong>fins a l&#039;inici del sender<\/strong> que condueix al jaciment.<\/p>\n<p>Despr\u00e9s d&#039;un petit recorregut a peu on els visitants podran gaudir de la rica flora i fauna de la Vall del Benicadell, <strong>s&#039;accedeix a l&#039;interior de la cova<\/strong>, on els assistents reben una <strong>explicaci\u00f3 detallada de la forma de vida<\/strong>,<strong> usos i costums<\/strong> dels pobladors que hi van habitar fa m\u00e9s de 7.000 anys.<\/p>\n<p>\u201c<u>La Cova de l\u00b4Or \u00e9s un jaciment arqueol\u00f2gic de refer\u00e8ncia internacional del Neol\u00edtic que ha estat convertit en Museu de Lloc per la Diputaci\u00f3 d\u00b4Alacant, a trav\u00e9s de les \u00e0rees d\u00b4Arquitectura i de Cultura, amb l\u00b4objectiu de protegir, difondre i preservar el seu alt valor hist\u00f2ric<\/u>\u201d, ha assenyalat el diputat de Cultura, <strong>Joan de D\u00e9u Navarro<\/strong>.<\/p>\n<p>Les persones interessades en aquesta proposta poden reservar la vostra entrada o consultar m\u00e9s informaci\u00f3 a trav\u00e9s de la p\u00e0gina web <a href=\"http:\/\/www.marqalicante.com\" target=\"_blank\" rel=\"noopener\">www.marqalicante.com<\/a>. El <strong>horari de visites al jaciment i al<\/strong> <strong>Centre d&#039;Interpretaci\u00f3 \u00e9s de 9.00 a 14.00 hores<\/strong> <strong>i les sortides cap a la cova es fan a les 9:00 ia les 11:30 hores<\/strong> -dissabtes i diumenges-.<\/p>\n<p>Elevada a 675 metres sobre el nivell del mar, la Cova de l&#039;Or es troba al vessant meridional del conjunt de relleus que conforma la\u00a0<strong>Serra del Benicadell<\/strong>. Acull al seu interior un jaciment arqueol\u00f2gic d&#039;enorme import\u00e0ncia per al coneixement i la investigaci\u00f3 del neol\u00edtic de la fa\u00e7ana mediterr\u00e0nia de la pen\u00ednsula Ib\u00e8rica. La qualitat i significaci\u00f3 del material arqueol\u00f2gic trobat a les excavacions plantejades des dels <strong>anys trenta del segle XX<\/strong> fan veure que la cavitat constituiria un lloc de refer\u00e8ncia social per als pobladors d&#039;origen mediterrani que, a mitjan VI mil\u00b7lenni aC, van introduir a aquestes valls la pr\u00e0ctica de l&#039;agricultura i la ramaderia.<\/p>\n<p>A la Cova de l&#039;Or s&#039;han trobat elements materials que testimonien la import\u00e0ncia de la <strong>ocupaci\u00f3 al Neol\u00edtic Antic (5500-5000 aC)<\/strong>, quan l&#039;enclavament va constituir un lloc idoni per a l&#039;habitaci\u00f3. A aquesta \u00e8poca hist\u00f2rica corresponen les acumulacions de llavors de blat i ordi, pr\u00f2pies d&#039;antics cultius, localitzades al seu interior, aix\u00ed com les cer\u00e0miques impreses amb petxina, destacant aquelles que presenten en la seva decoraci\u00f3 figures humanes amb els bra\u00e7os al\u00e7ats, soles en posici\u00f3 d&#039;orant o en grup evocant una dansa.<\/p>\n<p>El <strong>simbolisme d&#039;aquesta terrisseria es defineix dins del vessant moble de l&#039;Art Macroesquem\u00e0tic<\/strong>, la qual cosa vincula la cavitat amb els santuaris d&#039;Art Rupestre d&#039;aquesta cronologia, com la Sarga a Alcoi o el Pla de Petracos al Castell de Castells, i pot haver participat la Cova de l&#039;Or d&#039;algun tipus de cicle ritual vinculat a aquests enclavaments de reuni\u00f3 i trobada.<\/p>\n<p>&nbsp;<\/p>","protected":false},"excerpt":{"rendered":"<p>El yacimiento arqueol\u00f3gico de la Cova de l\u2019Or de Beniarr\u00e9s retoma este s\u00e1bado 15 de<span class=\"excerpt-hellip\"> [\u2026]<\/span><\/p>\n","protected":false},"author":8,"featured_media":45206,"comment_status":"open","ping_status":"open","sticky":false,"template":"","format":"standard","meta":{"kia_subtitle":"La Fundaci\u00f3n CV MARQ gestiona esta propuesta que ofrece un completo recorrido, tanto por el Centro de Interpretaci\u00f3n como por el propio enclave","footnotes":""},"categories":[1],"tags":[],"class_list":["post-36013","post","type-post","status-publish","format-standard","has-post-thumbnail","hentry","category-sin-categoria"],"meta_box":[],"_links":{"self":[{"href":"https:\/\/marqalicante-admin.qwair.com\/va\/wp-json\/wp\/v2\/posts\/36013","targetHints":{"allow":["GET"]}}],"collection":[{"href":"https:\/\/marqalicante-admin.qwair.com\/va\/wp-json\/wp\/v2\/posts"}],"about":[{"href":"https:\/\/marqalicante-admin.qwair.com\/va\/wp-json\/wp\/v2\/types\/post"}],"author":[{"embeddable":true,"href":"https:\/\/marqalicante-admin.qwair.com\/va\/wp-json\/wp\/v2\/users\/8"}],"replies":[{"embeddable":true,"href":"https:\/\/marqalicante-admin.qwair.com\/va\/wp-json\/wp\/v2\/comments?post=36013"}],"version-history":[{"count":2,"href":"https:\/\/marqalicante-admin.qwair.com\/va\/wp-json\/wp\/v2\/posts\/36013\/revisions"}],"predecessor-version":[{"id":36017,"href":"https:\/\/marqalicante-admin.qwair.com\/va\/wp-json\/wp\/v2\/posts\/36013\/revisions\/36017"}],"wp:featuredmedia":[{"embeddable":true,"href":"https:\/\/marqalicante-admin.qwair.com\/va\/wp-json\/wp\/v2\/media\/45206"}],"wp:attachment":[{"href":"https:\/\/marqalicante-admin.qwair.com\/va\/wp-json\/wp\/v2\/media?parent=36013"}],"wp:term":[{"taxonomy":"category","embeddable":true,"href":"https:\/\/marqalicante-admin.qwair.com\/va\/wp-json\/wp\/v2\/categories?post=36013"},{"taxonomy":"post_tag","embeddable":true,"href":"https:\/\/marqalicante-admin.qwair.com\/va\/wp-json\/wp\/v2\/tags?post=36013"}],"curies":[{"name":"wp","href":"https:\/\/api.w.org\/{rel}","templated":true}]}}