{"id":34786,"date":"2024-10-02T13:48:00","date_gmt":"2024-10-02T13:48:00","guid":{"rendered":"https:\/\/marqalicante-admin.qwair.com\/2024\/10\/02\/el-marq-clausura-la-exposicion-dinastias-con-unas-jornadas-de-puertas-abiertas-los-dias-12-y-13-de-octubre\/"},"modified":"2024-10-02T13:48:00","modified_gmt":"2024-10-02T13:48:00","slug":"el-marq-clausura-la-exposicion-dinastias-con-unas-jornadas-de-puertas-abiertas-los-dias-12-y-13-de-octubre","status":"publish","type":"post","link":"https:\/\/marqalicante-admin.qwair.com\/va\/el-marq-clausura-la-exposicion-dinastias-con-unas-jornadas-de-puertas-abiertas-los-dias-12-y-13-de-octubre\/","title":{"rendered":"El MARQ clou l&#039;exposici\u00f3 &#039;Dinasties&#039; amb unes jornades de portes obertes els dies 12 i 13 d&#039;octubre"},"content":{"rendered":"<p style=\"margin-left:0cm; margin-right:0cm; text-align:center\"><img decoding=\"async\" alt=\"\" src=\"\/contenido\/genericas\/100224%20exposicion%20dinastias%202.jpg\" style=\"height:750px; width:500px\" \/><\/p>\n<p style=\"margin-left:0cm; margin-right:0cm; text-align:justify\"><span style=\"font-size:11pt\"><span style=\"font-family:Calibri,sans-serif\"><span style=\"color:black\"><span style=\"font-family:&quot;Verdana&quot;,sans-serif\">Amb motiu de la <strong>cloenda de l&#039;exposici\u00f3<\/strong> &#039;Dinasties. Els primers regnes de l&#039;Europa prehist\u00f2rica&#039;, el MARQ ha organitzat unes jornades de <strong>portes obertes els dies 12 i 13 d&#039;octubre<\/strong>. A m\u00e9s, el <strong>dimecres 9 d&#039;octubre<\/strong> tant el museu com els jaciments oferiran l&#039;entrada gratu\u00efta per commemorar el <strong>Dia de la Comunitat Valenciana<\/strong>.<\/span><\/span><\/span><\/span><\/p>\n<p style=\"margin-left:0cm; margin-right:0cm; text-align:justify\"><span style=\"font-size:11pt\"><span style=\"font-family:Calibri,sans-serif\"><span style=\"color:black\"><span style=\"font-family:&quot;Verdana&quot;,sans-serif\">El Museu Arqueol\u00f2gic d&#039;Alacant ha programat aquestes propostes, que inclouen l&#039;ampliaci\u00f3 de l&#039;horari habitual el dissabte 12 \u2013 de <strong>10:00 a 19:00 hores-<\/strong>, per oferir l&#039;oportunitat a tots els p\u00fablics de visitar aquesta <strong>mostra internacional, \u00fanica a Espanya,<\/strong> <\/span><span style=\"font-family:&quot;Verdana&quot;,sans-serif\">sobre els primers regnes de l&#039;Europa prehist\u00f2rica. Durant el darrer cap de setmana d&#039;exhibici\u00f3, &#039;Dinastias&#039;<\/span> <span style=\"font-family:&quot;Verdana&quot;,sans-serif\">no oferir\u00e0 <\/span><span style=\"font-family:&quot;Verdana&quot;,sans-serif\">visites guiades i el p\u00fablic hi accedir\u00e0 per ordre d&#039;arribada fins a una hora abans del tancament del Museu.<\/span><\/span><\/span><\/span><\/p>\n<p style=\"margin-left:0cm; margin-right:0cm; text-align:justify\"><span style=\"font-size:12pt\"><span style=\"font-family:&quot;Times New Roman&quot;,serif\"><span style=\"font-size:11.0pt\"><span style=\"font-family:&quot;Verdana&quot;,sans-serif\">La mostra, inaugurada el mes de mar\u00e7 passat, inclou <strong>peces in\u00e8dites<\/strong> i <strong>obres mestres<\/strong> de la <strong>Edat del Bronze<\/strong>, algunes de les quals s&#039;exhibeixen per primera vegada a Espanya. El contingut ronda els <strong>500 objectes<\/strong>, entre els quals destaca una reproducci\u00f3 del <strong>Disc de Nebra<\/strong> i part del seu tresor. Es tracta de la primera representaci\u00f3 coneguda de la volta celeste a Europa, inclosa al <strong>Registre de la Mem\u00f2ria del M\u00f3n de la UNESCO<\/strong> des del 2013.<\/span><\/span><\/span><\/span><\/p>\n<p style=\"margin-left:0cm; margin-right:0cm; text-align:justify\"><span style=\"font-size:12pt\"><span style=\"font-family:&quot;Times New Roman&quot;,serif\"><span style=\"font-size:11.0pt\"><span style=\"font-family:&quot;Verdana&quot;,sans-serif\">El diputat de Cultura, <strong>Joan de D\u00e9u Navarro<\/strong>, ha animat els ciutadans que encara no hagin visitat la proposta a aprofitar aquest tipus d&#039;iniciatives, \u201cque <\/span><\/span><span style=\"font-size:11.0pt\"><span style=\"font-family:&quot;Verdana&quot;,sans-serif\">suposen un pol d&#039;atracci\u00f3 i una manera d&#039;injectar cultura a la societat en general ia les persones a qui atrau la novetat que manifesta aquesta exposici\u00f3, que es remunta a milers d&#039;anys, amb peces que no s&#039;han exhibit mai abans, per a contemplar societats que tenien molts elements en com\u00fa<\/span><\/span><span style=\"font-size:11.0pt\"><span style=\"font-family:&quot;Verdana&quot;,sans-serif\">\u201d. <\/span><\/span><\/span><\/span><\/p>\n<p style=\"margin-left:0cm; margin-right:0cm; text-align:justify\"><span style=\"font-size:12pt\"><span style=\"font-family:&quot;Times New Roman&quot;,serif\"><span style=\"font-size:11.0pt\"><span style=\"font-family:&quot;Verdana&quot;,sans-serif\">D&#039;altra banda, i com cada<\/span><\/span><span style=\"font-size:11.0pt\"><span style=\"font-family:&quot;Verdana&quot;,sans-serif\"> any, el <strong>MARQ<\/strong> celebrar\u00e0 el 9 d&#039;octubre, Dia de la Comunitat Valenciana, amb una <strong>jornada de portes obertes<\/strong>, en el seu horari habitual d&#039;obertura al p\u00fablic en festius, per visitar de manera gratu\u00efta tant el<\/span><\/span><span style=\"font-size:11.0pt\"><span style=\"font-family:&quot;Verdana&quot;,sans-serif\"> museu com els <\/span><\/span><strong><span style=\"font-size:11.0pt\"><span style=\"font-family:&quot;Verdana&quot;,sans-serif\">jaciments arqueol\u00f2gics de Lucentum<\/span><\/span><\/strong><span style=\"font-size:11.0pt\"><span style=\"font-family:&quot;Verdana&quot;,sans-serif\"> a Alacant i <strong>La Illeta dels Banyets<\/strong> al Campello, aix\u00ed com a la <strong>Torre d&#039;Almudaina<\/strong> a El Comtat<\/span><\/span><span style=\"font-size:11.0pt\"><span style=\"font-family:&quot;Verdana&quot;,sans-serif\">.<\/span><\/span><\/span><\/span><\/p>\n<p style=\"margin-left:0cm; margin-right:0cm; text-align:justify\"><span style=\"font-size:12pt\"><span style=\"font-family:&quot;Times New Roman&quot;,serif\"><span style=\"font-size:11.0pt\"><span style=\"font-family:&quot;Verdana&quot;,sans-serif\">Aix\u00ed mateix, cal recordar que dissabte que ve, 5 d&#039;octubre, tornar\u00e0 a obrir al p\u00fablic <strong>la Cova de l&#039;Or<\/strong> i el seu centre d&#039;interpretaci\u00f3 ubicat a Beniarr\u00e9s despr\u00e9s de les obres de millora realitzades. <\/span><\/span><span style=\"font-size:11.0pt\"><span style=\"font-family:&quot;Verdana&quot;,sans-serif\">s&#039;obre a <strong>675 metres sobre el nivell del mar <\/strong>al vessant meridional de la Serra del Benicadell i recull al seu interior un <strong>jaciment arqueol\u00f2gic d&#039;enorme import\u00e0ncia<\/strong> per al coneixement i la investigaci\u00f3 del Neol\u00edtic, es podr\u00e0 realitzar fins al dia 24 de novembre, pr\u00e8via concertaci\u00f3. <\/span><\/span><\/span><\/span><\/p>","protected":false},"excerpt":{"rendered":"<p>Con motivo de la clausura de la exposici&oacute;n &lsquo;Dinast&iacute;as. Los primeros reinos de la Europa<span class=\"excerpt-hellip\"> [\u2026]<\/span><\/p>\n","protected":false},"author":3,"featured_media":0,"comment_status":"open","ping_status":"open","sticky":false,"template":"","format":"standard","meta":{"kia_subtitle":"","footnotes":""},"categories":[],"tags":[],"class_list":["post-34786","post","type-post","status-publish","format-standard","hentry"],"meta_box":[],"_links":{"self":[{"href":"https:\/\/marqalicante-admin.qwair.com\/va\/wp-json\/wp\/v2\/posts\/34786","targetHints":{"allow":["GET"]}}],"collection":[{"href":"https:\/\/marqalicante-admin.qwair.com\/va\/wp-json\/wp\/v2\/posts"}],"about":[{"href":"https:\/\/marqalicante-admin.qwair.com\/va\/wp-json\/wp\/v2\/types\/post"}],"author":[{"embeddable":true,"href":"https:\/\/marqalicante-admin.qwair.com\/va\/wp-json\/wp\/v2\/users\/3"}],"replies":[{"embeddable":true,"href":"https:\/\/marqalicante-admin.qwair.com\/va\/wp-json\/wp\/v2\/comments?post=34786"}],"version-history":[{"count":0,"href":"https:\/\/marqalicante-admin.qwair.com\/va\/wp-json\/wp\/v2\/posts\/34786\/revisions"}],"wp:attachment":[{"href":"https:\/\/marqalicante-admin.qwair.com\/va\/wp-json\/wp\/v2\/media?parent=34786"}],"wp:term":[{"taxonomy":"category","embeddable":true,"href":"https:\/\/marqalicante-admin.qwair.com\/va\/wp-json\/wp\/v2\/categories?post=34786"},{"taxonomy":"post_tag","embeddable":true,"href":"https:\/\/marqalicante-admin.qwair.com\/va\/wp-json\/wp\/v2\/tags?post=34786"}],"curies":[{"name":"wp","href":"https:\/\/api.w.org\/{rel}","templated":true}]}}