{"id":34779,"date":"2024-09-10T11:41:00","date_gmt":"2024-09-10T11:41:00","guid":{"rendered":"https:\/\/marqalicante-admin.qwair.com\/2024\/09\/10\/la-fundacion-marq-presenta-la-guia-educativa-a-la-comunidad-escolar\/"},"modified":"2024-09-10T11:41:00","modified_gmt":"2024-09-10T11:41:00","slug":"la-fundacion-marq-presenta-la-guia-educativa-a-la-comunidad-escolar","status":"publish","type":"post","link":"https:\/\/marqalicante-admin.qwair.com\/va\/la-fundacion-marq-presenta-la-guia-educativa-a-la-comunidad-escolar\/","title":{"rendered":"La Fundaci\u00f3 MARQ presenta la Guia Educativa a la comunitat escolar"},"content":{"rendered":"<p style=\"text-align:center\">&nbsp;<img decoding=\"async\" alt=\"\" src=\"\/contenido\/genericas\/WhatsApp%20Image%202024-09-11%20at%2011_32_09%20(002)(1).jpg\" style=\"height:281px; width:500px\" \/><\/p>\n<p style=\"text-align:justify\"><span style=\"font-family:&quot;Arial&quot;,sans-serif\">La Fundaci\u00f3 CV MARQ ha donat a con\u00e8ixer la guia educativa 2024-25 a mestres i professors amb l&#039;objectiu d&#039;oferir eines i recursos que enriqueixin l&#039;experi\u00e8ncia educativa dels nostres estudiants en la visita tant al MARQ com als monuments i jaciments que gestiona la Diputaci\u00f3 d&#039;Alacant, mitjan\u00e7ant la Fundaci\u00f3 MARQ.<\/span><\/p>\n<p style=\"text-align:justify\"><span style=\"font-family:&quot;Arial&quot;,sans-serif\">Juan de Dios Navarro Caballero, diputat de Cultura i vicepresident de la Fundaci\u00f3 MARQ ha assenyalat a la presentaci\u00f3 de la guia que \u201cel viatge educatiu que es proposa s&#039;inicia a la Prehist\u00f2ria i finalitza a l&#039;Edat Moderna i va acompanyat de jocs, contes i v\u00eddeos, aix\u00ed com de tallers did\u00e0ctics adaptats que permeten als escolars participar activament en la reproducci\u00f3 d&#039;elements decoratius de cer\u00e0miques iberes, telers o mosaics romans o art rupestre\u201d. de l&#039;arqueologia, aprofundir en la hist\u00f2ria de la nostra prov\u00edncia i en la de les civilitzacions i les cultures que ens han precedit\u201d.<\/span><\/p>\n<p style=\"text-align:justify\"><span style=\"font-family:&quot;Arial&quot;,sans-serif\">Durant el curs escolar que ara s&#039;inicia, des de la Fundaci\u00f3 CV MARQ es continuaran oferint els <\/span><span style=\"font-family:&quot;Arial&quot;,sans-serif\">tallers d&#039;excavaci\u00f3 iniciats fa dos cursos, perqu\u00e8 l&#039;alumnat pugui con\u00e8ixer com funciona l&#039;arqueologia, tal com ja ho feien als jaciments. Amb l&#039;oferiment a aquells centres, la jornada dels quals sigui cont\u00ednua o com a activitat extraescolar, perqu\u00e8 realitzin tallers did\u00e0ctics tamb\u00e9 en horari de tarda. <\/span><\/p>\n<p style=\"margin-left:0cm; margin-right:0cm; text-align:justify\"><span style=\"font-size:12pt\"><span style=\"font-family:&quot;Times New Roman&quot;,serif\"><span style=\"font-family:&quot;Arial&quot;,sans-serif\">Un altre dels programes amb continu\u00eftat aquest 2024-25 \u00e9s <em>Aula en l\u00ednia amb el MARQ<\/em>, en qu\u00e8, a trav\u00e9s de la nostra p\u00e0gina web <\/span><a href=\"http:\/\/www.marqalicante.com\" target=\"_blank\" rel=\"noopener\"><span style=\"font-family:&quot;Arial&quot;,sans-serif\">www.marqalicante.com<\/span><\/a>,<span style=\"font-family:&quot;Arial&quot;,sans-serif\">&nbsp; oferim 148 guies did\u00e0ctiques (en pdf i interactives), v\u00eddeos educatius, lectura f\u00e0cil i pictogrames, activitats, jocs i contes entre altres que abasten des d&#039;Educaci\u00f3 Infantil fins a Secund\u00e0ria i Batxillerat, com un material valuos\u00edssim per treballar i aprendre a l&#039;aula ia casa , abans o despr\u00e9s de la visita a les nostres instal\u00b7lacions.<\/span><\/span><\/span><\/p>\n<p style=\"text-align:justify\"><span style=\"font-family:&quot;Arial&quot;,sans-serif\">A m\u00e9s de la programaci\u00f3 educativa per a l&#039;alumnat d&#039;infantil, prim\u00e0ria i secund\u00e0ria, la Unitat de Did\u00e0ctica, Accessibilitat, Club Llumiq i Responsabilitat Social de la Fundaci\u00f3 CV MARQ ha programat tamb\u00e9 jornades per al professorat, en uns cursos reconeguts per la Conselleria d&#039;Educaci\u00f3 de la Generalitat Valenciana.<\/span><\/p>\n<p style=\"text-align:justify\"><span style=\"font-family:&quot;Arial&quot;,sans-serif\">En el per\u00edode que abasta el curs escolar 2024-25, el MARQ comptar\u00e0 amb dues exposicions temporals. <em>Dinastia. Els primers regnes de l&#039;Europa Prehist\u00f2rica<\/em>, fins al proper 13 d&#039;octubre i la propera exposici\u00f3 sobre el jaciment alacant\u00ed de Lucentum,<\/span><span style=\"font-family:&quot;Arial&quot;,sans-serif\"> sota el suggestiu t\u00edtol de <em>Ciutats de Llum<\/em>, que ocupar\u00e0 les nostres sales de finals de desembre de 2024 a maig de 2025.<\/span><\/p>\n<p style=\"margin-left:0cm; margin-right:0cm\">&nbsp;<\/p>","protected":false},"excerpt":{"rendered":"<p>&nbsp; La Fundaci&oacute;n CV MARQ ha dado a conocer la gu&iacute;a educativa 2024-25 a maestros<span class=\"excerpt-hellip\"> [\u2026]<\/span><\/p>\n","protected":false},"author":3,"featured_media":0,"comment_status":"open","ping_status":"open","sticky":false,"template":"","format":"standard","meta":{"kia_subtitle":"","footnotes":""},"categories":[],"tags":[],"class_list":["post-34779","post","type-post","status-publish","format-standard","hentry"],"meta_box":[],"_links":{"self":[{"href":"https:\/\/marqalicante-admin.qwair.com\/va\/wp-json\/wp\/v2\/posts\/34779","targetHints":{"allow":["GET"]}}],"collection":[{"href":"https:\/\/marqalicante-admin.qwair.com\/va\/wp-json\/wp\/v2\/posts"}],"about":[{"href":"https:\/\/marqalicante-admin.qwair.com\/va\/wp-json\/wp\/v2\/types\/post"}],"author":[{"embeddable":true,"href":"https:\/\/marqalicante-admin.qwair.com\/va\/wp-json\/wp\/v2\/users\/3"}],"replies":[{"embeddable":true,"href":"https:\/\/marqalicante-admin.qwair.com\/va\/wp-json\/wp\/v2\/comments?post=34779"}],"version-history":[{"count":0,"href":"https:\/\/marqalicante-admin.qwair.com\/va\/wp-json\/wp\/v2\/posts\/34779\/revisions"}],"wp:attachment":[{"href":"https:\/\/marqalicante-admin.qwair.com\/va\/wp-json\/wp\/v2\/media?parent=34779"}],"wp:term":[{"taxonomy":"category","embeddable":true,"href":"https:\/\/marqalicante-admin.qwair.com\/va\/wp-json\/wp\/v2\/categories?post=34779"},{"taxonomy":"post_tag","embeddable":true,"href":"https:\/\/marqalicante-admin.qwair.com\/va\/wp-json\/wp\/v2\/tags?post=34779"}],"curies":[{"name":"wp","href":"https:\/\/api.w.org\/{rel}","templated":true}]}}