{"id":34778,"date":"2024-09-09T11:32:00","date_gmt":"2024-09-09T11:32:00","guid":{"rendered":"https:\/\/marqalicante-admin.qwair.com\/2024\/09\/09\/el-marq-pone-en-marcha-el-horario-de-invierno-y-programa-pases-guiados-y-visitas-teatralizadas-para-la-nueva-temporada\/"},"modified":"2024-09-09T11:32:00","modified_gmt":"2024-09-09T11:32:00","slug":"el-marq-pone-en-marcha-el-horario-de-invierno-y-programa-pases-guiados-y-visitas-teatralizadas-para-la-nueva-temporada","status":"publish","type":"post","link":"https:\/\/marqalicante-admin.qwair.com\/va\/el-marq-pone-en-marcha-el-horario-de-invierno-y-programa-pases-guiados-y-visitas-teatralizadas-para-la-nueva-temporada\/","title":{"rendered":"El MARQ posa en marxa l&#039;horari d&#039;hivern i programa passes guiades i visites teatralitzades per a la nova temporada"},"content":{"rendered":"<p>&nbsp;<img decoding=\"async\" alt=\"\" src=\"\/contenido\/genericas\/03524_029DFR%20(002).jpg\" style=\"height:388px; width:500px\" \/><\/p>\n<p style=\"margin-left:0cm; margin-right:0cm; text-align:justify\"><span style=\"font-size:12pt\"><span style=\"background-color:white\"><span style=\"font-family:&quot;Times New Roman&quot;,serif\"><span style=\"font-family:&quot;Arial&quot;,sans-serif\"><span style=\"color:black\">&nbsp;<strong>&nbsp;&nbsp;&nbsp;&nbsp;&nbsp;&nbsp;&nbsp;&nbsp;&nbsp;<\/strong>La Fundaci\u00f3 CV MARQ ha adaptat els horaris tant del museu com dels jaciments arqueol\u00f2gics de<strong>&nbsp;<\/strong><strong><span style=\"font-family:&quot;Arial&quot;,sans-serif\">La Illeta al Campello, Lucentum a l&#039;Albufereta, aix\u00ed com de la Torre Almohade d&#039;Almudaina<\/span><\/strong>&nbsp;per adequar-los a l&#039;horari d&#039;hivern. Durant aquest per\u00edode,&nbsp;<strong><span style=\"font-family:&quot;Arial&quot;,sans-serif\">el MARQ obrir\u00e0 les portes de dimarts a dissabte de manera ininterrompuda, des de les 10 del mat\u00ed fins a les 19 hores,<\/span><\/strong><strong>&nbsp;<\/strong>i els diumenges i festius, de les 10 a les 14 hores. Els jaciments de La Illeta i Lucentum obriran de dimarts a dissabte de 10 a 14 i de 15:30 a 17:30 hores, i els diumenges i festius de 10 a 14. hores. L&#039;horari de la Torre almohade d&#039;Almudaina ser\u00e0 de dimarts a diumenge de 10 a 13 hores, i romandr\u00e0 oberta al p\u00fablic. tamb\u00e9 i en horari de tarda els dissabtes de 16 a 19 hores. Els dilluns tots els centres romandran tancats al p\u00fablic.<\/span><\/span><\/span><\/span><\/span><\/p>\n<p style=\"margin-left:0cm; margin-right:0cm; text-align:justify\"><span style=\"font-size:12pt\"><span style=\"background-color:white\"><span style=\"font-family:&quot;Times New Roman&quot;,serif\"><span style=\"font-family:&quot;Arial&quot;,sans-serif\"><span style=\"color:black\">A m\u00e9s, dins de l&#039;horari d&#039;hivern, la programaci\u00f3 de les&nbsp;<strong><span style=\"font-family:&quot;Arial&quot;,sans-serif\">visites guiades<\/span><\/strong>&nbsp;a l&#039;exposici\u00f3 temporal &#039;Dinasties&#039; seran dissabte i diumenge a les 10.30 en valenci\u00e0, 11.30 en angl\u00e8s i 12.30 en castell\u00e0, a m\u00e9s dels dissabtes a les 17.30 hores. Els darrers dies per visitar l&#039;exposici\u00f3 temporal seran els dies 12 i 13 d&#039;octubre. Amb <strong>Jornades de Portes Obertes<\/strong> els dies 9 d&#039;octubre amb motiu del Dia de la Comunitat Valenciana, i els dies 12 i 13 d&#039;octubre, amb motiu del Dia de la Hispanitat i el comiat d&#039;una Exposici\u00f3 Internacional extraordin\u00e0ria que ens ha acompanyat des de la inauguraci\u00f3 al p\u00fablic el passat 26 de mar\u00e7, jornades de portes obertes amb acc\u00e9s lliure fins a una hora abans del tancament del museu.&nbsp;&nbsp; <\/span><\/span><\/span><\/span><\/span><\/p>\n<p style=\"margin-left:0cm; margin-right:0cm; text-align:justify\"><span style=\"font-size:12pt\"><span style=\"background-color:white\"><span style=\"font-family:&quot;Times New Roman&quot;,serif\"><span style=\"font-family:&quot;Arial&quot;,sans-serif\"><span style=\"color:black\">Les&nbsp;<strong><span style=\"font-family:&quot;Arial&quot;,sans-serif\">visites teatralitzades<\/span><\/strong>&nbsp;a l&#039;exposici\u00f3 internacional temporal del 20 de setembre a l&#039;11 d&#039;octubre seran els divendres i els dissabtes a les 17 hores i els diumenges a les 12 hores.<\/span><\/span><\/span><\/span><\/span><\/p>\n<p style=\"margin-left:0cm; margin-right:0cm; text-align:justify\"><span style=\"font-size:12pt\"><span style=\"background-color:white\"><span style=\"font-family:&quot;Times New Roman&quot;,serif\"><span style=\"font-family:&quot;Arial&quot;,sans-serif\"><span style=\"color:black\">Pel que fa a les visites als&nbsp;<strong><span style=\"font-family:&quot;Arial&quot;,sans-serif\">jaciments de La Illeta i de Lucentum<\/span><\/strong>, les passades guiades es realitzaran de dimarts a diumenge a les 12 hores i els dissabtes a m\u00e9s a les 16 hores. En aquests espais exteriors \u00e9s recomanable portar gorra, ampolla d&#039;aigua i protecci\u00f3 solar. A la&nbsp;<strong><span style=\"font-family:&quot;Arial&quot;,sans-serif\">torre almohade d&#039;Almudaina<\/span><\/strong>&nbsp;la visita guiada ser\u00e0 de dimarts a diumenge a les 11.30 hores i, a m\u00e9s, els dissabtes a les 16.30 hores. <\/span><\/span><\/span><\/span><\/span><\/p>\n<p style=\"margin-left:0cm; margin-right:0cm; text-align:justify\"><span style=\"font-size:12pt\"><span style=\"background-color:white\"><span style=\"font-family:&quot;Times New Roman&quot;,serif\"><span style=\"font-family:&quot;Arial&quot;,sans-serif\"><span style=\"color:black\">Aix\u00ed mateix, al&nbsp;<strong><span style=\"font-family:&quot;Arial&quot;,sans-serif\">Pla de Petracs<\/span><\/strong>&nbsp;a Castell de Castells, l&#039;horari d&#039;hivern <strong>del Centre d&#039;Interpretaci\u00f3 d&#039;Art Rupestre<\/strong> ser\u00e0 els divendres i dissabtes de 11 a 13 i de 17 a 18 hores; atenent de dilluns a dijous nom\u00e9s visites pr\u00e8viament concertades al tel\u00e8fon 965 51 80 67.<\/span><\/span><\/span><\/span><\/span><\/p>\n<p style=\"margin-left:0cm; margin-right:0cm; text-align:justify\"><span style=\"font-size:12pt\"><span style=\"background-color:white\"><span style=\"font-family:&quot;Times New Roman&quot;,serif\"><span style=\"font-family:&quot;Arial&quot;,sans-serif\"><span style=\"color:black\">&nbsp;&nbsp;&nbsp;&nbsp;&nbsp;&nbsp;&nbsp;&nbsp; Finalment, els treballs de millora, adaptaci\u00f3 i ampliaci\u00f3 de recorreguts de visita a l&#039;interior del jaciment de la <strong><span style=\"font-family:&quot;Arial&quot;,sans-serif\">Cova de l&#039;Or a Beniarr\u00e9s <\/span><\/strong>que la Diputaci\u00f3 d&#039;Alacant, a trav\u00e9s de la seva \u00c0rea d&#039;Arquitectura, est\u00e0 duent a terme impossibiliten la seva reobertura al mes de setembre, i est\u00e0 prevista la represa de les visites el cap de setmana del 5-6 d&#039;octubre. mateixes tots els dissabtes i diumenges de 9 a 14 hores amb passades guiades al Jaciment a les 9:30 i 11:30 hores.<\/span><\/span><span style=\"font-family:&quot;Arial&quot;,sans-serif\"><span style=\"color:black\">isites guiades al jaciment i al centre dinterpretaci\u00f3 es realitzaran pr\u00e8via concertaci\u00f3.<\/span><\/span><\/span><\/span><\/span><\/p>\n<p style=\"margin-left:0cm; margin-right:0cm; text-align:justify\"><span style=\"font-size:12pt\"><span style=\"background-color:white\"><span style=\"font-family:&quot;Times New Roman&quot;,serif\"><span style=\"font-family:&quot;Arial&quot;,sans-serif\"><span style=\"color:black\">La&nbsp;<strong><span style=\"font-family:&quot;Arial&quot;,sans-serif\">Cava Gran d&#039;Agres<\/span><\/strong>&nbsp;compta amb visita Lliure, subjecta a la normativa del Parc Natural de Serra Mariola.<\/span><\/span><\/span><\/span><\/span><\/p>","protected":false},"excerpt":{"rendered":"<p>&nbsp; &nbsp;&nbsp;&nbsp;&nbsp;&nbsp;&nbsp;&nbsp;&nbsp;&nbsp;&nbsp;La Fundaci&oacute;n CV MARQ ha adaptado los horarios tanto del museo como de los<span class=\"excerpt-hellip\"> [\u2026]<\/span><\/p>\n","protected":false},"author":3,"featured_media":0,"comment_status":"open","ping_status":"open","sticky":false,"template":"","format":"standard","meta":{"kia_subtitle":"","footnotes":""},"categories":[],"tags":[],"class_list":["post-34778","post","type-post","status-publish","format-standard","hentry"],"meta_box":[],"_links":{"self":[{"href":"https:\/\/marqalicante-admin.qwair.com\/va\/wp-json\/wp\/v2\/posts\/34778","targetHints":{"allow":["GET"]}}],"collection":[{"href":"https:\/\/marqalicante-admin.qwair.com\/va\/wp-json\/wp\/v2\/posts"}],"about":[{"href":"https:\/\/marqalicante-admin.qwair.com\/va\/wp-json\/wp\/v2\/types\/post"}],"author":[{"embeddable":true,"href":"https:\/\/marqalicante-admin.qwair.com\/va\/wp-json\/wp\/v2\/users\/3"}],"replies":[{"embeddable":true,"href":"https:\/\/marqalicante-admin.qwair.com\/va\/wp-json\/wp\/v2\/comments?post=34778"}],"version-history":[{"count":0,"href":"https:\/\/marqalicante-admin.qwair.com\/va\/wp-json\/wp\/v2\/posts\/34778\/revisions"}],"wp:attachment":[{"href":"https:\/\/marqalicante-admin.qwair.com\/va\/wp-json\/wp\/v2\/media?parent=34778"}],"wp:term":[{"taxonomy":"category","embeddable":true,"href":"https:\/\/marqalicante-admin.qwair.com\/va\/wp-json\/wp\/v2\/categories?post=34778"},{"taxonomy":"post_tag","embeddable":true,"href":"https:\/\/marqalicante-admin.qwair.com\/va\/wp-json\/wp\/v2\/tags?post=34778"}],"curies":[{"name":"wp","href":"https:\/\/api.w.org\/{rel}","templated":true}]}}