{"id":34769,"date":"2024-07-24T14:06:00","date_gmt":"2024-07-24T14:06:00","guid":{"rendered":"https:\/\/marqalicante-admin.qwair.com\/2024\/07\/24\/la-campana-de-excavaciones-del-marq-dotada-con-114-000-euros-arranca-en-6-yacimientos-de-la-provincia\/"},"modified":"2024-07-24T14:06:00","modified_gmt":"2024-07-24T14:06:00","slug":"la-campana-de-excavaciones-del-marq-dotada-con-114-000-euros-arranca-en-6-yacimientos-de-la-provincia","status":"publish","type":"post","link":"https:\/\/marqalicante-admin.qwair.com\/va\/la-campana-de-excavaciones-del-marq-dotada-con-114-000-euros-arranca-en-6-yacimientos-de-la-provincia\/","title":{"rendered":"La campanya d&#039;excavacions del MARQ dotada amb 114.000 euros arrenca a 6 jaciments de la prov\u00edncia"},"content":{"rendered":"<p>&nbsp;<\/p>\n<p><img decoding=\"async\" alt=\"\" src=\"\/contenido\/genericas\/072424%20R_P_%20plan%20excavaciones%20marq.jpg\" style=\"height:333px; width:500px\" \/><\/p>\n<p style=\"margin-left:0cm; margin-right:0cm; text-align:justify\"><span style=\"font-size:12pt\"><span style=\"font-family:&quot;Times New Roman&quot;,serif\"><span style=\"font-family:&quot;Verdana&quot;,sans-serif\">El <strong>MARQ<\/strong> posar\u00e0 en marxa, un any m\u00e9s, el <strong>Pla d&#039;excavacions i investigacions arqueol\u00f2giques<\/strong> a <strong>sis enclavaments <\/strong>de la prov\u00edncia. Una iniciativa que, amb un pressupost de 114.000 euros, contribueix a l&#039;increment i la preservaci\u00f3 del <strong>patrimoni hist\u00f2ric i cultural<\/strong> de la prov\u00edncia.&nbsp;&nbsp; <\/span><\/span><\/span><\/p>\n<p style=\"margin-left:0cm; margin-right:0cm; text-align:justify\"><span style=\"font-size:12pt\"><span style=\"font-family:&quot;Times New Roman&quot;,serif\"><span style=\"font-family:&quot;Verdana&quot;,sans-serif\">El diputat de Cultura, <strong>Joan de D\u00e9u Navarro<\/strong>, ha presentat aquest mat\u00ed els detalls d&#039;aquesta campanya acompanyat pel director del Museu, <strong>Manuel Olcina<\/strong>, i ha manifestat que \u201cla Diputaci\u00f3 mant\u00e9 ferma la seva aposta per la investigaci\u00f3 arqueol\u00f2gica a trav\u00e9s d&#039;aquest ampli programa en mitja dotzena de jaciments, localitzats al nord, sud i centre de la prov\u00edncia, que abasten per\u00edodes des de la prehist\u00f2ria fins a la baixa edat Mitjana i ens proporcionen excel\u00b7lents eines per aprofundir en el nostre passat com a territori i coneix la nostra hist\u00f2ria\u201d.<\/span><\/span><\/span><\/p>\n<p style=\"margin-left:0cm; margin-right:0cm; text-align:justify\"><span style=\"font-size:12pt\"><span style=\"font-family:&quot;Times New Roman&quot;,serif\"><span style=\"font-family:&quot;Verdana&quot;,sans-serif\">&nbsp;&nbsp;&nbsp;&nbsp;&nbsp;&nbsp;&nbsp; Coordinat per Olcina, el pla compta amb la col\u00b7laboraci\u00f3 de <strong>27 voluntaris <\/strong>i compleix amb l&#039;objectiu de documentar i fer<strong> <\/strong>una <strong>\u00e0mplia investigaci\u00f3 cient\u00edfica<\/strong> dels <strong>troballes<\/strong>, aix\u00ed com d&#039;avan\u00e7ar en el coneixement de les <strong>antigues civilitzacions<\/strong> que van poblar diferents enclavaments del territori. La durada de les feines oscil\u00b7lar\u00e0 entre les tres i les cinc setmanes des d&#039;agost a octubre. Com ha destacat el director del MARQ, \u201cestem davant d&#039;un dels pilars de la nostra actuaci\u00f3 muse\u00edstica que, a m\u00e9s, \u00e9s una de les accions m\u00e9s potents dutes a terme per un museu espanyol\u201d<\/span><\/span><\/span><\/p>\n<p style=\"margin-left:0cm; margin-right:0cm; text-align:justify\"><span style=\"font-size:12pt\"><span style=\"font-family:&quot;Times New Roman&quot;,serif\"><strong><span style=\"font-family:&quot;Verdana&quot;,sans-serif\"><span style=\"color:black\">Illeta dels Banyets del Campello. \u00c8poca ib\u00e8rica (s. IV-III aC)<\/span><\/span><\/strong><\/span><\/span><\/p>\n<p style=\"margin-left:0cm; margin-right:0cm; text-align:justify\"><span style=\"font-size:12pt\"><span style=\"font-family:&quot;Times New Roman&quot;,serif\"><span style=\"font-family:&quot;Verdana&quot;,sans-serif\">Situat al Campello, \u00e9s un jaciment de llarga ocupaci\u00f3, des de la prehist\u00f2ria fins a l&#039;\u00e8poca romana. En aquesta edici\u00f3, com a continuaci\u00f3 de la campanya anterior, l&#039;excavaci\u00f3 se centrar\u00e0 en les estructures ib\u00e8riques (segles IV-III aC) de l&#039;\u00e0rea central de l&#039;enclavament amb l&#039;objectiu de con\u00e8ixer els sistemes constructius i la metrologia emprada. Sota la direcci\u00f3 d&#039;Olcina i <strong>Adoraci\u00f3 Mart\u00ednez<\/strong>, els treballs es prolongaran durant quatre setmanes i comptaran amb un pressupost de 23.000 euros.<\/span><\/span><\/span><\/p>\n<p style=\"margin-left:0cm; margin-right:0cm; text-align:justify\"><span style=\"font-size:12pt\"><span style=\"font-family:&quot;Times New Roman&quot;,serif\"><strong><span style=\"font-family:&quot;Verdana&quot;,sans-serif\"><span style=\"color:black\">Cap\u00e7al Mol\u00ed de Rojales.<\/span><\/span><\/strong><span style=\"font-family:&quot;Verdana&quot;,sans-serif\"><span style=\"color:black\"> <strong>\u00c8poca ermiral (segles VIII-IX)<\/strong><\/span><\/span><\/span><\/span><\/p>\n<p style=\"margin-left:0cm; margin-right:0cm; text-align:justify\"><span style=\"font-size:12pt\"><span style=\"font-family:&quot;Times New Roman&quot;,serif\"><span style=\"font-family:&quot;Verdana&quot;,sans-serif\">Aquest enclavament abra\u00e7a des de l&#039;antiguitat tardana als inicis de l&#039;edat mitjana, d&#039;\u00e8poca Isl\u00e0mica (s. VI al IX), i aquest any continuar\u00e0 amb l&#039;excavaci\u00f3 de la necr\u00f2polis del segle VI vinculada molt probablement a gent del mediterrani oriental (de l&#039;Imperi rom\u00e0 d&#039;orient o bizantins) Una part important d&#039;aquest projecte \u00e9s l&#039;estudi antropol\u00f2gic i les an\u00e0lisis d&#039;ADN dels cad\u00e0vers trobats. <strong>Juan Antonio L\u00f3pez Padilla<\/strong> i <strong>Teresa Ximenez d&#039;Emb\u00fan<\/strong>, s&#039;actuar\u00e0 durant quatre o cinc setmanes gr\u00e0cies a un pressupost de 19.000 euros.<\/span><\/span><\/span><\/p>\n<p style=\"margin-left:0cm; margin-right:0cm; text-align:justify\"><span style=\"font-size:12pt\"><span style=\"font-family:&quot;Times New Roman&quot;,serif\"><strong><span style=\"font-family:&quot;Verdana&quot;,sans-serif\"><span style=\"color:black\">El Tabay\u00e0 d&#039;Aspe. Prehist\u00f2ria, cultura de l&#039;Argar<\/span><\/span><\/strong><\/span><\/span><\/p>\n<p style=\"margin-left:36pt; margin-right:0cm; text-align:justify\"><span style=\"font-size:12pt\"><span style=\"font-family:&quot;Times New Roman&quot;,serif\"><span style=\"font-family:&quot;Verdana&quot;,sans-serif\">Aquest important jaciment de la cultura de l&#039;Argar (segon mil\u00b7lenni aC) \u00e9s un llogaret assentat sobre una elevaci\u00f3 d&#039;aspra orografia que va ser probablement un lloc de vigil\u00e0ncia i control del pas natural que durant segles va constituir el curs del Vinalop\u00f3, connectant la costa mediterr\u00e0nia amb les terres de linterior. L&#039;equip dirigit per L\u00f3pez Padilla treballar\u00e0 durant cinc setmanes per intentar con\u00e8ixer amb m\u00e9s detall les caracter\u00edstiques culturals d&#039;aquest per\u00edode prehist\u00f2ric. L?actuaci\u00f3 compta amb un pressupost de 23.000 euros.<\/span><\/span><\/span><\/p>\n<p style=\"margin-left:0cm; margin-right:0cm; text-align:justify\"><span style=\"font-size:12pt\"><span style=\"font-family:&quot;Times New Roman&quot;,serif\"><strong><span style=\"font-family:&quot;Verdana&quot;,sans-serif\"><span style=\"color:black\">Tossal de Manises d&#039;Alacant. \u00c8poca romana (segle I dC)<\/span><\/span><\/strong><\/span><\/span><\/p>\n<p style=\"margin-left:0cm; margin-right:0cm; text-align:justify\"><span style=\"font-size:12pt\"><span style=\"font-family:&quot;Times New Roman&quot;,serif\"><span style=\"font-family:&quot;Verdana&quot;,sans-serif\">Aquest any, recolzat amb un pressupost de 3.000 euros, est\u00e0 previst realitzar \u00fanicament anal\u00edtiques antracol\u00f2giques -fusta- per con\u00e8ixer les esp\u00e8cies vegetals existents a l&#039;entorn durant l&#039;Antiguitat. <\/span><\/span><\/span><\/p>\n<p style=\"margin-left:0cm; margin-right:0cm; text-align:justify\"><span style=\"font-size:12pt\"><span style=\"font-family:&quot;Times New Roman&quot;,serif\"><strong><span style=\"font-family:&quot;Verdana&quot;,sans-serif\"><span style=\"color:black\">L\u00b4Alc\u00fadia d\u00b4Elx. Ciutat ib\u00e8rica i romana<\/span><\/span><\/strong><\/span><\/span><\/p>\n<p style=\"margin-left:36pt; margin-right:0cm; text-align:justify\"><span style=\"font-size:12pt\"><span style=\"font-family:&quot;Times New Roman&quot;,serif\"><span style=\"font-family:&quot;Verdana&quot;,sans-serif\">Amb una destacada ocupaci\u00f3 ib\u00e8rica sobre la qual es va aixecar una col\u00f2nia romana, perdurant la poblaci\u00f3 fins als inicis de l&#039;Edat Mitjana, L&#039;Alc\u00fadia \u00e9s un dels jaciments arqueol\u00f2gics espanyols m\u00e9s importants. La intervenci\u00f3 consistir\u00e0 en la neteja de les estructures de les termes occidentals que formaven el front oest de la ciutat per obtenir un diagn\u00f2stic prec\u00eds de l&#039;estat de conservaci\u00f3 amb qu\u00e8 es pugui elaborar un ampli projecte de consolidaci\u00f3 i muse\u00eftzaci\u00f3. Eventualment es podria fer algun sondeig arqueol\u00f2gic per con\u00e8ixer l&#039;estat de conservaci\u00f3 d&#039;algun mur o paviment. Les estructures avui presenten un avan\u00e7at estat de degradaci\u00f3 amb perill d&#039;esfondrament de murs i paviments i aquesta actuaci\u00f3 ser\u00e0 l&#039;inici per a la definitiva recuperaci\u00f3 d&#039;aquest important edifici de la Il\u00edci romana. Sota la direcci\u00f3 d&#039;Olcina, <strong>Rafael P\u00e9rez<\/strong> (\u00c0rea d&#039;Arquitectura de la Diputaci\u00f3), <strong>Ana Ronda<\/strong> i <strong>Mercedes Botiga<\/strong> (Fundaci\u00f3 Universit\u00e0ria L&#039;Alc\u00fadia de Recerca Arqueol\u00f2gica, FUAIA, dependent de la Universitat d&#039;Alacant), les tasques es prolongaran durant cinc setmanes i comptaran amb un pressupost de 23.000 euros.<\/span><\/span><\/span><\/p>\n<p style=\"margin-left:0cm; margin-right:0cm; text-align:justify\"><span style=\"font-size:12pt\"><span style=\"font-family:&quot;Times New Roman&quot;,serif\"><strong><span style=\"font-family:&quot;Verdana&quot;,sans-serif\"><span style=\"color:black\">Pobla d&#039;Ifac de Calp.<\/span><\/span><\/strong><\/span><\/span><\/p>\n<p style=\"margin-left:36pt; margin-right:0cm; text-align:justify\"><span style=\"font-size:12pt\"><span style=\"font-family:&quot;Times New Roman&quot;,serif\"><span style=\"font-family:&quot;Verdana&quot;,sans-serif\">La dinovena actuaci\u00f3 que efectua el MARA en aquest jaciment estar\u00e0 centrada a delimitar l&#039;Edifici XIV, una estructura extramurs de la ciutat, la funci\u00f3 de la qual encara \u00e9s desconeguda i que es troba annexa a l&#039;entrada oest a la Pobla. Acabar d&#039;excavar aquest edifici i documentar-ne la funci\u00f3 ser\u00e0 el principal objectiu de la campanya dirigida per <strong>Jos\u00e9 Luis Menendez Fueyo<\/strong> que es perllongar\u00e0 durant cinc setmanes i est\u00e0 dotada amb 23.000 euros.<\/span><\/span><\/span><\/p>\n<p style=\"margin-left:0cm; margin-right:0cm; text-align:justify\">&nbsp;<\/p>\n<p style=\"margin-left:0cm; margin-right:0cm; text-align:justify\"><span style=\"font-size:12pt\"><span style=\"font-family:&quot;Times New Roman&quot;,serif\">&nbsp;<\/span><\/span><\/p>","protected":false},"excerpt":{"rendered":"<p>&nbsp; El MARQ pondr&aacute; en marcha, un a&ntilde;o m&aacute;s, el Plan de excavaciones e investigaciones<span class=\"excerpt-hellip\"> [\u2026]<\/span><\/p>\n","protected":false},"author":3,"featured_media":0,"comment_status":"open","ping_status":"open","sticky":false,"template":"","format":"standard","meta":{"kia_subtitle":"","footnotes":""},"categories":[],"tags":[],"class_list":["post-34769","post","type-post","status-publish","format-standard","hentry"],"meta_box":[],"_links":{"self":[{"href":"https:\/\/marqalicante-admin.qwair.com\/va\/wp-json\/wp\/v2\/posts\/34769","targetHints":{"allow":["GET"]}}],"collection":[{"href":"https:\/\/marqalicante-admin.qwair.com\/va\/wp-json\/wp\/v2\/posts"}],"about":[{"href":"https:\/\/marqalicante-admin.qwair.com\/va\/wp-json\/wp\/v2\/types\/post"}],"author":[{"embeddable":true,"href":"https:\/\/marqalicante-admin.qwair.com\/va\/wp-json\/wp\/v2\/users\/3"}],"replies":[{"embeddable":true,"href":"https:\/\/marqalicante-admin.qwair.com\/va\/wp-json\/wp\/v2\/comments?post=34769"}],"version-history":[{"count":0,"href":"https:\/\/marqalicante-admin.qwair.com\/va\/wp-json\/wp\/v2\/posts\/34769\/revisions"}],"wp:attachment":[{"href":"https:\/\/marqalicante-admin.qwair.com\/va\/wp-json\/wp\/v2\/media?parent=34769"}],"wp:term":[{"taxonomy":"category","embeddable":true,"href":"https:\/\/marqalicante-admin.qwair.com\/va\/wp-json\/wp\/v2\/categories?post=34769"},{"taxonomy":"post_tag","embeddable":true,"href":"https:\/\/marqalicante-admin.qwair.com\/va\/wp-json\/wp\/v2\/tags?post=34769"}],"curies":[{"name":"wp","href":"https:\/\/api.w.org\/{rel}","templated":true}]}}