{"id":34766,"date":"2024-07-09T10:35:00","date_gmt":"2024-07-09T10:35:00","guid":{"rendered":"https:\/\/marqalicante-admin.qwair.com\/2024\/07\/09\/el-marq-celebra-la-nit-en-blanc-con-puertas-abiertas-talleres-didacticos-visitas-animadas-y-teatralizadas-para-todos-los-publicos\/"},"modified":"2024-07-09T10:35:00","modified_gmt":"2024-07-09T10:35:00","slug":"el-marq-celebra-la-nit-en-blanc-con-puertas-abiertas-talleres-didacticos-visitas-animadas-y-teatralizadas-para-todos-los-publicos","status":"publish","type":"post","link":"https:\/\/marqalicante-admin.qwair.com\/va\/el-marq-celebra-la-nit-en-blanc-con-puertas-abiertas-talleres-didacticos-visitas-animadas-y-teatralizadas-para-todos-los-publicos\/","title":{"rendered":"El MARQ celebra la Nit a Blanc, amb portes obertes, tallers did\u00e0ctics, visites animades i teatralitzades per a tots els p\u00fablics"},"content":{"rendered":"<p style=\"margin-left:0cm; margin-right:0cm; text-align:center\"><img decoding=\"async\" alt=\"\" src=\"\/contenido\/genericas\/IMG_1293(1).JPG\" style=\"height:667px; width:500px\" \/><\/p>\n<p style=\"margin-left:0cm; margin-right:0cm; text-align:justify\"><span style=\"font-size:11pt\"><span style=\"font-family:Calibri,sans-serif\"><span style=\"font-family:&quot;Verdana&quot;,sans-serif\">El MARQ, Museu Arqueol\u00f2gic d&#039;Alacant, dependent de la Diputaci\u00f3 Provincial, celebra aquest proper divendres 12 de juliol <em>la Nit a Blanc dels Museus,<\/em> amb acc\u00e9s gratu\u00eft des de les 16 hores fins a les 24 hores i una programaci\u00f3 especial d&#039;activitats per a tots els p\u00fablics, amb tallers did\u00e0ctics, visites animades i teatralitzades, i un concert del Cor de Cambra Contrapunctum d&#039;Alacant que tindr\u00e0 lloc a les 22:00 hores la Sala Noble de la Biblioteca.<\/span><\/span><\/span><\/p>\n<p style=\"margin-left:0cm; margin-right:0cm; text-align:justify\"><span style=\"font-size:11pt\"><span style=\"font-family:Calibri,sans-serif\"><span style=\"font-family:&quot;Verdana&quot;,sans-serif\">La tem\u00e0tica d&#039;aquesta Jornada tindr\u00e0 com a protagonistes la col\u00b7lecci\u00f3 permanent del museu i l&#039;actual exposici\u00f3 temporal internacional <em>Dinasties. Els primers regnes de l&#039;Europa prehist\u00f2rica.<\/em><\/span><\/span><\/span><\/p>\n<p style=\"margin-left:0cm; margin-right:0cm; text-align:justify\"><span style=\"font-size:11pt\"><span style=\"font-family:Calibri,sans-serif\"><span style=\"font-family:&quot;Verdana&quot;,sans-serif\">A partir de les 16 hores, es desenvolupar\u00e0 el joc de pistes, en qu\u00e8 els participants hauran d&#039;esbrinar, una important pe\u00e7a de les que conformen l&#039;exposici\u00f3 temporal <a name=\"_Hlk169512866\"><em>Dinastia<\/em><\/a><em>.<\/em> Per resoldre el joc correctament, els participants hauran d&#039;anar recorrent progressivament les tres sales i anar resolent les preguntes plantejades si les contesten correctament resoldran el misteri.<\/span><\/span><\/span><\/p>\n<p style=\"margin-left:0cm; margin-right:0cm; text-align:justify\"><span style=\"font-size:11pt\"><span style=\"font-family:Calibri,sans-serif\"><span style=\"font-family:&quot;Verdana&quot;,sans-serif\">La visita teatralitzada es realitzar\u00e0 a les 19:30h als jardins del MARQ, per al p\u00fablic en general i sense inscripci\u00f3 pr\u00e8via. En aquesta sessi\u00f3, els nostres personatges Kiv\u00e1lo i Med\u00e9ny ens ajudaran a endinsar-nos a l&#039;exposici\u00f3 Dinastia i ens mostraran la seva \u00e8poca, l&#039;Edat del Bronze Antic, a trav\u00e9s dels objectes m\u00e9s destacats de les seves cultures que s&#039;exhibeixen a les nostres Sales. Una aventura divertida i prometedora que no us podeu perdre. <\/span><\/span><\/span><\/p>\n<p style=\"margin-left:0cm; margin-right:0cm; text-align:justify\"><span style=\"font-size:11pt\"><span style=\"font-family:Calibri,sans-serif\"><span style=\"font-family:&quot;Verdana&quot;,sans-serif\">Els tallers did\u00e0ctics tindran lloc a les 18, 19, 20 i 21 hores, tamb\u00e9<\/span><span style=\"font-family:&quot;Verdana&quot;,sans-serif\">n els jardins del MARQ i sense inscripci\u00f3 pr\u00e8via.<strong> <\/strong>En ells <\/span><span style=\"font-family:&quot;Verdana&quot;,sans-serif\">els visitants que hi participin podran decorar el seu propi bra\u00e7al d&#039;arquer;<\/span><span style=\"font-family:&quot;Verdana&quot;,sans-serif\"> reproduir el disc de Nebra i un got campaniforme<\/span><span style=\"font-family:&quot;Verdana&quot;,sans-serif\">.<\/span><\/span><\/span><\/p>\n<p style=\"margin-left:0cm; margin-right:0cm; text-align:justify\"><span style=\"font-size:11pt\"><span style=\"font-family:Calibri,sans-serif\"><span style=\"font-family:&quot;Verdana&quot;,sans-serif\">Les activitats per a les fam\u00edlies i el p\u00fablic en general finalitzaran amb una visita animada a les 19:30h, en qu\u00e8 Pira i Cavernus ens aniran descobrint la hist\u00f2ria de la prov\u00edncia d&#039;Alacant.<\/span><span style=\"font-family:&quot;Verdana&quot;,sans-serif\"> Aquesta activitat est\u00e0 recomanada per<\/span><span style=\"font-family:&quot;Verdana&quot;,sans-serif\"> p\u00fablic infantil de 3 a 8 anys acompanyat d&#039;un adult Inscripci\u00f3 telef\u00f2nica pr\u00e8via trucant al 965 149 000 oa les taquilles del museu.<\/span><\/span><\/span><\/p>\n<p style=\"margin-left:0cm; margin-right:0cm; text-align:justify\"><span style=\"font-size:11pt\"><span style=\"font-family:Calibri,sans-serif\"><span style=\"font-family:&quot;Verdana&quot;,sans-serif\">Com a colof\u00f3 i donant pas a l&#039;ampliaci\u00f3 especial d&#039;horari d&#039;obertura del museu fins a les 24:00h aquest dia tan especial, a les 22 hores tindr\u00e0 lloc un concert gratu\u00eft, limitat a l&#039;aforament de la sala (Biblioteca del MARQ), a c\u00e0rrec del Cor de Cambra Contrapunctum.<\/span><\/span><\/span><\/p>\n<p style=\"margin-left:0cm; margin-right:0cm; text-align:justify\"><span style=\"font-size:11pt\"><span style=\"font-family:Calibri,sans-serif\"><span style=\"font-family:&quot;Verdana&quot;,sans-serif\">M\u00e9s informaci\u00f3 a: <\/span><span style=\"font-family:&quot;Verdana&quot;,sans-serif\"><a href=\"http:\/\/www.marqalicante.com\" target=\"_blank\" rel=\"noopener\">www.marqalicante.com<\/a><\/span><\/span><\/span><\/p>","protected":false},"excerpt":{"rendered":"<p>El MARQ, Museo Arqueol&oacute;gico de Alicante, dependiente de la Diputaci&oacute;n Provincial, celebra este pr&oacute;ximo viernes<span class=\"excerpt-hellip\"> [\u2026]<\/span><\/p>\n","protected":false},"author":3,"featured_media":0,"comment_status":"open","ping_status":"open","sticky":false,"template":"","format":"standard","meta":{"kia_subtitle":"","footnotes":""},"categories":[],"tags":[],"class_list":["post-34766","post","type-post","status-publish","format-standard","hentry"],"meta_box":[],"_links":{"self":[{"href":"https:\/\/marqalicante-admin.qwair.com\/va\/wp-json\/wp\/v2\/posts\/34766","targetHints":{"allow":["GET"]}}],"collection":[{"href":"https:\/\/marqalicante-admin.qwair.com\/va\/wp-json\/wp\/v2\/posts"}],"about":[{"href":"https:\/\/marqalicante-admin.qwair.com\/va\/wp-json\/wp\/v2\/types\/post"}],"author":[{"embeddable":true,"href":"https:\/\/marqalicante-admin.qwair.com\/va\/wp-json\/wp\/v2\/users\/3"}],"replies":[{"embeddable":true,"href":"https:\/\/marqalicante-admin.qwair.com\/va\/wp-json\/wp\/v2\/comments?post=34766"}],"version-history":[{"count":0,"href":"https:\/\/marqalicante-admin.qwair.com\/va\/wp-json\/wp\/v2\/posts\/34766\/revisions"}],"wp:attachment":[{"href":"https:\/\/marqalicante-admin.qwair.com\/va\/wp-json\/wp\/v2\/media?parent=34766"}],"wp:term":[{"taxonomy":"category","embeddable":true,"href":"https:\/\/marqalicante-admin.qwair.com\/va\/wp-json\/wp\/v2\/categories?post=34766"},{"taxonomy":"post_tag","embeddable":true,"href":"https:\/\/marqalicante-admin.qwair.com\/va\/wp-json\/wp\/v2\/tags?post=34766"}],"curies":[{"name":"wp","href":"https:\/\/api.w.org\/{rel}","templated":true}]}}