{"id":34762,"date":"2024-06-27T12:22:00","date_gmt":"2024-06-27T12:22:00","guid":{"rendered":"https:\/\/marqalicante-admin.qwair.com\/2024\/06\/27\/la-diputacion-impulsa-la-primera-fase-del-plan-para-musealizar-el-enclave-de-els-banys-de-la-reina-de-calp\/"},"modified":"2024-06-27T12:22:00","modified_gmt":"2024-06-27T12:22:00","slug":"la-diputacion-impulsa-la-primera-fase-del-plan-para-musealizar-el-enclave-de-els-banys-de-la-reina-de-calp","status":"publish","type":"post","link":"https:\/\/marqalicante-admin.qwair.com\/va\/la-diputacion-impulsa-la-primera-fase-del-plan-para-musealizar-el-enclave-de-els-banys-de-la-reina-de-calp\/","title":{"rendered":"La Diputaci\u00f3 impulsa la primera fase del pla per muse\u00eftzar l&#039;enclavament dels Banys de la Reina de Calp"},"content":{"rendered":"<p style=\"margin-left:0cm; margin-right:0cm; text-align:center\"><img decoding=\"async\" alt=\"\" src=\"\/contenido\/genericas\/062724%20visita%20ba%C3%B1os%20de%20la%20reina%20calp%204.jpg\" style=\"height:333px; width:500px\" \/><\/p>\n<p style=\"margin-left:0cm; margin-right:0cm; text-align:justify\"><span style=\"font-size:12pt\"><span style=\"font-family:&quot;Times New Roman&quot;,serif\"><span style=\"font-size:11.0pt\"><span style=\"font-family:&quot;Verdana&quot;,sans-serif\">La diputada d&#039;Arquitectura, <strong>Carmen Sell\u00e9s<\/strong>, ha visitat aquest mat\u00ed <strong>Els<\/strong> <strong>Banys de la Reina de Calp<\/strong> per supervisar l&#039;estat de les obres, que permetran obrir al p\u00fablic el jaciment gr\u00e0cies a una subvenci\u00f3 de la <strong>Diputaci\u00f3 dAlacant de 440.000 euros<\/strong>, el 90% del pressupost total.<\/span><\/span><\/span><\/span><\/p>\n<p style=\"margin-left:0cm; margin-right:0cm; text-align:justify\"><span style=\"font-size:12pt\"><span style=\"font-family:&quot;Times New Roman&quot;,serif\"><span style=\"font-size:11.0pt\"><span style=\"font-family:&quot;Verdana&quot;,sans-serif\">L&#039;adequaci\u00f3 i posada en marxa de la Fase A del Pla Director, que va comen\u00e7ar a l&#039;abril i es prolongar\u00e0 fins a l&#039;octubre, suposa un pas m\u00e9s en aquest <strong>ambici\u00f3s projecte <\/strong>encaminat a salvaguardar l&#039;enclavament i promocionar-lo com a destacat atractiu tur\u00edstic de valor internacional. Acompanyada per l&#039;alcaldessa de la localitat, <strong>Ana Sala<\/strong>, i per la directora general de Patrimoni Cultural de la Generalitat Valenciana, <strong>Pilar T\u00e9bar<\/strong>, Sell\u00e9s ha reafirmat &quot;el comprom\u00eds de la instituci\u00f3 i el treball realitzat des de l\u00b4\u00c0rea d\u00b4Arquitectura i la Fundaci\u00f3 MARQ per posar en valor i recuperar l\u00b4important patrimoni cultural i hist\u00f2ric que posse\u00efm com a prov\u00edncia per tal de donar-lo a con\u00e8ixer a la ciutadania&quot;.<\/span><\/span><\/span><\/span><\/p>\n<p style=\"margin-left:0cm; margin-right:0cm; text-align:justify\"><span style=\"font-size:12pt\"><span style=\"font-family:&quot;Times New Roman&quot;,serif\"><span style=\"font-size:11.0pt\"><span style=\"font-family:&quot;Verdana&quot;,sans-serif\">La diputada ha volgut agrair especialment la feina tant del <strong>\u00e0rea d&#039;arquitectura<\/strong> de la instituci\u00f3 provincial, amb el director <strong>Rafael P\u00e9rez<\/strong> al capdavant, com de l&#039;equip de <strong>arque\u00f2legs i t\u00e8cnics municipals<\/strong> per posar en valor \u201cun dels bastions de l&#039;\u00e8poca romana de la costa mediterr\u00e0nia espanyola, considerat un tresor \u00fanic a la prov\u00edncia per la singularitat i monumentalitat\u201d. Per part seva, l&#039;alcaldessa de Calp ha agra\u00eft el suport rebut per part de la Diputaci\u00f3 per tirar endavant l&#039;anhelat projecte i fer realitat aquest <strong>projecte de parc arqueol\u00f2gic visitable<\/strong>.<\/span><\/span><\/span><\/span><\/p>\n<p style=\"margin-left:0cm; margin-right:0cm; text-align:justify\"><span style=\"font-size:12pt\"><span style=\"font-family:&quot;Times New Roman&quot;,serif\"><span style=\"font-size:11.0pt\"><span style=\"font-family:&quot;Verdana&quot;,sans-serif\">El Pla Director, que va comen\u00e7ar a gestar-se el 2019, engloba les actuacions necess\u00e0ries per a la <strong>consolidaci\u00f3 de les restes arquitect\u00f2niques<\/strong> de l&#039;\u00e0rea i la seva <strong>rehabilitaci\u00f3 com a museu de lloc<\/strong>, a m\u00e9s de les modalitats de <strong>gesti\u00f3<\/strong>, <strong>estudi econ\u00f2mic i sostenibilitat<\/strong>. &nbsp;<\/span><\/span><\/span><\/span><\/p>\n<p style=\"margin-left:0cm; margin-right:0cm; text-align:justify\"><span style=\"font-size:12pt\"><span style=\"font-family:&quot;Times New Roman&quot;,serif\"><span style=\"font-size:11.0pt\"><span style=\"font-family:&quot;Verdana&quot;,sans-serif\">El jaciment ocupa una <strong>gran extensi\u00f3 de terreny<\/strong>, proper a les <strong>quatre hect\u00e0rees<\/strong>. Als <strong>vivers de la zona<\/strong> -que prove\u00efen de peix fresc a les viles romanes- se sumen <strong>restes romanes<\/strong> adscrits a una \u00e0mplia <strong>seq\u00fc\u00e8ncia cronol\u00f2gica que abasta des del segle I al VII dC<\/strong>. Totes les edificacions aparegudes fins avui van formar a l&#039;antiguitat una agrupaci\u00f3 estructurada, esquitxada de construccions residencials, d&#039;oci, instal\u00b7lacions industrials o de car\u00e0cter religi\u00f3s. Tamb\u00e9 s&#039;ubiquen elements m\u00e9s moderns com el <strong>Mol\u00ed del Morell\u00f3<\/strong>, del segle XIX, o la <strong>pedrera de toba<\/strong> empla\u00e7ada a la franja costanera. <\/span><\/span><\/span><\/span><\/p>\n<p style=\"margin-left:0cm; margin-right:0cm; text-align:justify\"><span style=\"font-size:12pt\"><span style=\"font-family:&quot;Times New Roman&quot;,serif\"><strong>&nbsp;<\/strong>&nbsp; <\/span><\/span><\/p>\n<p style=\"margin-left:0cm; margin-right:0cm; text-align:justify\">&nbsp;<\/p>","protected":false},"excerpt":{"rendered":"<p>La diputada de Arquitectura, Carmen Sell&eacute;s, ha visitado esta ma&ntilde;ana Els Banys de la Reina<span class=\"excerpt-hellip\"> [\u2026]<\/span><\/p>\n","protected":false},"author":3,"featured_media":0,"comment_status":"open","ping_status":"open","sticky":false,"template":"","format":"standard","meta":{"kia_subtitle":"","footnotes":""},"categories":[],"tags":[],"class_list":["post-34762","post","type-post","status-publish","format-standard","hentry"],"meta_box":[],"_links":{"self":[{"href":"https:\/\/marqalicante-admin.qwair.com\/va\/wp-json\/wp\/v2\/posts\/34762","targetHints":{"allow":["GET"]}}],"collection":[{"href":"https:\/\/marqalicante-admin.qwair.com\/va\/wp-json\/wp\/v2\/posts"}],"about":[{"href":"https:\/\/marqalicante-admin.qwair.com\/va\/wp-json\/wp\/v2\/types\/post"}],"author":[{"embeddable":true,"href":"https:\/\/marqalicante-admin.qwair.com\/va\/wp-json\/wp\/v2\/users\/3"}],"replies":[{"embeddable":true,"href":"https:\/\/marqalicante-admin.qwair.com\/va\/wp-json\/wp\/v2\/comments?post=34762"}],"version-history":[{"count":0,"href":"https:\/\/marqalicante-admin.qwair.com\/va\/wp-json\/wp\/v2\/posts\/34762\/revisions"}],"wp:attachment":[{"href":"https:\/\/marqalicante-admin.qwair.com\/va\/wp-json\/wp\/v2\/media?parent=34762"}],"wp:term":[{"taxonomy":"category","embeddable":true,"href":"https:\/\/marqalicante-admin.qwair.com\/va\/wp-json\/wp\/v2\/categories?post=34762"},{"taxonomy":"post_tag","embeddable":true,"href":"https:\/\/marqalicante-admin.qwair.com\/va\/wp-json\/wp\/v2\/tags?post=34762"}],"curies":[{"name":"wp","href":"https:\/\/api.w.org\/{rel}","templated":true}]}}