{"id":34745,"date":"2024-05-10T11:26:00","date_gmt":"2024-05-10T11:26:00","guid":{"rendered":"https:\/\/marqalicante-admin.qwair.com\/2024\/05\/10\/los-museos-y-centros-culturales-de-alicante-ofrecen-una-programacion-especial-en-su-dia-internacional\/"},"modified":"2024-05-10T11:26:00","modified_gmt":"2024-05-10T11:26:00","slug":"los-museos-y-centros-culturales-de-alicante-ofrecen-una-programacion-especial-en-su-dia-internacional","status":"publish","type":"post","link":"https:\/\/marqalicante-admin.qwair.com\/va\/los-museos-y-centros-culturales-de-alicante-ofrecen-una-programacion-especial-en-su-dia-internacional\/","title":{"rendered":"Els museus i centres culturals d&#039;Alacant ofereixen una programaci\u00f3 especial al Dia Internacional"},"content":{"rendered":"<p>&nbsp;<\/p>\n<p><img decoding=\"async\" alt=\"\" src=\"\/contenido\/genericas\/78965411233.jpg\" style=\"height:375px; width:500px\" \/><\/p>\n<p style=\"margin-left:0cm; margin-right:0cm; text-align:justify\"><span style=\"font-size:11pt\"><span style=\"font-family:Calibri,sans-serif\"><span style=\"font-size:12.0pt\"><span style=\"background-color:white\"><span style=\"font-family:&quot;Arial&quot;,sans-serif\"><span style=\"color:black\">Els museus i els centres culturals d&#039;Alacant s&#039;uneixen, un any m\u00e9s, per celebrar el Dia Internacional dels Museus amb una programaci\u00f3 d&#039;activitats gratu\u00eftes entre el 14 i el 19 de maig. El 18 de maig se celebra a proposta del Consell Internacional dels Museus (ICOM), el Dia Internacional dels Museus (DIM). Aquest any el lema \u00e9s &#039;Museus per l&#039;educaci\u00f3 i la investigaci\u00f3&#039; i subratlla la import\u00e0ncia dels museus com a institucions educatives din\u00e0miques que fomenten l&#039;aprenentatge, el descobriment i la comprensi\u00f3 cultural.<\/span><\/span><\/span><\/span><\/span><\/span><\/p>\n<p style=\"margin-left:0cm; margin-right:0cm; text-align:justify\"><span style=\"font-size:11pt\"><span style=\"font-family:Calibri,sans-serif\"><span style=\"font-size:12.0pt\"><span style=\"background-color:white\"><span style=\"font-family:&quot;Arial&quot;,sans-serif\"><span style=\"color:black\">L&#039;Ajuntament (el MACA, Les Cigarreres i la Torre Sarri\u00f3), la Diputaci\u00f3 (el MARQ, el Mubag i l&#039;Institut Alacant\u00ed de Cultura Juan Gil-Albert), The Ocean Race Museu, el Museu de la Universitat d&#039;Alacant, la Seu Universit\u00e0ria Ciutat d&#039;Alacant i el Museu d&#039;Aig\u00fces d&#039;Alacant, tornen a unir-se per oferir una programaci\u00f3 acurada per a tots els p\u00fablics, que inclou visites guiades, tallers, exposicions i concerts, entre d&#039;altres propostes. A m\u00e9s, alguns dels museus ampliaran el vostre horari.<\/span><\/span><\/span><\/span><\/span><\/span><\/p>\n<p style=\"margin-left:0cm; margin-right:0cm; text-align:justify\"><span style=\"font-size:11pt\"><span style=\"font-family:Calibri,sans-serif\"><span style=\"font-size:12.0pt\"><span style=\"background-color:white\"><span style=\"font-family:&quot;Arial&quot;,sans-serif\"><span style=\"color:black\">La regidora de Cultura de l&#039;Ajuntament d&#039;Alacant, Nayma Beldjilali, ha volgut agrair &quot;la tasca que dia a dia fan tots els t\u00e8cnics perqu\u00e8 tant aquesta celebraci\u00f3 com altres activitats conjuntes que es realitzen durant l&#039;any, es puguin dur a terme, ja que s\u00f3n ells els veritables art\u00edfexs de l&#039;excel\u00b7lent programaci\u00f3 que es presenta&quot;.&nbsp;<\/span><\/span><\/span><\/span><\/span><\/span><\/p>\n<p style=\"margin-left:0cm; margin-right:0cm; text-align:justify\"><span style=\"font-size:11pt\"><span style=\"font-family:Calibri,sans-serif\"><span style=\"font-size:12.0pt\"><span style=\"background-color:white\"><span style=\"font-family:&quot;Arial&quot;,sans-serif\"><span style=\"color:black\">El diputat de Cultura, Juan De Dios Navarro, ha destacat el comprom\u00eds de la instituci\u00f3 provincial amb la commemoraci\u00f3 d\u201fun dia que \u201cens permet posar en valor el paper tan important que tenen els museus en la transmissi\u00f3 de coneixements, l\u201fintercanvi cultural i el foment de la investigaci\u00f3 i l&#039;educaci\u00f3\u201d. Aix\u00ed mateix, ha destacat \u201cl&#039;alt nivell de l&#039;oferta muse\u00edstica que atresora la prov\u00edncia, cosa que ens ha posicionat en els darrers anys com un referent dins i fora de les nostres fronteres\u201d.&nbsp;<\/span><\/span><\/span><\/span><\/span><\/span><\/p>\n<p style=\"margin-left:0cm; margin-right:0cm; text-align:justify\"><span style=\"font-size:11pt\"><span style=\"font-family:Calibri,sans-serif\"><span style=\"font-size:12.0pt\"><span style=\"background-color:white\"><span style=\"font-family:&quot;Arial&quot;,sans-serif\"><span style=\"color:black\">La vicerectora de Cultura, Esport i Extensi\u00f3 Universit\u00e0ria de la UA, Catalina Iliescu, ha expressat \u201cla seva satisfacci\u00f3 amb el lema elegit aquest any per a la celebraci\u00f3 del DIM, plenament alineat amb dues de les missions essencials de la instituci\u00f3 universit\u00e0ria\u201d. que &quot;el MUA fomenta la trobada amb la comunitat, potencia la tasca did\u00e0ctica i es converteix en espai de difusi\u00f3 i transfer\u00e8ncia de la investigaci\u00f3 universit\u00e0ria multidisciplinar a tota la societat&quot;.<\/span><\/span><\/span><\/span><\/span><\/span><\/p>\n<p style=\"margin-left:0cm; margin-right:0cm; text-align:justify\"><span style=\"font-size:11pt\"><span style=\"font-family:Calibri,sans-serif\"><span style=\"font-size:12.0pt\"><span style=\"background-color:white\"><span style=\"font-family:&quot;Arial&quot;,sans-serif\"><span style=\"color:black\">Mart\u00edn Sanz, director de Comunicaci\u00f3 i Relacions Externes d&#039;Aig\u00fces d&#039;Alacant, ha destacat que \u201cen el cas del Museu d&#039;Aig\u00fces d&#039;Alacant, espai pel qual han passat prop de 250.000 visitants en els 15 anys de recorregut, aquesta data ens serveix per posar en relleu la import\u00e0ncia que t\u00e9 l&#039;educaci\u00f3 tamb\u00e9 en un \u00e0mbit com el mediambiental, que afecta el futur de tots\u201d.&nbsp;<\/span><\/span><\/span><\/span><\/span><\/span><\/p>\n<p style=\"margin-left:0cm; margin-right:0cm; text-align:justify\"><span style=\"font-size:11pt\"><span style=\"font-family:Calibri,sans-serif\"><span style=\"font-size:12.0pt\"><span style=\"background-color:white\"><span style=\"font-family:&quot;Arial&quot;,sans-serif\"><span style=\"color:black\">Jan P\u00e9rez, directora de The Ocean Race Museu, ha assenyalat que &quot;el tema d&#039;aquest any subratlla el paper que els nostres centres tenen en l&#039;experi\u00e8ncia educativa i en la investigaci\u00f3&quot;. Afegeix que &quot;a The Ocean Race desenvolupem un programa cient\u00edfic on els vaixells de competici\u00f3 recullen mostres de l&#039;oce\u00e0 mentre naveguen pels llocs m\u00e9s remots del planeta&quot; P\u00e9rez inivita &quot;a tots els participants del DIM a visitar el museu i descobrir amb totes les nostres activitats, com es recullen aquestes dades i qu\u00e8 \u00e9s el que podem fer nosaltres per millorar la salut dels nostres mars i oceans\u201d.<\/span><\/span><\/span><\/span><\/span><\/span><\/p>\n<p style=\"margin-left:0cm; margin-right:0cm; text-align:center\"><span style=\"font-size:11pt\"><span style=\"font-family:Calibri,sans-serif\"><span style=\"font-size:12.0pt\"><span style=\"background-color:white\"><span style=\"font-family:&quot;Arial&quot;,sans-serif\"><span style=\"color:black\">Programaci\u00f3&nbsp;<\/span><\/span><\/span><\/span><\/span><\/span><\/p>\n<p style=\"margin-left:0cm; margin-right:0cm; text-align:justify\"><strong><span style=\"font-size:11pt\"><span style=\"font-family:Calibri,sans-serif\"><span style=\"font-size:12.0pt\"><span style=\"background-color:white\"><span style=\"font-family:&quot;Arial&quot;,sans-serif\"><span style=\"color:black\">Cigarreres<\/span><\/span><\/span><\/span><\/span><\/span><\/strong><\/p>\n<p style=\"margin-left:0cm; margin-right:0cm; text-align:justify\"><span style=\"font-size:11pt\"><span style=\"font-family:Calibri,sans-serif\"><span style=\"font-size:12.0pt\"><span style=\"background-color:white\"><span style=\"font-family:&quot;Arial&quot;,sans-serif\"><span style=\"color:black\">Al Centre Cultural Las Cigarreras es podr\u00e0 gaudir de les tres exposicions del Festival Photoalicante i del projecte Negre audiovisual &#039;Despr\u00e9s del Sol&#039; en col\u00b7laboraci\u00f3 amb el Consorci de Museus de la Comunitat Valenciana.<\/span><\/span><\/span><\/span><\/span><\/span><\/p>\n<p style=\"margin-left:0cm; margin-right:0cm; text-align:justify\"><span style=\"font-size:11pt\"><span style=\"font-family:Calibri,sans-serif\"><span style=\"font-size:12.0pt\"><span style=\"background-color:white\"><span style=\"font-family:&quot;Arial&quot;,sans-serif\"><span style=\"color:black\">Divendres i dissabte la programaci\u00f3 la completa un concert de &#039;Oscuro Deseo&#039; i de &#039;Primate Matriarca&#039;, l&#039;aportaci\u00f3 del qual \u00e9s de 5 a 10 euros, de la m\u00e0 del Col\u00b7lectiu Amistat, i la proposta &#039;Cam\u00ed de les Cigarreres&#039;, en qu\u00e8 es realitzar\u00e0 part d&#039;un dels recorreguts que feien algunes de les antigues treballadores per arribar al seu lloc de treball a la Tabacalera, sortint des de Campello a les 8:00 i arribant a les 12:30 al Assecador del Centre Cultural les Cigarreres. Impulsat per la Plataforma Violeta del Campello, Ecoxarxa l&#039;Alacant\u00ed, La quarta pell i Les Cigarreres.<\/span><\/span><\/span><\/span><\/span><\/span><\/p>\n<p style=\"margin-left:0cm; margin-right:0cm; text-align:justify\"><strong><span style=\"font-size:11pt\"><span style=\"font-family:Calibri,sans-serif\"><span style=\"font-size:12.0pt\"><span style=\"background-color:white\"><span style=\"font-family:&quot;Arial&quot;,sans-serif\"><span style=\"color:black\">Institut Alacant\u00ed de Cultura Juan Gil-Albert<\/span><\/span><\/span><\/span><\/span><\/span><\/strong><\/p>\n<p style=\"margin-left:0cm; margin-right:0cm; text-align:justify\"><span style=\"font-size:11pt\"><span style=\"font-family:Calibri,sans-serif\"><span style=\"font-size:12.0pt\"><span style=\"background-color:white\"><span style=\"font-family:&quot;Arial&quot;,sans-serif\"><span style=\"color:black\">La Casa Bardin acollir\u00e0 el dijous 16 i el divendres 17 durant tot el dia la projecci\u00f3 d&#039;un v\u00eddeo que recull el testimoni d&#039;una vintena d&#039;artistes de la prov\u00edncia sobre quin \u00e9s el museu preferit. A m\u00e9s, dijous, de 16.00 a 19.00 hores, tindr\u00e0 lloc una trobada moderada per Estefania Soler per compartir amb el p\u00fablic assistent les prefer\u00e8ncies muse\u00edstiques d&#039;Alacant. Ja divendres, de 17.00 a 19.00 hores, es dur\u00e0 a terme una trobada entre l&#039;artista Carlos Mart\u00ednez i la comiss\u00e0ria Mar\u00eda Ramis al voltant de l&#039;exposici\u00f3 &#039;Registres de l&#039;h\u00e0bitat&#039; de la Casa Bardin, a la qual es far\u00e0 tamb\u00e9 una visita guiada<\/span><\/span><\/span><\/span><\/span><\/span><\/p>\n<p style=\"margin-left:0cm; margin-right:0cm; text-align:justify\"><strong><span style=\"font-size:11pt\"><span style=\"font-family:Calibri,sans-serif\"><span style=\"font-size:12.0pt\"><span style=\"background-color:white\"><span style=\"font-family:&quot;Arial&quot;,sans-serif\"><span style=\"color:black\">MACA<\/span><\/span><\/span><\/span><\/span><\/span><\/strong><\/p>\n<p style=\"margin-left:0cm; margin-right:0cm; text-align:justify\"><span style=\"font-size:11pt\"><span style=\"font-family:Calibri,sans-serif\"><span style=\"font-size:12.0pt\"><span style=\"background-color:white\"><span style=\"font-family:&quot;Arial&quot;,sans-serif\"><span style=\"color:black\">El MACA ofereix des de dijous 16 fins diumenge 19 una s\u00e8rie d&#039;activitats al voltant de l&#039;art contemporani adre\u00e7ades a tots els p\u00fablics, que inclouen visites guiades i tallers familiars realitzats per l&#039;equip de mediaci\u00f3 del museu; dansa, de la m\u00e0 del programa &#039;MACA en viu&#039;, produ\u00eft pel Consorci de Museus de la Generalitat i en col\u00b7laboraci\u00f3 amb Abril en dansa; m\u00fasica, de la m\u00e0 de Lumina Ensemble; lectures dramatitzades, gr\u00e0cies al grup de Paraules Majors; una perforamance de la m\u00e0 de No (Dos) 3; a m\u00e9s de la projecci\u00f3 de l&#039;Audiovisual Sempere, realitzat per Sol Espinelli, dins la Convocat\u00f2ria p\u00fablica de subvencions 2022 de la regidoria de Cultura per al desenvolupament de projectes culturals i art\u00edstics. Totes les activitats s\u00f3n gratu\u00eftes pr\u00e8via inscripci\u00f3 i fins a completar aforament. El museu amplia el seu horari dissabte fins a mitjanit.&nbsp;<\/span><\/span><\/span><\/span><\/span><\/span><\/p>\n<p style=\"margin-left:0cm; margin-right:0cm\"><span style=\"font-size:11pt\"><span style=\"font-family:Calibri,sans-serif\">&nbsp;<\/span><\/span><strong><span style=\"font-size:11pt\"><span style=\"font-family:Calibri,sans-serif\"><span style=\"font-size:12.0pt\"><span style=\"background-color:white\"><span style=\"font-family:&quot;Arial&quot;,sans-serif\"><span style=\"color:black\">MARQ<\/span><\/span><\/span><\/span><\/span><\/span><\/strong><\/p>\n<p style=\"margin-left:0cm; margin-right:0cm; text-align:justify\"><span style=\"font-size:11pt\"><span style=\"font-family:Calibri,sans-serif\"><span style=\"font-size:12.0pt\"><span style=\"background-color:white\"><span style=\"font-family:&quot;Arial&quot;,sans-serif\"><span style=\"color:black\">El MARQ ha preparat un programa variat que inclou visites animades i guiades, tallers did\u00e0ctics i xerrades formatives, relacionades tant amb l&#039;exposici\u00f3 temporal &#039;Dinasties&#039;, com amb la permanent. Les activitats comptaran amb la participaci\u00f3 dassociacions i institucions locals i provincials relacionades amb les persones amb discapacitat i responsabilitat social, que formen part de la fam\u00edlia del MARQ, i pel p\u00fablic en general.<\/span><\/span><\/span><\/span><\/span><\/span><\/p>\n<p style=\"margin-left:0cm; margin-right:0cm; text-align:justify\"><span style=\"font-size:11pt\"><span style=\"font-family:Calibri,sans-serif\"><span style=\"font-size:12.0pt\"><span style=\"background-color:white\"><span style=\"font-family:&quot;Arial&quot;,sans-serif\"><span style=\"color:black\">A m\u00e9s, la programaci\u00f3 inclou la presentaci\u00f3 del projecte Empower Parents, dissabte al mat\u00ed, aix\u00ed com una passada del grup de recreaci\u00f3 Hist\u00f2rica Hisp\u00e0nia Romana dissabte a la tarda i diumenge al mat\u00ed als jardins del museu. Totes les activitats s\u00f3n gratu\u00eftes, pr\u00e8via inscripci\u00f3 i fins a completar aforament.<\/span><\/span><\/span><\/span><\/span><\/span><\/p>\n<p style=\"margin-left:0cm; margin-right:0cm\"><strong><span style=\"font-size:11pt\"><span style=\"font-family:Calibri,sans-serif\"><span style=\"font-size:12.0pt\"><span style=\"background-color:white\"><span style=\"font-family:&quot;Arial&quot;,sans-serif\"><span style=\"color:black\">MUA<\/span><\/span><\/span><\/span><\/span><\/span><\/strong><\/p>\n<p style=\"margin-left:0cm; margin-right:0cm; text-align:justify\"><span style=\"font-size:11pt\"><span style=\"font-family:Calibri,sans-serif\"><span style=\"font-size:12.0pt\"><span style=\"background-color:white\"><span style=\"font-family:&quot;Arial&quot;,sans-serif\"><span style=\"color:black\">El divendres 17, entre les 17.00 i les 20.00 hores, el MUA ha dissenyat una gran festa amb tallers creatius, murals col\u00b7lectius, jocs de descoberta, videojocs, visites guiades i animacions, de la m\u00e0 d&#039;alumnat i professorat de la Facultat dEducaci\u00f3 i del personal de l\u00c0rea Did\u00e0ctica del MUA.<\/span><\/span><\/span><\/span><\/span><\/span><\/p>\n<p style=\"margin-left:0cm; margin-right:0cm; text-align:justify\"><span style=\"font-size:11pt\"><span style=\"font-family:Calibri,sans-serif\"><span style=\"font-size:12.0pt\"><span style=\"background-color:white\"><span style=\"font-family:&quot;Arial&quot;,sans-serif\"><span style=\"color:black\">Durant el dissabte 18 i el diumenge 19, el p\u00fablic visitant podr\u00e0 participar en l&#039;elaboraci\u00f3 d&#039;un mural col\u00b7lectiu, el puzle &#039;Investiga i descobreix&#039;i el videojoc de m\u00f2bil &#039; previstes dues visites guiades a les exposicions del museu, una a les 11:00 i una altra a les 18:00 hores. Diumenge s&#039;han programat dues activitats, una visita guiada a les 10:00 ia les 11:00 hores i la visita-taller &#039;Artesania prerromana en fang&#039;, relacionada amb l&#039;exposici\u00f3 &#039;Dones de les italies preromanes a les col\u00b7leccions del Museu Arqueol\u00f2gic Nacional&#039;. Totes les activitats s\u00f3n gratu\u00eftes, pr\u00e8via inscripci\u00f3 i fins i tot completar aforament.&nbsp;<\/span><\/span><\/span><\/span><\/span><\/span><\/p>\n<p style=\"margin-left:0cm; margin-right:0cm\"><strong><span style=\"font-size:11pt\"><span style=\"font-family:Calibri,sans-serif\"><span style=\"font-size:12.0pt\"><span style=\"background-color:white\"><span style=\"font-family:&quot;Arial&quot;,sans-serif\"><span style=\"color:black\">Mubag<\/span><\/span><\/span><\/span><\/span><\/span><\/strong><\/p>\n<p style=\"margin-left:0cm; margin-right:0cm; text-align:justify\"><span style=\"font-size:11pt\"><span style=\"font-family:Calibri,sans-serif\"><span style=\"font-size:12.0pt\"><span style=\"background-color:white\"><span style=\"font-family:&quot;Arial&quot;,sans-serif\"><span style=\"color:black\">El Museu de Belles Arts d&#039;Alacant celebrar\u00e0 el DIM durant tot el cap de setmana amb diferents passades de les visites tem\u00e0tiques &#039;Horitzonts de canvi: la revoluci\u00f3 art\u00edstica a comen\u00e7aments del segle XX&#039; i de les teatralitzades &#039;El gesto y la luz&#039; a l&#039;exposici\u00f3 permanent &#039;El segle XIX. La col\u00b7lecci\u00f3 a la llum&#039;. Tamb\u00e9 s&#039;ha organitzat un joc cultural din\u00e0mic sobre la hist\u00f2ria oculta del Mubag que traur\u00e0 a la llum curiositats de les obres mestres del museu i la seva traject\u00f2ria.<\/span><\/span><\/span><\/span><\/span><\/span><\/p>\n<p style=\"margin-left:0cm; margin-right:0cm; text-align:justify\"><span style=\"font-size:11pt\"><span style=\"font-family:Calibri,sans-serif\"><span style=\"font-size:12.0pt\"><span style=\"background-color:white\"><span style=\"font-family:&quot;Arial&quot;,sans-serif\"><span style=\"color:black\">Aix\u00ed mateix, hi haur\u00e0 visites guiades a l&#039;exposici\u00f3 temporal &#039;Eusebio Sempere &amp; Felipe Pantone. Seriaci\u00f3 i cromatisme cin\u00e8tic&#039; per part dels comissaris Mar\u00eda Jos\u00e9 Gadea i \u00d3scar Garc\u00eda i diversos tallers art\u00edstics per als m\u00e9s petits al voltant d&#039;aquesta mostra a c\u00e0rrec de l&#039;artista urb\u00e0 Kaufman i Daguten. Escola Gr\u00e0fica de Barri.<\/span><\/span><\/span><\/span><\/span><\/span><\/p>\n<p style=\"margin-left:0cm; margin-right:0cm; text-align:justify\"><span style=\"font-size:11pt\"><span style=\"font-family:Calibri,sans-serif\"><span style=\"font-size:12.0pt\"><span style=\"background-color:white\"><span style=\"font-family:&quot;Arial&quot;,sans-serif\"><span style=\"color:black\">Les persones interessades a assistir a aquestes activitats gratu\u00eftes poden consultar els horaris i fer la inscripci\u00f3 pr\u00e8via a la p\u00e0gina web del museu. Per acabar, el DIM del Mubag inclou una confer\u00e8ncia sobre art urb\u00e0 impartida per \u00d3scar Garc\u00eda i l&#039;actuaci\u00f3 &#039;Latin Jazz&#039; amb Pakito Baeza a la percussi\u00f3 i Abel Figueredo al piano. El museu amplia el seu horari dissabte fins a les 22.30 hores.&nbsp;<\/span><\/span><\/span><\/span><\/span><\/span><\/p>\n<p style=\"margin-left:0cm; margin-right:0cm\"><span style=\"font-size:11pt\"><span style=\"font-family:Calibri,sans-serif\">&nbsp;<\/span><\/span><strong><span style=\"font-size:11pt\"><span style=\"font-family:Calibri,sans-serif\"><span style=\"font-size:12.0pt\"><span style=\"background-color:white\"><span style=\"font-family:&quot;Arial&quot;,sans-serif\"><span style=\"color:black\">Museu d&#039;Aig\u00fces<\/span><\/span><\/span><\/span><\/span><\/span><\/strong><\/p>\n<p style=\"margin-left:0cm; margin-right:0cm; text-align:justify\"><span style=\"font-size:11pt\"><span style=\"font-family:Calibri,sans-serif\"><span style=\"font-size:12.0pt\"><span style=\"background-color:white\"><span style=\"font-family:&quot;Arial&quot;,sans-serif\"><span style=\"color:black\">La programaci\u00f3 del Museu d&#039;Aig\u00fces es desenvolupar\u00e0 en dos dies. El dissabte 18 a les 20:00 hores tindr\u00e0 lloc un concert ac\u00fastic del grup alacant\u00ed &#039;Mailers&#039;, mentre que el diumenge 19 a les 11:00 hores s&#039;ofereix una visita teatralitzada des de l&#039;Ajuntament, recorrent el nucli antic fins al Museu de Aig\u00fces.&nbsp;<\/span><\/span><\/span><\/span><\/span><\/span><\/p>\n<p style=\"margin-left:0cm; margin-right:0cm; text-align:justify\"><strong><span style=\"font-size:11pt\"><span style=\"font-family:Calibri,sans-serif\"><span style=\"font-size:12.0pt\"><span style=\"background-color:white\"><span style=\"font-family:&quot;Arial&quot;,sans-serif\"><span style=\"color:black\">The Ocean Race Museu<\/span><\/span><\/span><\/span><\/span><\/span><\/strong><\/p>\n<p style=\"margin-left:0cm; margin-right:0cm; text-align:justify\"><span style=\"font-size:11pt\"><span style=\"font-family:Calibri,sans-serif\"><span style=\"font-size:12.0pt\"><span style=\"background-color:white\"><span style=\"font-family:&quot;Arial&quot;,sans-serif\"><span style=\"color:black\">La programaci\u00f3 comen\u00e7ar\u00e0 el dijous 16 i s&#039;est\u00e9n fins al diumenge 19. Durant tots aquests dies, a les 11.00 i 16.00 hores hi haur\u00e0 una visita guiada en angl\u00e8s ia les 12.00 i 17.30 hores una visita guiada en espanyol , on descobrir tots els secrets de la volta al m\u00f3n a vela.&nbsp;<\/span><\/span><\/span><\/span><\/span><\/span><\/p>\n<p style=\"margin-left:0cm; margin-right:0cm; text-align:justify\"><span style=\"font-size:11pt\"><span style=\"font-family:Calibri,sans-serif\"><span style=\"font-size:12.0pt\"><span style=\"background-color:white\"><span style=\"font-family:&quot;Arial&quot;,sans-serif\"><span style=\"color:black\">Del 16 al 19 de maig, cada hora des de les 10.30, s&#039;ha programat una experi\u00e8ncia immersiva gratu\u00efta amb el Simulador The Ride i la Realitat Virtual amb 11th Hour Racing Team.<\/span><\/span><\/span><\/span><\/span><\/span><\/p>\n<p style=\"margin-left:0cm; margin-right:0cm; text-align:justify\"><span style=\"font-size:11pt\"><span style=\"font-family:Calibri,sans-serif\"><span style=\"font-size:12.0pt\"><span style=\"background-color:white\"><span style=\"font-family:&quot;Arial&quot;,sans-serif\"><span style=\"color:black\">Les seg\u00fcents jornades la programaci\u00f3 la completen una batalla d&#039;exhibici\u00f3 de danses \u2013 &#039;The Ocean Race Museu battle&#039;, on es realitzar\u00e0 una exhibici\u00f3 de diferents danses urbanes amb participants de diferents punts de la ciutat i prov\u00edncia d&#039;Alacant; el taller infantil &#039;Construeix el teu propi Lego&#039; i un contacontes per a tots els p\u00fablics. El museu amplia el seu horari divendres de 10.00 a 20.00 hores i dissabte de 10.00 a 19.00 hores.&nbsp;<\/span><\/span><\/span><\/span><\/span><\/span><\/p>\n<p style=\"margin-left:0cm; margin-right:0cm; text-align:justify\"><strong><span style=\"font-size:11pt\"><span style=\"font-family:Calibri,sans-serif\"><span style=\"font-size:12.0pt\"><span style=\"background-color:white\"><span style=\"font-family:&quot;Arial&quot;,sans-serif\"><span style=\"color:black\">Torre Sarri\u00f3<\/span><\/span><\/span><\/span><\/span><\/span><\/strong><\/p>\n<p style=\"margin-left:0cm; margin-right:0cm; text-align:justify\"><span style=\"font-size:11pt\"><span style=\"font-family:Calibri,sans-serif\"><span style=\"font-size:12.0pt\"><span style=\"background-color:white\"><span style=\"font-family:&quot;Arial&quot;,sans-serif\"><span style=\"color:black\">El dissabte 18, a les 19:00 hores, el concert \u201cPaisatges Sonors des del Barroc fins al Rock\u201d oferir\u00e0 versions creatives des de Pachelbel a Elvis, amb piano de cua i violoncel.<\/span><\/span><\/span><\/span><\/span><\/span><\/p>\n<p style=\"margin-left:0cm; margin-right:0cm; text-align:justify\"><strong><span style=\"font-size:11pt\"><span style=\"font-family:Calibri,sans-serif\"><span style=\"font-size:12.0pt\"><span style=\"background-color:white\"><span style=\"font-family:&quot;Arial&quot;,sans-serif\"><span style=\"color:black\">Seu Universit\u00e0ria<\/span><\/span><\/span><\/span><\/span><\/span><\/strong><\/p>\n<p style=\"margin-left:0cm; margin-right:0cm; text-align:justify\"><span style=\"font-size:11pt\"><span style=\"font-family:Calibri,sans-serif\"><span style=\"font-size:12.0pt\"><span style=\"background-color:white\"><span style=\"font-family:&quot;Arial&quot;,sans-serif\"><span style=\"color:black\">La programaci\u00f3 comen\u00e7a el dijous 16 amb la visita guiada a l&#039;exposici\u00f3 de fotografies &#039;ELUA a la Seu. Espais imaginats&#039;, i una performance i collage Haiku a c\u00e0rrec de Mar\u00eda Dolores Mul\u00e1.&nbsp;<\/span><\/span><\/span><\/span><\/span><\/span><\/p>\n<p style=\"margin-left:0cm; margin-right:0cm; text-align:justify\"><span style=\"font-size:11pt\"><span style=\"font-family:Calibri,sans-serif\"><span style=\"font-size:12.0pt\"><span style=\"background-color:white\"><span style=\"font-family:&quot;Arial&quot;,sans-serif\"><span style=\"color:black\">Les jornada de divendres i dissabte es completen amb un seminari sota el t\u00edtol &#039;Dones poderoses m\u00e9s enll\u00e0 de palau&#039;, coordinat per Gloria Franco Rubio i Maite \u00c1vila Mart\u00ednez, un concert de m\u00fasica de cambra amb Alejandro Costa i Victoria Marco, d&#039;una banda i, de l&#039;altra, amb una visita guiada al despatx de Rafael Altamira i una confer\u00e8ncia i visita guiada a l&#039;exposici\u00f3 &#039;El bosc trobat&#039;, a c\u00e0rrec de Fiona Olimpia, artista, i Mar\u00eda Marco Such, comiss\u00e0ria. Totes les activitats s\u00f3n gratu\u00eftes, pr\u00e8via inscripci\u00f3 i fins a completar aforament.<\/span><\/span><\/span><\/span><\/span><\/span><\/p>\n<p style=\"margin-left:0cm; margin-right:0cm; text-align:justify\"><span style=\"font-size:11pt\"><span style=\"font-family:Calibri,sans-serif\"><span style=\"font-size:12.0pt\"><span style=\"background-color:white\"><span style=\"font-family:&quot;Arial&quot;,sans-serif\"><span style=\"color:black\">Tota la informaci\u00f3 conjunta sobre les activitats, horaris i inscripcions a les activitats que ofereixen els museus es pot consultar a la web de cada centre ia museosdealicante.com.<\/span><\/span><\/span><\/span><\/span><\/span><\/p>","protected":false},"excerpt":{"rendered":"<p>&nbsp; Los museos y centros culturales de Alicante se unen, un a&ntilde;o m&aacute;s, para celebrar<span class=\"excerpt-hellip\"> [\u2026]<\/span><\/p>\n","protected":false},"author":3,"featured_media":0,"comment_status":"open","ping_status":"open","sticky":false,"template":"","format":"standard","meta":{"kia_subtitle":"","footnotes":""},"categories":[],"tags":[],"class_list":["post-34745","post","type-post","status-publish","format-standard","hentry"],"meta_box":[],"_links":{"self":[{"href":"https:\/\/marqalicante-admin.qwair.com\/va\/wp-json\/wp\/v2\/posts\/34745","targetHints":{"allow":["GET"]}}],"collection":[{"href":"https:\/\/marqalicante-admin.qwair.com\/va\/wp-json\/wp\/v2\/posts"}],"about":[{"href":"https:\/\/marqalicante-admin.qwair.com\/va\/wp-json\/wp\/v2\/types\/post"}],"author":[{"embeddable":true,"href":"https:\/\/marqalicante-admin.qwair.com\/va\/wp-json\/wp\/v2\/users\/3"}],"replies":[{"embeddable":true,"href":"https:\/\/marqalicante-admin.qwair.com\/va\/wp-json\/wp\/v2\/comments?post=34745"}],"version-history":[{"count":0,"href":"https:\/\/marqalicante-admin.qwair.com\/va\/wp-json\/wp\/v2\/posts\/34745\/revisions"}],"wp:attachment":[{"href":"https:\/\/marqalicante-admin.qwair.com\/va\/wp-json\/wp\/v2\/media?parent=34745"}],"wp:term":[{"taxonomy":"category","embeddable":true,"href":"https:\/\/marqalicante-admin.qwair.com\/va\/wp-json\/wp\/v2\/categories?post=34745"},{"taxonomy":"post_tag","embeddable":true,"href":"https:\/\/marqalicante-admin.qwair.com\/va\/wp-json\/wp\/v2\/tags?post=34745"}],"curies":[{"name":"wp","href":"https:\/\/api.w.org\/{rel}","templated":true}]}}