{"id":34744,"date":"2024-05-06T14:22:00","date_gmt":"2024-05-06T14:22:00","guid":{"rendered":"https:\/\/marqalicante-admin.qwair.com\/2024\/05\/06\/el-marq-celebra-el-dia-de-europa-con-una-jornada-de-puertas-abiertas-en-torno-a-la-exposicion-dinastias\/"},"modified":"2024-05-06T14:22:00","modified_gmt":"2024-05-06T14:22:00","slug":"el-marq-celebra-el-dia-de-europa-con-una-jornada-de-puertas-abiertas-en-torno-a-la-exposicion-dinastias","status":"publish","type":"post","link":"https:\/\/marqalicante-admin.qwair.com\/va\/el-marq-celebra-el-dia-de-europa-con-una-jornada-de-puertas-abiertas-en-torno-a-la-exposicion-dinastias\/","title":{"rendered":"El MARQ celebra el Dia d&#039;Europa amb una jornada de portes obertes al voltant de l&#039;exposici\u00f3 \u201cDinasties\u201d"},"content":{"rendered":"<p>&nbsp;<img decoding=\"async\" alt=\"\" src=\"\/contenido\/genericas\/486A5542.jpg\" style=\"height:330px; width:500px\" \/><\/p>\n<p style=\"margin-left:0cm; margin-right:0cm; text-align:justify\"><span style=\"font-size:12pt\"><span style=\"font-family:&quot;Times New Roman&quot;,serif\"><span style=\"font-size:11.0pt\"><span style=\"font-family:&quot;Verdana&quot;,sans-serif\">El <strong>Museu Arqueol\u00f2gic d&#039;Alacant<\/strong> ha programat una jornada de portes obertes el proper dijous, 9 de maig, per celebrar el <strong>Dia d&#039;Europa<\/strong>.El p\u00fablic podr\u00e0 visitar gratu\u00eftament el museu i con\u00e8ixer la darrera exposici\u00f3 internacional que ha rebut m\u00e9s de <strong>onze mil visites<\/strong> des de la seva inauguraci\u00f3, el 26 de mar\u00e7 passat.<\/span><\/span><\/span><\/span><\/p>\n<p style=\"margin-left:0cm; margin-right:0cm; text-align:justify\"><span style=\"font-size:12pt\"><span style=\"font-family:&quot;Times New Roman&quot;,serif\"><span style=\"font-size:11.0pt\"><span style=\"font-family:&quot;Verdana&quot;,sans-serif\">&nbsp;&nbsp;&nbsp;&nbsp;&nbsp;&nbsp;&nbsp;&nbsp; Aix\u00ed, les persones interessades a commemorar amb el MARQ l&#039;efem\u00e8ride europea tindran acc\u00e9s lliure a <strong>&quot;Dinasties. Els primers regnes de l&#039;Europa prehist\u00f2rica&quot;<\/strong>, una mostra que romandr\u00e0 oberta fins al 13 d&#039;octubre i en qu\u00e8 participen <strong>vint museus i institucions culturals de set pa\u00efsos europeus<\/strong>, Alemanya, Hongria, Dinamarca, Eslov\u00e0quia, B\u00e8lgica, Portugal i Espanya. El museu obrir\u00e0 en el seu horari habitual, de 10.00 a 19.00 hores.<\/span><\/span><\/span><\/span><span style=\"font-size:12pt\"><span style=\"font-family:&quot;Times New Roman&quot;,serif\">&nbsp; &nbsp;<\/span><\/span><\/p>\n<p style=\"margin-left:0cm; margin-right:0cm; text-align:justify\"><span style=\"font-size:12pt\"><span style=\"font-family:&quot;Times New Roman&quot;,serif\"><span style=\"font-size:11.0pt\"><span style=\"font-family:&quot;Verdana&quot;,sans-serif\">Dinastia ofereix al visitant l&#039;oportunitat de gaudir a Alacant d&#039;obres mestres de l&#039;artesania de la <strong>Edat del bronze de l&#039;Europa continental<\/strong> i comprendre de manera clara i accessible com i per qu\u00e8 van ser creades, qui en van ser els creadors i per a qu\u00e8 i qui van ser creades. Entre les peces excepcionals que es poden contemplar a les tres sales temporals del MARQ destaquen diversos conjunts d&#039;extraordinari valor patrimonial, com la <strong>diadema d&#039;or de Quinta da \u00c1gua Branca<\/strong> (Portugal), <strong>l&#039;espasa i la destral de combat decorades de T\u00e8gles<\/strong> (Hongria), <strong>l&#039;aixovar del t\u00famul de Leubingen<\/strong> (Alemanya), <strong>les alabardes del dip\u00f2sit de Meltz <\/strong>(Alemanya), <strong>el barret d&#039;or de Schifferstadt<\/strong> (Alemanya) o la <strong>espasa amb empunyadura d&#039;or de Guadalajara i la diadema d&#039;or de Caravaca de la Cruz<\/strong> (Espanya). <\/span><\/span><\/span><\/span><\/p>\n<p style=\"margin-left:0cm; margin-right:0cm; text-align:justify\"><span style=\"font-size:12pt\"><span style=\"font-family:&quot;Times New Roman&quot;,serif\"><span style=\"font-size:11.0pt\"><span style=\"font-family:&quot;Verdana&quot;,sans-serif\">Al costat d&#039;aquests objectes, la mostra permet al visitant contemplar una \u00e0mplia selecci\u00f3 de peces procedents de les <strong>excavacions del segle XIX realitzades a Espanya pels germans Siret<\/strong> a terres d&#039;Almeria i M\u00farcia, i que han estat dipositades al Museu d&#039;Art i Hist\u00f2ria de Brussel\u00b7les durant els \u00faltims 120 anys. A m\u00e9s, la mostra inclou una de les espases amb pom d&#039;or del <strong>conjunt del Disc de Nebra<\/strong>, primera representaci\u00f3 coneguda de la volta celeste a Europa, incl\u00f2s al Registre de la Mem\u00f2ria del M\u00f3n de la UNESCO el 2013. <\/span><\/span><\/span><\/span><\/p>","protected":false},"excerpt":{"rendered":"<p>&nbsp; El Museo Arqueol&oacute;gico de Alicante ha programado una jornada de puertas abiertas el pr&oacute;ximo<span class=\"excerpt-hellip\"> [\u2026]<\/span><\/p>\n","protected":false},"author":3,"featured_media":0,"comment_status":"open","ping_status":"open","sticky":false,"template":"","format":"standard","meta":{"kia_subtitle":"","footnotes":""},"categories":[],"tags":[],"class_list":["post-34744","post","type-post","status-publish","format-standard","hentry"],"meta_box":[],"_links":{"self":[{"href":"https:\/\/marqalicante-admin.qwair.com\/va\/wp-json\/wp\/v2\/posts\/34744","targetHints":{"allow":["GET"]}}],"collection":[{"href":"https:\/\/marqalicante-admin.qwair.com\/va\/wp-json\/wp\/v2\/posts"}],"about":[{"href":"https:\/\/marqalicante-admin.qwair.com\/va\/wp-json\/wp\/v2\/types\/post"}],"author":[{"embeddable":true,"href":"https:\/\/marqalicante-admin.qwair.com\/va\/wp-json\/wp\/v2\/users\/3"}],"replies":[{"embeddable":true,"href":"https:\/\/marqalicante-admin.qwair.com\/va\/wp-json\/wp\/v2\/comments?post=34744"}],"version-history":[{"count":0,"href":"https:\/\/marqalicante-admin.qwair.com\/va\/wp-json\/wp\/v2\/posts\/34744\/revisions"}],"wp:attachment":[{"href":"https:\/\/marqalicante-admin.qwair.com\/va\/wp-json\/wp\/v2\/media?parent=34744"}],"wp:term":[{"taxonomy":"category","embeddable":true,"href":"https:\/\/marqalicante-admin.qwair.com\/va\/wp-json\/wp\/v2\/categories?post=34744"},{"taxonomy":"post_tag","embeddable":true,"href":"https:\/\/marqalicante-admin.qwair.com\/va\/wp-json\/wp\/v2\/tags?post=34744"}],"curies":[{"name":"wp","href":"https:\/\/api.w.org\/{rel}","templated":true}]}}