{"id":34728,"date":"2024-03-14T11:13:00","date_gmt":"2024-03-14T11:13:00","guid":{"rendered":"https:\/\/marqalicante-admin.qwair.com\/2024\/03\/14\/el-castillo-de-santa-barbara-acoge-guardianes-de-piedra-una-exposicion-que-rinde-homenaje-a-los-230-castillos-de-la-provincia\/"},"modified":"2024-03-14T11:13:00","modified_gmt":"2024-03-14T11:13:00","slug":"el-castillo-de-santa-barbara-acoge-guardianes-de-piedra-una-exposicion-que-rinde-homenaje-a-los-230-castillos-de-la-provincia","status":"publish","type":"post","link":"https:\/\/marqalicante-admin.qwair.com\/va\/el-castillo-de-santa-barbara-acoge-guardianes-de-piedra-una-exposicion-que-rinde-homenaje-a-los-230-castillos-de-la-provincia\/","title":{"rendered":"El Castell de Santa B\u00e0rbara acull \u201cGuardians de Pedra\u201d, una exposici\u00f3 que ret homenatge als 230 castells de la prov\u00edncia"},"content":{"rendered":"<p>&nbsp;&nbsp;<\/p>\n<p><img decoding=\"async\" alt=\"\" src=\"\/contenido\/genericas\/IMG_6250(1).JPG\" style=\"height:467px; width:700px\" \/><\/p>\n<p style=\"margin-left:0cm; margin-right:0cm; text-align:justify\"><span style=\"font-size:12pt\"><span style=\"font-family:&quot;Times New Roman&quot;,serif\"><span style=\"font-family:&quot;Verdana&quot;,sans-serif\"><span style=\"color:black\">El Castell de Santa B\u00e0rbara acull \u201cGuardians de Pedra. Els castells d\u00b4Alacant\u201d, una exposici\u00f3 organitzada pel MARQ que ret homenatge als 230 castells constru\u00efts per tota la prov\u00edncia amb l&#039;objectiu de divulgar la riquesa patrimonial d&#039;Alacant. <\/span><\/span><\/span><\/span><\/p>\n<p style=\"margin-left:0cm; margin-right:0cm; text-align:justify\"><span style=\"font-size:12pt\"><span style=\"font-family:&quot;Times New Roman&quot;,serif\"><span style=\"font-family:&quot;Verdana&quot;,sans-serif\"><span style=\"color:black\">La mostra, que recorre per comarques un total de 84 fortificacions, s&#039;inaugurar\u00e0 divendres que ve a la sala Taberna del Castell de Santa B\u00e0rbara, el primer castell que acull la mostra despr\u00e9s del seu pas per 14 localitats de la prov\u00edncia. La fortalesa alacantina tanca aix\u00ed aquesta exposici\u00f3 itinerant que es va inaugurar al MARQ el 2015 i es podr\u00e0 visitar fins al 13 d&#039;octubre.<\/span><\/span><\/span><\/span><\/p>\n<p style=\"margin-left:0cm; margin-right:0cm; text-align:justify\"><span style=\"font-size:12pt\"><span style=\"font-family:&quot;Times New Roman&quot;,serif\"><span style=\"font-family:&quot;Verdana&quot;,sans-serif\"><span style=\"color:black\">Els 84 castells seleccionats que s&#039;expliquen a panells expositius s&#039;agrupen en cinc rutes, coincidint amb les comarques alacantines: <\/span><\/span><\/span><\/span><\/p>\n<ul>\n<li style=\"text-align:justify\"><span style=\"font-size:12pt\"><span style=\"font-family:&quot;Times New Roman&quot;,serif\"><span style=\"font-family:&quot;Verdana&quot;,sans-serif\">La Clau del Regne, a l&#039;Alacanti. Un dels baluards m\u00e9s forts del regne d&#039;Arag\u00f3 i la seva entrada principal per controlar possibles ofensives castellanes per terra o per mar al segle XIV.<\/span><\/span><\/span><\/li>\n<li style=\"text-align:justify\">&nbsp;<\/li>\n<li style=\"text-align:justify\"><span style=\"font-size:12pt\"><span style=\"font-family:&quot;Times New Roman&quot;,serif\"><span style=\"font-family:&quot;Verdana&quot;,sans-serif\">Els castells de la frontera interior, centrada a la Vall del Vinalop\u00f3. Una l\u00ednia de fronteres on les corones d&#039;Arag\u00f3 i Castella van disposar de m\u00faltiples fortificacions com els castells de Sax, Villena o Biar.<\/span><\/span><\/span><\/li>\n<li style=\"text-align:justify\">&nbsp;<\/li>\n<li style=\"text-align:justify\"><span style=\"font-size:12pt\"><span style=\"font-family:&quot;Times New Roman&quot;,serif\"><span style=\"font-family:&quot;Verdana&quot;,sans-serif\">Els Castells de la Muntanya, representant les comarques de l&#039;Alcoi\u00e0-Comtat. Lloc de grans resid\u00e8ncies fortificades dels senyors feudals de comarques ubicades a l&#039;\u00e0rea central del Regne de Val\u00e8ncia.<\/span><\/span><\/span><\/li>\n<li style=\"text-align:justify\">&nbsp;<\/li>\n<li style=\"text-align:justify\"><span style=\"font-size:12pt\"><span style=\"font-family:&quot;Times New Roman&quot;,serif\"><span style=\"font-family:&quot;Verdana&quot;,sans-serif\">Els Castells de Tudmir, que fan refer\u00e8ncia a les fortificacions existents al Baix Segura. En aquesta comarca es troben les fortificacions d&#039;Oriola, Callosa del Segura i Cox, entre d&#039;altres.<\/span><\/span><\/span><\/li>\n<li style=\"text-align:justify\">&nbsp;<\/li>\n<li style=\"text-align:justify\"><span style=\"font-size:12pt\"><span style=\"font-family:&quot;Times New Roman&quot;,serif\"><span style=\"font-family:&quot;Verdana&quot;,sans-serif\">Els castells de la Frontera de la Por, que se centra en les defenses de les Marines d&#039;Alacant. Aquesta ruta recorre les muralles de ciutats com La Vila, Benidorm i Altea<\/span>.<\/span><\/span><\/li>\n<\/ul>\n<p style=\"margin-left:0cm; margin-right:0cm; text-align:justify\"><span style=\"font-size:12pt\"><span style=\"font-family:&quot;Times New Roman&quot;,serif\"><span style=\"font-family:&quot;Verdana&quot;,sans-serif\">A m\u00e9s, a l&#039;exposici\u00f3 es podr\u00e0 visionar Almiserat, una pe\u00e7a audiovisual produ\u00efda pel Taller d&#039;Imatge de la Diputaci\u00f3 d&#039;Alacant on s&#039;inclouen diverses vistes a\u00e8ries dels castells de la prov\u00edncia acompanyades d&#039;una explicaci\u00f3 locutada.<\/span><\/span><\/span><\/p>\n<p style=\"margin-left:0cm; margin-right:0cm; text-align:justify\"><span style=\"font-size:12pt\"><span style=\"font-family:&quot;Times New Roman&quot;,serif\"><span style=\"font-family:&quot;Verdana&quot;,sans-serif\">L?encarregat de la museografia de l?exposici\u00f3 \u00e9s l?arquitecte \u00c1ngel Rocamora, premi Emporia d?Or a la millor exposici\u00f3 itinerant d?Espanya el 2015 i encarregat de la museografia d?exposicions com la dels guerrers de Xi&#039;An al MARQ.<\/span><\/span><\/span><\/p>\n<p style=\"margin-left:0cm; margin-right:0cm; text-align:justify\"><span style=\"font-size:11pt\"><span style=\"font-family:Calibri,sans-serif\"><span style=\"font-family:&quot;Verdana&quot;,sans-serif\"><span style=\"color:black\">\u201cGuardians de Pedra. Els castells d&#039;Alacant\u201d<\/span> es fa gr\u00e0cies a la col\u00b7laboraci\u00f3 de l&#039;Ajuntament d&#039;Alacant, la Fundaci\u00f3 de la Comunitat Valenciana MARQ i Esatur XXI, amb l&#039;objectiu afegit de generar un corredor tur\u00edstic entre el Castell de Santa Barbara i el MARQ. Una uni\u00f3 que comen\u00e7a amb aquesta mostra i que s&#039;espera que pugui desenvolupar futures col\u00b7laboracions en el futur.<\/span><\/span><\/span><\/p>","protected":false},"excerpt":{"rendered":"<p>&nbsp;&nbsp; El Castillo de Santa B&aacute;rbara acoge &ldquo;Guardianes de Piedra. Los castillos de Alicante&rdquo;, una<span class=\"excerpt-hellip\"> [\u2026]<\/span><\/p>\n","protected":false},"author":3,"featured_media":0,"comment_status":"open","ping_status":"open","sticky":false,"template":"","format":"standard","meta":{"kia_subtitle":"","footnotes":""},"categories":[],"tags":[],"class_list":["post-34728","post","type-post","status-publish","format-standard","hentry"],"meta_box":[],"_links":{"self":[{"href":"https:\/\/marqalicante-admin.qwair.com\/va\/wp-json\/wp\/v2\/posts\/34728","targetHints":{"allow":["GET"]}}],"collection":[{"href":"https:\/\/marqalicante-admin.qwair.com\/va\/wp-json\/wp\/v2\/posts"}],"about":[{"href":"https:\/\/marqalicante-admin.qwair.com\/va\/wp-json\/wp\/v2\/types\/post"}],"author":[{"embeddable":true,"href":"https:\/\/marqalicante-admin.qwair.com\/va\/wp-json\/wp\/v2\/users\/3"}],"replies":[{"embeddable":true,"href":"https:\/\/marqalicante-admin.qwair.com\/va\/wp-json\/wp\/v2\/comments?post=34728"}],"version-history":[{"count":0,"href":"https:\/\/marqalicante-admin.qwair.com\/va\/wp-json\/wp\/v2\/posts\/34728\/revisions"}],"wp:attachment":[{"href":"https:\/\/marqalicante-admin.qwair.com\/va\/wp-json\/wp\/v2\/media?parent=34728"}],"wp:term":[{"taxonomy":"category","embeddable":true,"href":"https:\/\/marqalicante-admin.qwair.com\/va\/wp-json\/wp\/v2\/categories?post=34728"},{"taxonomy":"post_tag","embeddable":true,"href":"https:\/\/marqalicante-admin.qwair.com\/va\/wp-json\/wp\/v2\/tags?post=34728"}],"curies":[{"name":"wp","href":"https:\/\/api.w.org\/{rel}","templated":true}]}}