{"id":34724,"date":"2024-03-01T09:57:00","date_gmt":"2024-03-01T09:57:00","guid":{"rendered":"https:\/\/marqalicante-admin.qwair.com\/2024\/03\/01\/los-dias-5-6-7-8-y-10-de-marzo-con-la-mujer-como-protagonista-desde-la-perspectiva-historica-charlas-talleres-y-visitas-animadas-en-el-marq-para-celebrar-el-dia-internacional-de-la-mujer\/"},"modified":"2024-03-01T09:57:00","modified_gmt":"2024-03-01T09:57:00","slug":"los-dias-5-6-7-8-y-10-de-marzo-con-la-mujer-como-protagonista-desde-la-perspectiva-historica-charlas-talleres-y-visitas-animadas-en-el-marq-para-celebrar-el-dia-internacional-de-la-mujer","status":"publish","type":"post","link":"https:\/\/marqalicante-admin.qwair.com\/va\/los-dias-5-6-7-8-y-10-de-marzo-con-la-mujer-como-protagonista-desde-la-perspectiva-historica-charlas-talleres-y-visitas-animadas-en-el-marq-para-celebrar-el-dia-internacional-de-la-mujer\/","title":{"rendered":"Els dies 5, 6, 7, 8 i 10 de mar\u00e7, amb la dona com a protagonista des de la perspectiva hist\u00f2rica Xerrades, tallers i visites animades al MARQ per celebrar el Dia Internacional de la Dona"},"content":{"rendered":"<p>&nbsp;<img decoding=\"async\" alt=\"\" src=\"\/contenido\/genericas\/Mujer%2024%201.jpg\" style=\"height:525px; width:700px\" \/><\/p>\n<p style=\"margin-left:0cm; margin-right:0cm; text-align:justify\"><span style=\"font-size:11pt\"><span style=\"font-family:Calibri,sans-serif\"><span style=\"font-size:12.0pt\"><span style=\"font-family:&quot;Arial&quot;,sans-serif\">La Fundaci\u00f3 CV MARQ s&#039;adhereix a la celebraci\u00f3 del Dia Internacional de la Dona 2024 amb un programa d&#039;activitats amb xerrades, tallers i visites a les sales temporals del MARQ, que tindran com a protagonista la dona des de la perspectiva hist\u00f2rica. <\/span><\/span><\/span><\/span><\/p>\n<p style=\"margin-left:0cm; margin-right:0cm; text-align:justify\"><span style=\"font-size:11pt\"><span style=\"font-family:Calibri,sans-serif\"><span style=\"font-size:12.0pt\"><span style=\"font-family:&quot;Arial&quot;,sans-serif\">Amb el lema \u201c<em>Invertir en les dones, accelerar el progr\u00e9s\u201d<\/em>, aquest 8 de mar\u00e7 se celebra el Dia Internacional de la Dona i per commemorar-ho, l<\/span><\/span><span style=\"font-size:12.0pt\"><span style=\"font-family:&quot;Arial&quot;,sans-serif\">a Diputaci\u00f3 d&#039;Alacant, mitjan\u00e7ant la Fundaci\u00f3 CV MARQ i la seva Unitat de Did\u00e0ctica, Accessibilitat, Club Llumiq i Responsabilitat Social ha dissenyat diverses activitats. Aix\u00ed, els visitants que s&#039;acostin al MARQ el 8 de mar\u00e7 podran con\u00e8ixer el paper que van exercir les dones al llarg de la hist\u00f2ria, a trav\u00e9s d&#039;un <strong>QR interactiu<\/strong> amb preguntes que us portar\u00e0 a rec\u00f3rrer les diferents sales de la col\u00b7lecci\u00f3 permanent del Museu, centrant-se en el paper de la dona al llarg de la hist\u00f2ria.&nbsp;&nbsp;<\/span><\/span><\/span><\/span><\/p>\n<p style=\"margin-left:0cm; margin-right:0cm; text-align:justify\"><span style=\"font-size:11pt\"><span style=\"font-family:Calibri,sans-serif\"><a name=\"_Hlk160097321\"><span style=\"font-size:12.0pt\"><span style=\"font-family:&quot;Arial&quot;,sans-serif\">Els dies amb programaci\u00f3 espec\u00edfica s\u00f3n el 5, 6, 7, 8 i 10 de mar\u00e7.<\/span><\/span><\/a><span style=\"font-size:12.0pt\"><span style=\"font-family:&quot;Arial&quot;,sans-serif\">n l&#039;Hospital General d&#039;Alacant i dins del projecte <strong><em>Un Hospital de conte<\/em><\/strong> que es duu a terme amb la Unitat Pedag\u00f2gica Hospital\u00e0ria de l&#039;Hospital General Universitari d&#039;Alacant Doctor Balmis per a nens hospitalitzats, es realitzar\u00e0 el taller <\/span><\/span><strong><em><span style=\"font-size:12.0pt\"><span style=\"font-family:&quot;Arial&quot;,sans-serif\">El Talent d&#039;OCU<\/span><\/span><\/em><\/strong><span style=\"font-size:12.0pt\"><span style=\"font-family:&quot;Arial&quot;,sans-serif\">. Una activitat amb qu\u00e8 donar a con\u00e8ixer com seria la vida quotidiana a la Prehist\u00f2ria i que t\u00e9 com a objectiu fomentar els valors sobre el treball femen\u00ed i la import\u00e0ncia que ha tingut la dona en el desenvolupament de les nostres societats. <\/span><\/span><\/span><\/span><\/p>\n<p style=\"margin-left:0cm; margin-right:0cm; text-align:justify\"><span style=\"font-size:11pt\"><span style=\"font-family:Calibri,sans-serif\"><span style=\"font-size:12.0pt\"><span style=\"font-family:&quot;Arial&quot;,sans-serif\">El dia 6 de mar\u00e7 i al Centre Penitenciari Fontcalent d&#039;Alacant, tindr\u00e0 lloc la <em>Xerrada sobre els llegats del MARQ, <\/em><\/span><\/span><span style=\"font-size:12.0pt\"><span style=\"font-family:&quot;Arial&quot;,sans-serif\">amb qu\u00e8 presentarem el registre material que s&#039;exposa a les col\u00b7leccions permanents del Museu relacionat amb el paper social de la dona. Aquesta activitat s&#039;emmarca dins del projecte <strong><em>Tornar amb una nova Hist\u00f2ria<\/em> <\/strong>que s&#039;imparteix a <strong>el Centre Penitenciari dAlacant. <\/strong><\/span><\/span><\/span><\/span><\/p>\n<p style=\"margin-left:0cm; margin-right:0cm; text-align:justify\"><span style=\"font-size:11pt\"><span style=\"font-family:Calibri,sans-serif\"><span style=\"font-size:12.0pt\"><span style=\"font-family:&quot;Arial&quot;,sans-serif\">El dijous 7 de mar\u00e7, al Centre de Formaci\u00f3 d&#039;APSA-Alacant i dins del projecte <strong><em>Hist\u00f2ria sense barreres MARQ-APSA<\/em><\/strong>, s&#039;ha programat la c<\/span><\/span><span style=\"font-size:12.0pt\"><span style=\"font-family:&quot;Arial&quot;,sans-serif\">far-la <strong><em>La<\/em><\/strong><\/span><\/span><strong><em><span style=\"font-size:12.0pt\"><span style=\"font-family:&quot;Arial&quot;,sans-serif\"> dona en \u00e8poca romana<\/span><\/span><\/em><\/strong><span style=\"font-size:12.0pt\"><span style=\"font-family:&quot;Arial&quot;,sans-serif\">, en qu\u00e8<\/span><\/span><span style=\"font-size:12.0pt\"><span style=\"font-family:&quot;Arial&quot;,sans-serif\"> parlarem del paper de la dona a la societat romana. <\/span><\/span><\/span><\/span><\/p>\n<p style=\"margin-left:0cm; margin-right:0cm; text-align:justify\"><span style=\"font-size:11pt\"><span style=\"font-family:Calibri,sans-serif\"><span style=\"font-size:12.0pt\"><span style=\"font-family:&quot;Arial&quot;,sans-serif\">El <\/span><\/span><span style=\"font-size:12.0pt\"><span style=\"font-family:&quot;Arial&quot;,sans-serif\">8 de mar\u00e7 al MARQ, est\u00e0 prevista la xerrada <strong><em>Despr\u00e9s dels vels de la Hist\u00f2ria: Les grans monarques del passat<\/em><\/strong>, on farem un petit recorregut per algunes de les reines m\u00e9s importants de la hist\u00f2ria. Una <\/span><\/span><span style=\"font-size:12.0pt\"><span style=\"font-family:&quot;Arial&quot;,sans-serif\">activitat que tindr\u00e0 lloc a la Sala de Juntes del MARQ, dins del projecte <strong>MARQ + 65<\/strong> que duem a terme amb Aules de la Tercera Edat (ASAUTE) d&#039;Alacant. <\/span><\/span><\/span><\/span><\/p>\n<p style=\"margin-left:0cm; margin-right:0cm; text-align:justify\"><span style=\"font-size:11pt\"><span style=\"font-family:Calibri,sans-serif\"><span style=\"font-size:12.0pt\"><span style=\"font-family:&quot;Arial&quot;,sans-serif\">I aquell mateix dia, al Jaciment de La Illeta dels Banyets al Campello, <\/span><\/span><strong><em><span style=\"font-size:12.0pt\"><span style=\"font-family:&quot;Arial&quot;,sans-serif\">Descobrint els nostres avantpassats<\/span><\/span><\/em><\/strong><span style=\"font-size:12.0pt\"><span style=\"font-family:&quot;Arial&quot;,sans-serif\">. Activitat consistent en un taller d\u00b4excavaci\u00f3 per a escolars. Els participants tamb\u00e9 coneixeran el paper de l&#039;arqueologia als estudis de g\u00e8nere. Ser\u00e0 necess\u00e0ria la c<\/span><\/span><span style=\"font-size:12.0pt\"><span style=\"font-family:&quot;Arial&quot;,sans-serif\">oncertaci\u00f3 pr\u00e8via de la visita. <\/span><\/span><\/span><\/span><\/p>\n<p style=\"margin-left:0cm; margin-right:0cm; text-align:justify\"><span style=\"font-size:11pt\"><span style=\"font-family:Calibri,sans-serif\"><span style=\"font-size:12.0pt\"><span style=\"font-family:&quot;Arial&quot;,sans-serif\">Per finalitzar el diumenge 10 de mar\u00e7 amb una visita animada a la sala de Prehist\u00f2ria i un taller sobre pintura rupestre, en qu\u00e8 els participants podran con\u00e8ixer com era la vida quotidiana a la Prehist\u00f2ria amb Cavernus. Durant l&#039;activitat mostrarem la import\u00e0ncia que la dona ha tingut en el desenvolupament de les nostres societats i finalitzarem amb el taller did\u00e0ctic sobre pintura rupestre. <\/span><\/span><span style=\"font-size:12.0pt\"><span style=\"font-family:&quot;Arial&quot;,sans-serif\">&nbsp;Una a<\/span><\/span><span style=\"font-size:12.0pt\"><span style=\"font-family:&quot;Arial&quot;,sans-serif\">ctivitat gratu\u00efta destinada a fam\u00edlies amb menors entre 5 i 10 anys. <\/span><\/span><span style=\"font-size:12.0pt\"><span style=\"font-family:&quot;Arial&quot;,sans-serif\">La inscripci\u00f3 es realitzar\u00e0 telef\u00f2nicament ia les taquilles del MARQ. <\/span><\/span><\/span><\/span><\/p>\n<p style=\"margin-left:0cm; margin-right:0cm; text-align:justify\"><span style=\"font-size:11pt\"><span style=\"font-family:Calibri,sans-serif\"><span style=\"font-size:12.0pt\"><span style=\"font-family:&quot;Arial&quot;,sans-serif\">Disponible tota la informaci\u00f3 a: <\/span><\/span><a href=\"https:\/\/www.marqalicante.com\/Paginas\/es\/D%C3%8DA-INTERNACIONAL-DE-LA-MUJER-2024-P786-M1.html\" target=\"_blank\" rel=\"noopener\">MARQ \u2013 DIA INTERNACIONAL DE LA DONA 2024 (marqalicante.com)<\/a><\/span><\/span><\/p>\n<p style=\"margin-left:0cm; margin-right:0cm; text-align:justify\">&nbsp;<\/p>","protected":false},"excerpt":{"rendered":"<p>&nbsp; La Fundaci&oacute;n CV MARQ se adhiere a la celebraci&oacute;n del D&iacute;a Internacional de la<span class=\"excerpt-hellip\"> [\u2026]<\/span><\/p>\n","protected":false},"author":3,"featured_media":0,"comment_status":"open","ping_status":"open","sticky":false,"template":"","format":"standard","meta":{"kia_subtitle":"","footnotes":""},"categories":[],"tags":[],"class_list":["post-34724","post","type-post","status-publish","format-standard","hentry"],"meta_box":[],"_links":{"self":[{"href":"https:\/\/marqalicante-admin.qwair.com\/va\/wp-json\/wp\/v2\/posts\/34724","targetHints":{"allow":["GET"]}}],"collection":[{"href":"https:\/\/marqalicante-admin.qwair.com\/va\/wp-json\/wp\/v2\/posts"}],"about":[{"href":"https:\/\/marqalicante-admin.qwair.com\/va\/wp-json\/wp\/v2\/types\/post"}],"author":[{"embeddable":true,"href":"https:\/\/marqalicante-admin.qwair.com\/va\/wp-json\/wp\/v2\/users\/3"}],"replies":[{"embeddable":true,"href":"https:\/\/marqalicante-admin.qwair.com\/va\/wp-json\/wp\/v2\/comments?post=34724"}],"version-history":[{"count":0,"href":"https:\/\/marqalicante-admin.qwair.com\/va\/wp-json\/wp\/v2\/posts\/34724\/revisions"}],"wp:attachment":[{"href":"https:\/\/marqalicante-admin.qwair.com\/va\/wp-json\/wp\/v2\/media?parent=34724"}],"wp:term":[{"taxonomy":"category","embeddable":true,"href":"https:\/\/marqalicante-admin.qwair.com\/va\/wp-json\/wp\/v2\/categories?post=34724"},{"taxonomy":"post_tag","embeddable":true,"href":"https:\/\/marqalicante-admin.qwair.com\/va\/wp-json\/wp\/v2\/tags?post=34724"}],"curies":[{"name":"wp","href":"https:\/\/api.w.org\/{rel}","templated":true}]}}