{"id":34714,"date":"2024-02-01T12:50:00","date_gmt":"2024-02-01T12:50:00","guid":{"rendered":"https:\/\/marqalicante-admin.qwair.com\/2024\/02\/01\/el-centro-penitenciario-de-alicante-y-la-fundacion-cv-marq-ponen-en-marcha-la-5a-edicion-de-regresar-con-una-nueva-historia\/"},"modified":"2024-02-01T12:50:00","modified_gmt":"2024-02-01T12:50:00","slug":"el-centro-penitenciario-de-alicante-y-la-fundacion-cv-marq-ponen-en-marcha-la-5a-edicion-de-regresar-con-una-nueva-historia","status":"publish","type":"post","link":"https:\/\/marqalicante-admin.qwair.com\/va\/el-centro-penitenciario-de-alicante-y-la-fundacion-cv-marq-ponen-en-marcha-la-5a-edicion-de-regresar-con-una-nueva-historia\/","title":{"rendered":"El Centre Penitenciari d&#039;Alacant i la Fundaci\u00f3 CV MARQ engeguen la 5a edici\u00f3 de Tornar amb una nova Hist\u00f2ria"},"content":{"rendered":"<p style=\"margin-left:0cm; margin-right:0cm; text-align:center\"><img decoding=\"async\" alt=\"\" src=\"\/contenido\/genericas\/fontcalent%202024%202.jpg\" style=\"height:231px; width:500px\" \/><\/p>\n<p style=\"margin-left:0cm; margin-right:0cm; text-align:justify\"><span style=\"font-size:11pt\"><span style=\"font-family:Calibri,sans-serif\"><span style=\"font-size:12.0pt\"><span style=\"font-family:&quot;Arial&quot;,sans-serif\">Afavorir el coneixement de la hist\u00f2ria i ajudar en la reinserci\u00f3 de la poblaci\u00f3 reclusa s\u00f3n dos dels objectius del programa \u201c<em>Tornar amb una nova Hist\u00f2ria\u201d<\/em> que duen a terme la Fundaci\u00f3 CV MARQ en col\u00b7laboraci\u00f3 amb el Centre Penitenciari dAlacant.<\/span><\/span><\/span><\/span><\/p>\n<p style=\"margin-left:0cm; margin-right:0cm; text-align:justify\"><span style=\"font-size:11pt\"><span style=\"font-family:Calibri,sans-serif\"><span style=\"font-size:12.0pt\"><span style=\"font-family:&quot;Arial&quot;,sans-serif\">Aquest programa que aquest any compleix la seva cinquena edici\u00f3 es desenvolupar\u00e0 al Centre Penitenciari de Fontcalent de febrer a juny, ha estat presentat pel director gerent de la Fundaci\u00f3 CV MARQ, Josep Albert Cort\u00e9s, i el t\u00e8cnic de la Unitat de Did\u00e0ctica de la mateixa , Jos\u00e9 M\u00aa Gal\u00e1n, amb la subdirectora de tractament del centre, Nuria Bru Salas<\/span><\/span><\/span><\/span><\/p>\n<p style=\"margin-left:0cm; margin-right:0cm; text-align:justify\"><span style=\"font-size:11pt\"><span style=\"font-family:Calibri,sans-serif\"><em><span style=\"font-size:12.0pt\"><span style=\"font-family:&quot;Arial&quot;,sans-serif\">Tornar amb una nova Hist\u00f2ria<\/span><\/span><\/em><span style=\"font-size:12.0pt\"><span style=\"font-family:&quot;Arial&quot;,sans-serif\"> pret\u00e9n apropar el coneixement de la hist\u00f2ria, aix\u00ed com els recursos culturals de qu\u00e8 la Fundaci\u00f3 MARQ disposa a la poblaci\u00f3 reclusa, com a forma de cobrir aspectes formatius, l\u00fadics i motivacionals, amb qu\u00e8 preparar la seva reinserci\u00f3 social, a trav\u00e9s del coneixement de l&#039;entorn a qui han de retornar. <\/span><\/span><\/span><\/span><\/p>\n<p style=\"margin-left:0cm; margin-right:0cm; text-align:justify\"><span style=\"font-size:11pt\"><span style=\"font-family:Calibri,sans-serif\"><span style=\"font-size:12.0pt\"><span style=\"font-family:&quot;Arial&quot;,sans-serif\">En aquesta cinquena edici\u00f3, el programa compta amb tres fases. La primera \u00e9s un cicle de sessions formatives al mateix centre penitenciari, sobre els continguts del MARQ des de la Prehist\u00f2ria fins a l&#039;Edat Moderna i Contempor\u00e0nia, de les seves exposicions temporals i jaciments. Sessions formatives que es complementaran amb tallers did\u00e0ctics relacionats amb la tem\u00e0tica de cadascuna de les sessions. Una segona fase en qu\u00e8 es faran visites al museu i als jaciments de grups d&#039;interns que reuneixin els requisits necessaris, a criteri de la Junta de Tractament, per integrar-se en aquesta activitat i una tercera i \u00faltima amb xerrades al mateix centre impartides per personalitats rellevants de la cultura alacantina.<\/span><\/span><\/span><\/span><\/p>\n<p style=\"margin-left:0cm; margin-right:0cm; text-align:justify\"><span style=\"font-size:11pt\"><span style=\"font-family:Calibri,sans-serif\"><span style=\"font-size:12.0pt\"><span style=\"font-family:&quot;Arial&quot;,sans-serif\">Amb aquest programa, la Fundaci\u00f3 MARQ apropa els reclusos i les persones en risc d&#039;exclusi\u00f3 social, el museu d&#039;arqueologia i els jaciments de la Diputaci\u00f3 per ajudar i facilitar la seva resocialitzaci\u00f3, convertint-se en una eina perqu\u00e8 els interns puguin participar de la vida cultural que els \u00e9s m\u00e9s propera, a m\u00e9s de contribuir a la formaci\u00f3 dels homes i les dones que compleixen penes de pres\u00f3 i mesures alternatives, afavorint la seva evoluci\u00f3 personal i autoestima. <\/span><\/span><\/span><\/span><\/p>","protected":false},"excerpt":{"rendered":"<p>Favorecer el conocimiento de la historia y ayudar en la reinserci&oacute;n de la poblaci&oacute;n reclusa<span class=\"excerpt-hellip\"> [\u2026]<\/span><\/p>\n","protected":false},"author":3,"featured_media":0,"comment_status":"open","ping_status":"open","sticky":false,"template":"","format":"standard","meta":{"kia_subtitle":"","footnotes":""},"categories":[],"tags":[],"class_list":["post-34714","post","type-post","status-publish","format-standard","hentry"],"meta_box":[],"_links":{"self":[{"href":"https:\/\/marqalicante-admin.qwair.com\/va\/wp-json\/wp\/v2\/posts\/34714","targetHints":{"allow":["GET"]}}],"collection":[{"href":"https:\/\/marqalicante-admin.qwair.com\/va\/wp-json\/wp\/v2\/posts"}],"about":[{"href":"https:\/\/marqalicante-admin.qwair.com\/va\/wp-json\/wp\/v2\/types\/post"}],"author":[{"embeddable":true,"href":"https:\/\/marqalicante-admin.qwair.com\/va\/wp-json\/wp\/v2\/users\/3"}],"replies":[{"embeddable":true,"href":"https:\/\/marqalicante-admin.qwair.com\/va\/wp-json\/wp\/v2\/comments?post=34714"}],"version-history":[{"count":0,"href":"https:\/\/marqalicante-admin.qwair.com\/va\/wp-json\/wp\/v2\/posts\/34714\/revisions"}],"wp:attachment":[{"href":"https:\/\/marqalicante-admin.qwair.com\/va\/wp-json\/wp\/v2\/media?parent=34714"}],"wp:term":[{"taxonomy":"category","embeddable":true,"href":"https:\/\/marqalicante-admin.qwair.com\/va\/wp-json\/wp\/v2\/categories?post=34714"},{"taxonomy":"post_tag","embeddable":true,"href":"https:\/\/marqalicante-admin.qwair.com\/va\/wp-json\/wp\/v2\/tags?post=34714"}],"curies":[{"name":"wp","href":"https:\/\/api.w.org\/{rel}","templated":true}]}}