{"id":34711,"date":"2024-01-29T09:05:00","date_gmt":"2024-01-29T09:05:00","guid":{"rendered":"https:\/\/marqalicante-admin.qwair.com\/2024\/01\/29\/el-marq-despide-a-los-guerreros-de-xian-con-la-cifra-record-de-280-682-visitantes\/"},"modified":"2024-01-29T09:05:00","modified_gmt":"2024-01-29T09:05:00","slug":"el-marq-despide-a-los-guerreros-de-xian-con-la-cifra-record-de-280-682-visitantes","status":"publish","type":"post","link":"https:\/\/marqalicante-admin.qwair.com\/va\/el-marq-despide-a-los-guerreros-de-xian-con-la-cifra-record-de-280-682-visitantes\/","title":{"rendered":"El MARQ acomiada Los Guerreros de Xi&#039;an amb la xifra r\u00e8cord de 280.682 visitants"},"content":{"rendered":"<p style=\"margin-left:0cm; margin-right:0cm; text-align:center\"><img decoding=\"async\" alt=\"\" src=\"\/contenido\/genericas\/Captura(25).JPG\" style=\"height:327px; width:500px\" \/><\/p>\n<p style=\"margin-left:0cm; margin-right:0cm; text-align:justify\"><span style=\"font-size:12pt\"><span style=\"font-family:&quot;Times New Roman&quot;,serif\"><span style=\"font-size:11.0pt\"><span style=\"font-family:&quot;Verdana&quot;,sans-serif\">Un total de <strong>280.682 persones han visitat al MARQ l&#039;exposici\u00f3 &#039;El llegat de les dinasties Qin i Han, Xina. Els Guerrers de Xi&#039;an&#039;<\/strong>, convertint-se, amb aquesta <strong>xifra r\u00e8cord<\/strong>, a <strong>la m\u00e9s vista de la hist\u00f2ria del museu alacant\u00ed<\/strong>. La mostra, que va ser inaugurada el passat 28 de mar\u00e7 de 2023, s&#039;ha acomiadat aquest cap de setmana del MARQ, despr\u00e9s de deu mesos d&#039;exhibici\u00f3, amb <strong>dues jornades de portes obertes que han congregat m\u00e9s de 7.587 visitants<\/strong>. <\/span><\/span><\/span><\/span><\/p>\n<p style=\"margin-left:0cm; margin-right:0cm; text-align:justify\"><span style=\"font-size:12pt\"><span style=\"font-family:&quot;Times New Roman&quot;,serif\"><span style=\"font-size:11.0pt\"><span style=\"font-family:&quot;Verdana&quot;,sans-serif\">El diputat de Cultura, <strong>Joan de D\u00e9u Navarro<\/strong>, ha agra\u00eft la resposta del p\u00fablic i ha posat en valor l&#039;aposta de la Diputaci\u00f3 i del Museu Arqueol\u00f2gic d&#039;Alacant per &quot;exposicions internacionals de primer nivell com la dels Guerrers de Xi&#039;an&quot;.<\/span><\/span><span style=\"font-size:11.0pt\"><span style=\"font-family:&quot;Verdana&quot;,sans-serif\">S\u00f3n dades hist\u00f2riques que confirmen el suport de la Diputaci\u00f3 a un projecte cultural \u00fanic al m\u00f3n<\/span><\/span><span style=\"font-size:11.0pt\"><span style=\"font-family:&quot;Verdana&quot;,sans-serif\">\u201d, ha afegit. <\/span><\/span><\/span><\/span><\/p>\n<p style=\"margin-left:0cm; margin-right:0cm; text-align:justify\"><span style=\"font-size:12pt\"><span style=\"font-family:&quot;Times New Roman&quot;,serif\"><span style=\"font-size:11.0pt\"><span style=\"font-family:&quot;Verdana&quot;,sans-serif\">Entre els que han pogut gaudir d&#039;aquesta mostra internacional, que inclo\u00efa m\u00e9s d&#039;un centenar de peces, entre les quals hi ha una selecci\u00f3 destacada de <strong>10 escultures originals de terracota -9 guerrers i 1 cavall-, <\/strong>destaquen<strong> els 225.275 alacantins <\/strong>que s&#039;han acostat fins al MARQ, seguits en nombre pels visitants procedents de<strong> Madrid<\/strong>, amb 7.125;<strong> Val\u00e8ncia<\/strong>, amb 6.263;<strong> M\u00farcia<\/strong>, amb 5.944;<strong> Castella-la Manxa<\/strong>, amb 3.448;<strong> Castella i Lle\u00f3<\/strong>, amb 2.195;<strong> Andalusia, <\/strong>amb 2.038; i<strong> Catalunya<\/strong>, amb 1.217 persones.&nbsp; <\/span><\/span><\/span><\/span><\/p>\n<p style=\"margin-left:0cm; margin-right:0cm; text-align:justify\"><span style=\"font-size:12pt\"><span style=\"font-family:&quot;Times New Roman&quot;,serif\"><span style=\"font-size:11.0pt\"><span style=\"font-family:&quot;Verdana&quot;,sans-serif\">Pel que fa a la proced\u00e8ncia dels visitants de fora d&#039;Espanya, lideren el r\u00e0nquing els arribats d&#039;Europa.<strong>Gran Bretanya<\/strong> (5.059 persones), <strong>Pa\u00efsos de l&#039;Est <\/strong>(2.314), <strong>Fran\u00e7a<\/strong> (2.234); <strong>Pa\u00efsos Baixos<\/strong> (1.974) i <strong>Pa\u00efsos N\u00f2rdics<\/strong> (1.839)-, seguits pels del <strong>continent americ\u00e0<\/strong> (3.567) i <strong>\u00c0sia<\/strong> (2.128). <\/span><\/span><\/span><\/span><\/p>\n<p style=\"margin-left:0cm; margin-right:0cm; text-align:justify\"><span style=\"font-size:12pt\"><span style=\"font-family:&quot;Times New Roman&quot;,serif\"><span style=\"font-size:11.0pt\"><span style=\"font-family:&quot;Verdana&quot;,sans-serif\">Aquests deu mesos que l&#039;exposici\u00f3 ha estat oberta al p\u00fablic, l&#039;equip de guies de la Fundaci\u00f3 MARQ ha realitzat <strong>3.470 passades guiades<\/strong>, dels quals, 2.905 han estat en castell\u00e0, 227 en angl\u00e8s, 170 en valenci\u00e0 i 76 en franc\u00e8s. A m\u00e9s, <strong>92 passis han estat concertacions per a escolars i associacions de col\u00b7lectius vulnerables<\/strong>, adaptats a les capacitats.<\/span><\/span><\/span><\/span><\/p>\n<p style=\"margin-left:0cm; margin-right:0cm; text-align:justify\"><span style=\"font-size:12pt\"><span style=\"font-family:&quot;Times New Roman&quot;,serif\"><span style=\"font-size:11.0pt\"><span style=\"font-family:&quot;Verdana&quot;,sans-serif\">La mostra ha estat vista per <strong>100.408 persones en entrada lliure i 180.274 persones en visita guiada<\/strong>. Pel que fa a les <strong>visites teatralitzades, han estat 90 les passades realitzades<\/strong>, en qu\u00e8 1.776 persones han gaudit dels detalls de l&#039;exposici\u00f3 en aquesta modalitat. <\/span><\/span><\/span><\/span><\/p>\n<p style=\"margin-left:0cm; margin-right:0cm; text-align:justify\"><span style=\"font-size:12pt\"><span style=\"font-family:&quot;Times New Roman&quot;,serif\"><span style=\"font-size:11.0pt\"><span style=\"font-family:&quot;Verdana&quot;,sans-serif\">Aix\u00ed mateix, han participat <strong>2.390 menors<\/strong>, d&#039;entre 6 i 12 anys, a les <strong>activitats del MARQ durant els per\u00edodes de vacances <\/strong>d\u00b4estiu i Nadal, unes propostes programades i organitzades per la Unitat de Did\u00e0ctica de la Fundaci\u00f3 CV MARQ.<\/span><\/span><\/span><\/span><\/p>\n<p style=\"margin-left:0cm; margin-right:0cm; text-align:justify\"><span style=\"font-size:12pt\"><span style=\"font-family:&quot;Times New Roman&quot;,serif\"><span style=\"font-size:11.0pt\"><span style=\"font-family:&quot;Verdana&quot;,sans-serif\">Destaquen tamb\u00e9 al balan\u00e7, les <strong>91.956 entrades que s&#039;han adquirit a trav\u00e9s d&#039;Instanticket<\/strong> -65.145 han estat en visita guiada i 26.811 en visita lliure-.<\/span><\/span><\/span><\/span><\/p>\n<p style=\"margin-left:0cm; margin-right:0cm; text-align:justify\">&nbsp;<\/p>\n<p style=\"margin-left:0cm; margin-right:0cm; text-align:justify\"><span style=\"font-size:12pt\"><span style=\"font-family:&quot;Times New Roman&quot;,serif\">&nbsp; <\/span><\/span><\/p>\n<p style=\"margin-left:0cm; margin-right:0cm; text-align:justify\">&nbsp;<\/p>\n<p style=\"margin-left:0cm; margin-right:0cm; text-align:justify\">&nbsp;<\/p>\n<p style=\"margin-left:0cm; margin-right:0cm; text-align:justify\">&nbsp;<\/p>\n<p style=\"margin-left:0cm; margin-right:0cm; text-align:justify\"><span style=\"font-size:12pt\"><span style=\"font-family:&quot;Times New Roman&quot;,serif\">&nbsp;&nbsp;&nbsp;&nbsp;&nbsp;&nbsp;&nbsp;&nbsp; <\/span><\/span><\/p>","protected":false},"excerpt":{"rendered":"<p>Un total de 280.682 personas ha visitado en el MARQ la exposici&oacute;n &lsquo;El legado de<span class=\"excerpt-hellip\"> [\u2026]<\/span><\/p>\n","protected":false},"author":3,"featured_media":0,"comment_status":"open","ping_status":"open","sticky":false,"template":"","format":"standard","meta":{"kia_subtitle":"","footnotes":""},"categories":[],"tags":[],"class_list":["post-34711","post","type-post","status-publish","format-standard","hentry"],"meta_box":[],"_links":{"self":[{"href":"https:\/\/marqalicante-admin.qwair.com\/va\/wp-json\/wp\/v2\/posts\/34711","targetHints":{"allow":["GET"]}}],"collection":[{"href":"https:\/\/marqalicante-admin.qwair.com\/va\/wp-json\/wp\/v2\/posts"}],"about":[{"href":"https:\/\/marqalicante-admin.qwair.com\/va\/wp-json\/wp\/v2\/types\/post"}],"author":[{"embeddable":true,"href":"https:\/\/marqalicante-admin.qwair.com\/va\/wp-json\/wp\/v2\/users\/3"}],"replies":[{"embeddable":true,"href":"https:\/\/marqalicante-admin.qwair.com\/va\/wp-json\/wp\/v2\/comments?post=34711"}],"version-history":[{"count":0,"href":"https:\/\/marqalicante-admin.qwair.com\/va\/wp-json\/wp\/v2\/posts\/34711\/revisions"}],"wp:attachment":[{"href":"https:\/\/marqalicante-admin.qwair.com\/va\/wp-json\/wp\/v2\/media?parent=34711"}],"wp:term":[{"taxonomy":"category","embeddable":true,"href":"https:\/\/marqalicante-admin.qwair.com\/va\/wp-json\/wp\/v2\/categories?post=34711"},{"taxonomy":"post_tag","embeddable":true,"href":"https:\/\/marqalicante-admin.qwair.com\/va\/wp-json\/wp\/v2\/tags?post=34711"}],"curies":[{"name":"wp","href":"https:\/\/api.w.org\/{rel}","templated":true}]}}