{"id":34710,"date":"2024-01-27T09:22:00","date_gmt":"2024-01-27T09:22:00","guid":{"rendered":"https:\/\/marqalicante-admin.qwair.com\/2024\/01\/27\/la-afluencia-de-publico-lleva-al-marq-a-ampliar-manana-domingo-su-horario-hasta-las-20-00-horas-para-despedir-a-los-guerreros-de-xian\/"},"modified":"2024-01-27T09:22:00","modified_gmt":"2024-01-27T09:22:00","slug":"la-afluencia-de-publico-lleva-al-marq-a-ampliar-manana-domingo-su-horario-hasta-las-20-00-horas-para-despedir-a-los-guerreros-de-xian","status":"publish","type":"post","link":"https:\/\/marqalicante-admin.qwair.com\/va\/la-afluencia-de-publico-lleva-al-marq-a-ampliar-manana-domingo-su-horario-hasta-las-20-00-horas-para-despedir-a-los-guerreros-de-xian\/","title":{"rendered":"L&#039;aflu\u00e8ncia de p\u00fablic porta el MARQ a ampliar dem\u00e0 diumenge el seu horari fins a les 20.00 hores per acomiadar Los Guerreros de Xi&#039;an"},"content":{"rendered":"<p style=\"margin-left:0cm; margin-right:0cm; text-align:center\"><img decoding=\"async\" alt=\"\" src=\"\/contenido\/genericas\/MARQ%203.jpg\" style=\"height:769px; width:500px\" \/><\/p>\n<p style=\"margin-left:0cm; margin-right:0cm; text-align:justify\"><span style=\"font-size:12pt\"><span style=\"font-family:&quot;Times New Roman&quot;,serif\"><span style=\"font-size:11.0pt\"><span style=\"font-family:&quot;Verdana&quot;,sans-serif\">El MARQ <strong>ampliar\u00e0 dem\u00e0 diumenge fins a les 20.00 hores<\/strong> el vostre horari de visita a l&#039;exposici\u00f3 <strong>&quot;El llegat de les dinasties Qin i Han, Xina. Els guerrers de Xi&#039;an&quot;<\/strong> davant l&#039;aflu\u00e8ncia de visitants que ha registrat avui el museu durant la primera de les dues <strong>jornades de portes obertes<\/strong> que s&#039;han programat per acomiadar aquesta mostra internacional, la m\u00e9s visitada de la hist\u00f2ria.<\/span><\/span><\/span><\/span><\/p>\n<p style=\"margin-left:0cm; margin-right:0cm; text-align:justify\"><span style=\"font-size:12pt\"><span style=\"font-family:&quot;Times New Roman&quot;,serif\"><span style=\"font-size:11.0pt\"><span style=\"font-family:&quot;Verdana&quot;,sans-serif\">\u201cAvui els visitants han abarrotat el Museu, cosa que ens ha portat a decidir ampliar en una hora l&#039;horari de visites previst per dem\u00e0 diumenge -\u00faltim dia per poder veure la mostra- i donar aix\u00ed l&#039;oportunitat a tothom de gaudir-ne, complint l\u00b4aforament i garantint la seguretat de les peces\u201d, ha explicat el director de la Fundaci\u00f3 MARQ, <strong>Josep Albert Cort\u00e9s<\/strong>, qui ha especificat que el MARQ romandr\u00e0 obert el diumenge 28 de gener de 10.00 a 20.00 hores. <\/span><\/span><\/span><\/span><\/p>\n<p style=\"margin-left:0cm; margin-right:0cm; text-align:justify\"><span style=\"font-size:12pt\"><span style=\"font-family:&quot;Times New Roman&quot;,serif\"><span style=\"font-size:11.0pt\"><span style=\"font-family:&quot;Verdana&quot;,sans-serif\">En aquest sentit, des de les 7.00 hores del mat\u00ed d&#039;avui hi havia persones esperant a la cua, accedint finalment al museu <strong>a veure la mostra 2.747 visitants durant tota la jornada. <\/strong>A 400 persones m\u00e9s que estaven a la cua aquesta tarda se&#039;ls ha empla\u00e7at a visitar-la dem\u00e0 per motiu d&#039;aforament. <\/span><\/span><\/span><\/span><\/p>\n<p style=\"margin-left:0cm; margin-right:0cm; text-align:justify\"><span style=\"font-size:12pt\"><span style=\"font-family:&quot;Times New Roman&quot;,serif\"><span style=\"font-size:11.0pt\"><span style=\"font-family:&quot;Verdana&quot;,sans-serif\">L&#039;exposici\u00f3 dels Guerrers de Xi&#039;an ha aconseguit <strong>xifres r\u00e8cord<\/strong>, convertint-se en <strong>la m\u00e9s visitada de la hist\u00f2ria del MARQ<\/strong>, ja que<strong> m\u00e9s de 260.000 persones<\/strong> han pogut gaudir de les mil\u00b7len\u00e0ries figures de terracota durant els deu mesos d&#039;exhibici\u00f3.<\/span><\/span><\/span><\/span><\/p>\n<p style=\"margin-left:0cm; margin-right:0cm; text-align:justify\"><span style=\"font-size:12pt\"><span style=\"font-family:&quot;Times New Roman&quot;,serif\"><span style=\"font-size:11.0pt\"><span style=\"font-family:&quot;Verdana&quot;,sans-serif\"><span style=\"color:black\">El MARQ havia programat les <strong>jornades de portes obertes<\/strong> els dies 27 i 28 de gener, inicialment des de les 10.00 fins a les 19.00 hores, per facilitar l&#039;acc\u00e9s gratu\u00eft a la mostra com una <strong>\u201cFesta de la Cultura\u201d<\/strong>. Els visitants poden rec\u00f3rrer les tres sales i admirar aquesta proposta excepcional, comissariada pel doctor <strong>Marcs Martin\u00f3n-Torres<\/strong>, refer\u00e8ncia internacional en les investigacions de l&#039;ex\u00e8rcit de terracota, catedr\u00e0tic de la Universitat de Cambridge i Premi Nacional de Ci\u00e8ncia a la Xina el 2018 pels seus treballs al Jaciment del Mausoleu del Primer Emperador.<\/span><\/span><\/span><\/span><\/span><\/p>\n<p style=\"margin-left:0cm; margin-right:0cm; text-align:justify\"><span style=\"font-size:12pt\"><span style=\"font-family:&quot;Times New Roman&quot;,serif\"><span style=\"font-size:11.0pt\"><span style=\"font-family:&quot;Verdana&quot;,sans-serif\">L&#039;exposici\u00f3, que inclou <strong>m\u00e9s de 120 obres de nou museus i institucions xineses<\/strong> i mostra la hist\u00f2ria de l&#039;antiga Xina, es va inaugurar el mes de mar\u00e7 passat, enmig d&#039;una gran expectaci\u00f3, coincidint amb <span style=\"color:black\">el 50 Aniversari del <\/span>e<span style=\"color:black\">establiment de <\/span>r<span style=\"color:black\">elaboracions <\/span>d<span style=\"color:black\">iplom\u00e0tiques entre Espanya i la Rep\u00fablica Popular de la Xina i amb el 49\u00e8 Aniversari del descobriment del Mausoleu del Primer Emperador.<\/span> Mitjans nacionals i internacionals es van fer ress\u00f2 de l&#039;esdeveniment, que va comptar amb l&#039;assist\u00e8ncia, entre d&#039;altres autoritats,<span style=\"color:black\">el Ministre de Cultura i Turisme de la Xina.<\/span><\/span><\/span><\/span><\/span><\/p>\n<p style=\"margin-left:0cm; margin-right:0cm; text-align:justify\">&nbsp;<\/p>\n<p style=\"margin-left:0cm; margin-right:0cm; text-align:justify\">&nbsp;<\/p>\n<p style=\"margin-left:0cm; margin-right:0cm; text-align:justify\">&nbsp;<\/p>\n<p style=\"margin-left:0cm; margin-right:0cm; text-align:justify\">&nbsp;<\/p>","protected":false},"excerpt":{"rendered":"<p>El MARQ ampliar&aacute; ma&ntilde;ana domingo hasta las 20.00 horas su horario de visita a la<span class=\"excerpt-hellip\"> [\u2026]<\/span><\/p>\n","protected":false},"author":3,"featured_media":0,"comment_status":"open","ping_status":"open","sticky":false,"template":"","format":"standard","meta":{"kia_subtitle":"","footnotes":""},"categories":[],"tags":[],"class_list":["post-34710","post","type-post","status-publish","format-standard","hentry"],"meta_box":[],"_links":{"self":[{"href":"https:\/\/marqalicante-admin.qwair.com\/va\/wp-json\/wp\/v2\/posts\/34710","targetHints":{"allow":["GET"]}}],"collection":[{"href":"https:\/\/marqalicante-admin.qwair.com\/va\/wp-json\/wp\/v2\/posts"}],"about":[{"href":"https:\/\/marqalicante-admin.qwair.com\/va\/wp-json\/wp\/v2\/types\/post"}],"author":[{"embeddable":true,"href":"https:\/\/marqalicante-admin.qwair.com\/va\/wp-json\/wp\/v2\/users\/3"}],"replies":[{"embeddable":true,"href":"https:\/\/marqalicante-admin.qwair.com\/va\/wp-json\/wp\/v2\/comments?post=34710"}],"version-history":[{"count":0,"href":"https:\/\/marqalicante-admin.qwair.com\/va\/wp-json\/wp\/v2\/posts\/34710\/revisions"}],"wp:attachment":[{"href":"https:\/\/marqalicante-admin.qwair.com\/va\/wp-json\/wp\/v2\/media?parent=34710"}],"wp:term":[{"taxonomy":"category","embeddable":true,"href":"https:\/\/marqalicante-admin.qwair.com\/va\/wp-json\/wp\/v2\/categories?post=34710"},{"taxonomy":"post_tag","embeddable":true,"href":"https:\/\/marqalicante-admin.qwair.com\/va\/wp-json\/wp\/v2\/tags?post=34710"}],"curies":[{"name":"wp","href":"https:\/\/api.w.org\/{rel}","templated":true}]}}