{"id":34709,"date":"2024-01-24T14:26:00","date_gmt":"2024-01-24T14:26:00","guid":{"rendered":"https:\/\/marqalicante-admin.qwair.com\/2024\/01\/24\/renfe-y-la-fundacion-cv-marq-promocionan-el-uso-del-tren-para-visitar-el-museo-arqueologico-de-alicante-sus-yacimientos-y-monumentos-y-su-exposicion-dinastias-los-primeros-reinos-de-la-euro\/"},"modified":"2024-01-24T14:26:00","modified_gmt":"2024-01-24T14:26:00","slug":"renfe-y-la-fundacion-cv-marq-promocionan-el-uso-del-tren-para-visitar-el-museo-arqueologico-de-alicante-sus-yacimientos-y-monumentos-y-su-exposicion-dinastias-los-primeros-reinos-de-la-euro","status":"publish","type":"post","link":"https:\/\/marqalicante-admin.qwair.com\/va\/renfe-y-la-fundacion-cv-marq-promocionan-el-uso-del-tren-para-visitar-el-museo-arqueologico-de-alicante-sus-yacimientos-y-monumentos-y-su-exposicion-dinastias-los-primeros-reinos-de-la-euro\/","title":{"rendered":"Renfe i la Fundaci\u00f3 CV MARQ promocionen l&#039;\u00fas del tren per visitar el museu arqueol\u00f2gic d&#039;Alacant, els jaciments i monuments i l&#039;exposici\u00f3 \u201cDinasties. Els primers regnes de l&#039;Europa prehist\u00f2rica\u201d."},"content":{"rendered":"<p style=\"margin-left:0cm; margin-right:0cm; text-align:center\"><img decoding=\"async\" alt=\"\" src=\"\/contenido\/genericas\/WhatsApp%20Image%202024-01-26%20at%2013_50_42(1).jpeg\" style=\"height:667px; width:500px\" \/><\/p>\n<p style=\"margin-left:0cm; margin-right:0cm; text-align:justify\"><span style=\"font-size:12pt\"><span style=\"font-family:&quot;Arial Narrow&quot;,sans-serif\"><span style=\"color:black\"><span style=\"font-size:11.0pt\"><span style=\"font-family:&quot;Arial&quot;,sans-serif\">El president de Renfe, Ra\u00fcl Blanco i el president de la Diputaci\u00f3 d&#039;Alacant i president de la Fundaci\u00f3 CV MARQ, Toni P\u00e9rez, han subscrit aquest mat\u00ed a FITUR un conveni de col\u00b7laboraci\u00f3 amb l&#039;objectiu de promoure l&#039;\u00fas del tren per visitar el MARQ, Museu Arqueol\u00f2gic d&#039;Alacant, jaciments i monuments i Exposicions Temporals. L&#039;acord t\u00e9 per objecte promocionar, d&#039;una banda, la visita al MARQ, els Jaciments i els Monuments com a destinaci\u00f3 tur\u00edstica i, d&#039;altra banda, fomentar l&#039;\u00fas dels trens AVE i de Llarga Dist\u00e0ncia a l&#039;hora de despla\u00e7ar-se per visitar Alacant i la Costa Blanca. <\/span><\/span><\/span><\/span><\/span><\/p>\n<p style=\"margin-left:0cm; margin-right:0cm; text-align:justify\"><span style=\"font-size:12pt\"><span style=\"font-family:&quot;Arial Narrow&quot;,sans-serif\"><span style=\"color:black\"><span style=\"font-size:11.0pt\"><span style=\"font-family:&quot;Arial&quot;,sans-serif\">En virtut de l&#039;acord, la Fundaci\u00f3 MARQ es compromet a promocionar els serveis de Renfe com a mitj\u00e0 de transport, en particular els que fan els trens AVE, Avlo, Alvia, Euromed o Intercity, en totes les activitats que dugui a terme per al foment del turisme cultural. <\/span><\/span><\/span><\/span><\/span><\/p>\n<p style=\"margin-left:0cm; margin-right:0cm; text-align:justify\"><span style=\"font-size:12pt\"><span style=\"font-family:&quot;Arial Narrow&quot;,sans-serif\"><span style=\"color:black\"><span style=\"font-size:11.0pt\"><span style=\"font-family:&quot;Arial&quot;,sans-serif\">Aix\u00ed mateix, informar\u00e0 els assistents al museu, les seves exposicions temporals, els seus esdeveniments culturals i en general destinataris d&#039;inter\u00e8s, de les promocions i de les condicions comercials ofertes per Renfe, a fi de fomentar l&#039;\u00fas dels serveis que ofereix la companyia ferrovi\u00e0ria. <\/span><\/span><\/span><\/span><\/span><\/p>\n<p style=\"margin-left:0cm; margin-right:0cm; text-align:justify\"><span style=\"font-size:12pt\"><span style=\"font-family:Calibri,sans-serif\"><span style=\"color:black\"><span style=\"font-size:11.0pt\"><span style=\"font-family:&quot;Arial&quot;,sans-serif\">Els clients de Renfe podran obtenir entrades gratu\u00eftes al Museu ia les Exposicions Temporals pr\u00e8via presentaci\u00f3 del bitllet individual i nominatiu d&#039;AVE, Llarga Dist\u00e0ncia i Avlo a les taquilles del MARQ. <\/span><\/span><\/span><\/span><\/span><\/p>\n<p style=\"margin-left:0.5pt; margin-right:10.15pt; text-align:justify\"><span style=\"font-size:12pt\"><span style=\"font-family:Calibri,sans-serif\"><span style=\"color:black\"><span style=\"font-size:11.0pt\"><span style=\"font-family:&quot;Arial&quot;,sans-serif\">Igualment, la presentaci\u00f3 dels bitllets de Renfe permetr\u00e0 un descompte del 100% en el preu de les entrades als jaciments i monuments de la gesti\u00f3 de la Fundaci\u00f3 CV MARQ: La Illeta al Campello; el Pla de Petracos al Castell de Castells, la Cova de l\u00b4Or a Beniarr\u00e9s i la Cava Gran d\u00b4Agres.<\/span><\/span><\/span><\/span><\/span><\/p>\n<p style=\"margin-left:0cm; margin-right:0cm; text-align:justify\"><span style=\"font-size:12pt\"><span style=\"font-family:&quot;Arial Narrow&quot;,sans-serif\"><span style=\"color:black\"><span style=\"font-size:11.0pt\"><span style=\"font-family:&quot;Arial&quot;,sans-serif\">Els bitllets v\u00e0lids per a l&#039;obtenci\u00f3 de la gratu\u00eftat seran aquells la data dels quals de viatge estigui dins dels 10 dies anteriors o posteriors a la data de la visita al Museu ia l&#039;Exposici\u00f3. El lliurament d&#039;entrades estar\u00e0 condicionat a la disponibilitat d&#039;acc\u00e9s per limitaci\u00f3 d&#039;aforament dins dels 10 dies expressats. <\/span><\/span><\/span><\/span><\/span><\/p>\n<p style=\"margin-left:0cm; margin-right:0cm; text-align:justify\"><span style=\"font-size:12pt\"><span style=\"font-family:&quot;Arial Narrow&quot;,sans-serif\"><span style=\"color:black\"><span style=\"font-size:11.0pt\"><span style=\"font-family:&quot;Arial&quot;,sans-serif\">A partir del mar\u00e7 i fins a l&#039;octubre d&#039;aquest any, les sales temporals del MARQ acolliran l&#039;exposici\u00f3 internacional \u201c<strong>Dinasties. Els primers regnes de l&#039;Europa prehist\u00f2rica\u201d<\/strong> conformada per prop de 482 peces \u00faniques, reunides per primera vegada per ser exhibides al p\u00fablic, en un projecte del qual participen juntament amb el MARQ 18 museus d&#039;Espanya, Hongria, Eslov\u00e0quia, Alemanya, B\u00e8lgica, Portugal i Dinamarca. nom\u00e9s oferir al visitant l&#039;oportunitat d&#039;apreciar obres mestres de l&#039;Edat del Bronze a l&#039;Europa continental, sin\u00f3 de comprendre, de manera clara i accessible, com i per qu\u00e8 va ser la seva creaci\u00f3, qui en van ser els creadors i per a qu\u00e8 i qui van ser creades. <\/span><\/span><\/span><\/span><\/span><\/p>\n<p style=\"margin-left:0cm; margin-right:0cm; text-align:justify\"><span style=\"font-size:12pt\"><span style=\"font-family:&quot;Arial Narrow&quot;,sans-serif\"><span style=\"color:black\"><span style=\"font-size:11.0pt\"><span style=\"font-family:&quot;Arial&quot;,sans-serif\">Aquest \u00e9s el segon acord que subscriuen Renfe i la Fundaci\u00f3 CV MARQ, despr\u00e9s del signat el 2023 amb ocasi\u00f3 de la mostra internacional <em>\u201cEl Llegat de les Dinasties Qin i Han, Xina. Els Guerrers de Xi&#039;an\u201d<\/em>, que marca les l\u00ednies de treball en diferents \u00e0mbits: com a m\u00e0rqueting relacional entre els seus clients, p\u00e0gines web, bloc i mitjans de comunicaci\u00f3, etc. Renfe Viajeros podr\u00e0 difondre la seva col\u00b7laboraci\u00f3 com a \u201cTren Oficial\u201d, als congressos, esdeveniments, programes i activitats del MARQ, a tots els mitjans de comunicaci\u00f3. <\/span><\/span><\/span><\/span><\/span><\/p>\n<p style=\"margin-left:0.5pt; margin-right:10.15pt; text-align:justify\"><span style=\"font-size:12pt\"><span style=\"font-family:Calibri,sans-serif\"><span style=\"color:black\"><span style=\"font-size:11.0pt\"><span style=\"font-family:&quot;Arial&quot;,sans-serif\">Renfe es torna a convertir en el tren de la cultura, en aquest cas, amb l&#039;objectiu d&#039;incrementar el nombre de visites al Museu Arqueol\u00f2gic Provincial d&#039;Alacant-MARQ, aix\u00ed com fomentar l&#039;\u00fas dels trens.<\/span><\/span><\/span><\/span><\/span><\/p>","protected":false},"excerpt":{"rendered":"<p>El presidente de Renfe, Ra&uuml;l Blanco y el presidente de la Diputaci&oacute;n de Alicante y<span class=\"excerpt-hellip\"> [\u2026]<\/span><\/p>\n","protected":false},"author":3,"featured_media":0,"comment_status":"open","ping_status":"open","sticky":false,"template":"","format":"standard","meta":{"kia_subtitle":"","footnotes":""},"categories":[],"tags":[],"class_list":["post-34709","post","type-post","status-publish","format-standard","hentry"],"meta_box":[],"_links":{"self":[{"href":"https:\/\/marqalicante-admin.qwair.com\/va\/wp-json\/wp\/v2\/posts\/34709","targetHints":{"allow":["GET"]}}],"collection":[{"href":"https:\/\/marqalicante-admin.qwair.com\/va\/wp-json\/wp\/v2\/posts"}],"about":[{"href":"https:\/\/marqalicante-admin.qwair.com\/va\/wp-json\/wp\/v2\/types\/post"}],"author":[{"embeddable":true,"href":"https:\/\/marqalicante-admin.qwair.com\/va\/wp-json\/wp\/v2\/users\/3"}],"replies":[{"embeddable":true,"href":"https:\/\/marqalicante-admin.qwair.com\/va\/wp-json\/wp\/v2\/comments?post=34709"}],"version-history":[{"count":0,"href":"https:\/\/marqalicante-admin.qwair.com\/va\/wp-json\/wp\/v2\/posts\/34709\/revisions"}],"wp:attachment":[{"href":"https:\/\/marqalicante-admin.qwair.com\/va\/wp-json\/wp\/v2\/media?parent=34709"}],"wp:term":[{"taxonomy":"category","embeddable":true,"href":"https:\/\/marqalicante-admin.qwair.com\/va\/wp-json\/wp\/v2\/categories?post=34709"},{"taxonomy":"post_tag","embeddable":true,"href":"https:\/\/marqalicante-admin.qwair.com\/va\/wp-json\/wp\/v2\/tags?post=34709"}],"curies":[{"name":"wp","href":"https:\/\/api.w.org\/{rel}","templated":true}]}}