{"id":34691,"date":"2023-10-27T15:39:00","date_gmt":"2023-10-27T15:39:00","guid":{"rendered":"https:\/\/marqalicante-admin.qwair.com\/2023\/10\/27\/toni-perez-recibe-a-una-delegacion-del-gobierno-de-shannxi-con-motivo-de-la-exposicion-de-los-guerreros\/"},"modified":"2023-10-27T15:39:00","modified_gmt":"2023-10-27T15:39:00","slug":"toni-perez-recibe-a-una-delegacion-del-gobierno-de-shannxi-con-motivo-de-la-exposicion-de-los-guerreros","status":"publish","type":"post","link":"https:\/\/marqalicante-admin.qwair.com\/va\/toni-perez-recibe-a-una-delegacion-del-gobierno-de-shannxi-con-motivo-de-la-exposicion-de-los-guerreros\/","title":{"rendered":"Toni P\u00e9rez rep una delegaci\u00f3 del Govern de Shannxi amb motiu de l&#039;exposici\u00f3 dels Guerrers"},"content":{"rendered":"<p style=\"margin-left:0cm; margin-right:0cm; text-align:center\"><img decoding=\"async\" alt=\"\" src=\"\/contenido\/genericas\/102723%20Recepci%C3%B3n%20Delegaci%C3%B3n%20Shannxi%2003.jpg\" style=\"height:333px; width:500px\" \/><\/p>\n<p style=\"margin-left:0cm; margin-right:0cm; text-align:justify\"><span style=\"font-size:12pt\"><span style=\"font-family:&quot;Times New Roman&quot;,serif\"><span style=\"font-size:11.0pt\"><span style=\"font-family:&quot;Verdana&quot;,sans-serif\">El president de la Diputaci\u00f3 d&#039;Alacant, <strong>Toni P\u00e9rez<\/strong>, ha rebut aquest mat\u00ed una delegaci\u00f3 de <strong>Govern Provincial de Shannxi<\/strong>&nbsp;amb motiu de l&#039;exposici\u00f3 dels Guerrers de Xi&#039;an al MARQ. <strong>Zhuang Changxing<\/strong>, ha recorregut les instal\u00b7lacions del Palau Provincial i ha visitat posteriorment la mostra internacional que es va inaugurar el passat mes de mar\u00e7 al Museu Arqueol\u00f2gic.<\/span><\/span><\/span><\/span><\/p>\n<p style=\"margin-left:0cm; margin-right:0cm; text-align:justify\"><span style=\"font-size:12pt\"><span style=\"font-family:&quot;Times New Roman&quot;,serif\"><span style=\"font-size:11.0pt\"><span style=\"font-family:&quot;Verdana&quot;,sans-serif\">Toni P\u00e9rez ha coincidit amb el seu hom\u00f2leg xin\u00e8s en qu\u00e8 <strong>la cultura \u00e9s el millor pont per estr\u00e8nyer relacions entre els dos pa\u00efsos<\/strong> i afavorir, aix\u00ed, que l&#039;enlla\u00e7 s&#039;estengui a altres \u00e0mbits. &quot;Alacant \u00e9s una prov\u00edncia molt diversa en el teixit productiu i tenim molt per oferir per consolidar una uni\u00f3 que ha comen\u00e7at gr\u00e0cies a l&#039;exposici\u00f3 dels guerrers de Xi&#039;an i que, estic segur, evolucionar\u00e0 en tots els sentits&quot;, ha dit P\u00e9rez<\/span><\/span><\/span><\/span><\/p>\n<p style=\"margin-left:0cm; margin-right:0cm; text-align:justify\"><span style=\"font-size:12pt\"><span style=\"font-family:&quot;Times New Roman&quot;,serif\"><span style=\"font-size:11.0pt\"><span style=\"font-family:&quot;Verdana&quot;,sans-serif\">Aix\u00ed mateix, com tamb\u00e9 ha recordat el president alacant\u00ed, aquesta darrera proposta internacional del MARQ, &quot;ens ha ofert l\u00b4oportunitat d\u00b4admirar la cultura mil\u00b7len\u00e0ria xinesa i con\u00e8ixer amb m\u00e9s detall la idiosincr\u00e0sia d\u00b4aquest pa\u00eds asi\u00e0tic, els seus costums i tradicions&quot;. Per la seva banda, Changxing ha traslladat al govern provincial la seva predisposici\u00f3 a <strong>estr\u00e8nyer aquest intercanvi cultural i comercial d&#039;Alacant amb Shannxi<\/strong>, una regi\u00f3 de la Xina amb gran pes hist\u00f2ric i econ\u00f2mic on viuen m\u00e9s de 40 milions de persones.<\/span><\/span><\/span><\/span><\/p>\n<p style=\"margin-left:0cm; margin-right:0cm; text-align:center\"><img decoding=\"async\" alt=\"\" src=\"\/contenido\/genericas\/102723%20Recepci%C3%B3n%20Delegaci%C3%B3n%20Shannxi%2004(1).jpg\" style=\"height:336px; width:500px\" \/><\/p>\n<p style=\"margin-left:0cm; margin-right:0cm; text-align:justify\"><span style=\"font-size:12pt\"><span style=\"font-family:LTAroma\"><span style=\"font-size:11.0pt\"><span style=\"font-family:&quot;Verdana&quot;,sans-serif\">Durant la trobada, que ha comptat amb la pres\u00e8ncia del diputat de Cultura, <strong>Joan de D\u00e9u Navarro<\/strong>, i altres representants del Govern Provincial de Shannxi, s&#039;han intercanviat dues peces d&#039;art. Toni P\u00e9rez ha entregat la r\u00e8plica d&#039;un peveter en forma de bust d&#039;una divinitat ib\u00e8rica trobada a Benidorm i la delegaci\u00f3 del pa\u00eds asi\u00e0tic, regalat a la instituci\u00f3 alacantina un tap\u00eds que representa la ruta de la seda que partia de Xi&#039;an i un llibre signat pel president de la Rep\u00fablica Popular de la Xina, <strong>Xi Jinping<\/strong>.<\/span><\/span><\/span><\/span><\/p>","protected":false},"excerpt":{"rendered":"<p>El presidente de la Diputaci&oacute;n de Alicante, Toni P&eacute;rez, ha recibido esta ma&ntilde;ana a una<span class=\"excerpt-hellip\"> [\u2026]<\/span><\/p>\n","protected":false},"author":3,"featured_media":0,"comment_status":"open","ping_status":"open","sticky":false,"template":"","format":"standard","meta":{"kia_subtitle":"","footnotes":""},"categories":[],"tags":[],"class_list":["post-34691","post","type-post","status-publish","format-standard","hentry"],"meta_box":[],"_links":{"self":[{"href":"https:\/\/marqalicante-admin.qwair.com\/va\/wp-json\/wp\/v2\/posts\/34691","targetHints":{"allow":["GET"]}}],"collection":[{"href":"https:\/\/marqalicante-admin.qwair.com\/va\/wp-json\/wp\/v2\/posts"}],"about":[{"href":"https:\/\/marqalicante-admin.qwair.com\/va\/wp-json\/wp\/v2\/types\/post"}],"author":[{"embeddable":true,"href":"https:\/\/marqalicante-admin.qwair.com\/va\/wp-json\/wp\/v2\/users\/3"}],"replies":[{"embeddable":true,"href":"https:\/\/marqalicante-admin.qwair.com\/va\/wp-json\/wp\/v2\/comments?post=34691"}],"version-history":[{"count":0,"href":"https:\/\/marqalicante-admin.qwair.com\/va\/wp-json\/wp\/v2\/posts\/34691\/revisions"}],"wp:attachment":[{"href":"https:\/\/marqalicante-admin.qwair.com\/va\/wp-json\/wp\/v2\/media?parent=34691"}],"wp:term":[{"taxonomy":"category","embeddable":true,"href":"https:\/\/marqalicante-admin.qwair.com\/va\/wp-json\/wp\/v2\/categories?post=34691"},{"taxonomy":"post_tag","embeddable":true,"href":"https:\/\/marqalicante-admin.qwair.com\/va\/wp-json\/wp\/v2\/tags?post=34691"}],"curies":[{"name":"wp","href":"https:\/\/api.w.org\/{rel}","templated":true}]}}