{"id":34671,"date":"2023-08-17T10:53:00","date_gmt":"2023-08-17T10:53:00","guid":{"rendered":"https:\/\/marqalicante-admin.qwair.com\/2023\/08\/17\/el-marq-trabaja-en-la-pobla-difac-de-calp-para-concluir-las-excavaciones-de-la-puerta-del-oeste\/"},"modified":"2023-08-17T10:53:00","modified_gmt":"2023-08-17T10:53:00","slug":"el-marq-trabaja-en-la-pobla-difac-de-calp-para-concluir-las-excavaciones-de-la-puerta-del-oeste","status":"publish","type":"post","link":"https:\/\/marqalicante-admin.qwair.com\/va\/el-marq-trabaja-en-la-pobla-difac-de-calp-para-concluir-las-excavaciones-de-la-puerta-del-oeste\/","title":{"rendered":"El MARQ treballa a La Pobla d&#039;Ifac de Calp per concloure les excavacions de la Porta de l&#039;Oest"},"content":{"rendered":"<p style=\"margin-left:0cm; margin-right:0cm; text-align:center\"><img decoding=\"async\" alt=\"\" src=\"\/contenido\/genericas\/Pobla%20Ifac%202.jpg\" style=\"height:793px; width:500px\" \/><\/p>\n<p style=\"margin-left:0cm; margin-right:0cm; text-align:justify\"><span style=\"font-size:12pt\"><span style=\"font-family:LTAroma\"><span style=\"color:black\"><span style=\"font-size:11.0pt\"><span style=\"font-family:&quot;Verdana&quot;,sans-serif\">El <strong>Museu Arqueol\u00f2gic de la Diputaci\u00f3 d&#039;Alacant<\/strong> treballa aquest estiu a la 18a edici\u00f3 del Pla d&#039;Excavacions de <strong>La<\/strong> <strong>Pobla Medieval d&#039;Ifac<\/strong>, a <strong>Calp<\/strong>. Les tasques de recerca compten amb la col\u00b7laboraci\u00f3 de l&#039;Ajuntament de Calp i de la Conselleria de Medi Ambient,<\/span><\/span><span style=\"font-size:11.0pt\"><span style=\"font-family:&quot;Verdana&quot;,sans-serif\"> Aigua Infraestructures i Territori.<\/span><\/span><\/span><\/span><\/span><\/p>\n<p style=\"margin-left:0cm; margin-right:0cm; text-align:justify\"><span style=\"font-size:12pt\"><span style=\"font-family:LTAroma\"><span style=\"color:black\"><span style=\"font-size:11.0pt\"><span style=\"font-family:&quot;Verdana&quot;,sans-serif\">En la present edici\u00f3 est\u00e0 previst concloure les excavacions i documentar la denominada \u201cPorta de l&#039;Oest\u201d del jaciment, trobada a la campanya de l&#039;any passat, en qu\u00e8 els t\u00e8cnics van treure a la llum el seu arc esfondrat. <\/span><\/span><span style=\"font-size:11.0pt\"><span style=\"font-family:&quot;Verdana&quot;,sans-serif\">L&#039;arque\u00f2leg del MARQ, <strong>Jos\u00e9 Luis Men\u00e9ndez<\/strong>, dirigeix l&#039;equip de treball, <\/span><\/span><span style=\"font-size:11.0pt\"><span style=\"font-family:&quot;Verdana&quot;,sans-serif\">recolzat per un grup de <strong>dotze voluntaris<\/strong> estudiants d&#039;arqueologia, hist\u00f2ria, hist\u00f2ria de l&#039;art i restauraci\u00f3 de les universitats de Val\u00e8ncia i Alacant.&nbsp; <\/span><\/span><\/span><\/span><\/span><\/p>\n<p style=\"margin-left:0cm; margin-right:0cm; text-align:justify\"><span style=\"font-size:12pt\"><span style=\"font-family:&quot;Times New Roman&quot;,serif\"><span style=\"font-size:11.0pt\"><span style=\"font-family:&quot;Verdana&quot;,sans-serif\">El diputat de Cultura, <strong>Joan de D\u00e9u Navarro<\/strong>, ha explicat que \u201caquestes actuacions impulsades per la Diputaci\u00f3 sobre el nostre patrimoni medieval s\u00f3n, actualment, una de les refer\u00e8ncies m\u00e9s s\u00f2lides per a l&#039;estudi de la formaci\u00f3 del nostre territori alacant\u00ed i valenci\u00e0 en aquest per\u00edode hist\u00f2ric i compten tamb\u00e9 amb el suport del \u00e0rea d&#039;arquitectura de la instituci\u00f3\u201d. <\/span><\/span><\/span><\/span><\/p>\n<p style=\"margin-left:0cm; margin-right:0cm; text-align:justify\"><span style=\"font-size:12pt\"><span style=\"font-family:&quot;Times New Roman&quot;,serif\"><span style=\"font-size:11.0pt\"><span style=\"font-family:&quot;Verdana&quot;,sans-serif\">L&#039;anomenat \u201ccastrum de Calp\u201d, \u00e0rea que actualment acull el municipi de Calp, va resultar ser un <strong>territori estrat\u00e8gic<\/strong> on es van assentar colons del nord de la pen\u00ednsula, que van configurar l&#039;estructura urbana i territorial actual. La Pobla d\u00b4Ifac es va construir per concentrar la poblaci\u00f3 despla\u00e7ada i vertebrar aquest nou territori conquerit, fundant-se entre finals del segle XIII i les primeres d\u00e8cades del segle XIV, tot i que va tenir una vida molt curta, ja que va ser abandonada a inicis del segle. <\/span><\/span><\/span><\/span><\/p>\n<p style=\"margin-left:0cm; margin-right:0cm; text-align:justify\"><span style=\"font-size:12pt\"><span style=\"font-family:&quot;Times New Roman&quot;,serif\"><span style=\"font-size:11.0pt\"><span style=\"font-family:&quot;Verdana&quot;,sans-serif\">Les primeres <strong>investigacions arqueol\u00f2giques es van dur a terme el 2005<\/strong> a les portes d&#039;acc\u00e9s a la Pobla, l&#039;anomenada Porta del Nord, al costat de la qual s&#039;han trobat la gran esgl\u00e9sia de Madona Santa Maria, dotada de campanar i un edifici civil molt singular, identificat com una domus o resid\u00e8ncia dels membres de la Casa de Lauria i els seus representants. Edifici senyorial en qu\u00e8 va residir la fam\u00edlia de Roger de Lauria, almirall itali\u00e0, primer Comte de Cocentaina entre altres t\u00edtols, que va servir a les ordres de Pere III i Jaume II d&#039;Arag\u00f3, entre els segles XIII i XIV. <\/span><\/span><\/span><\/span><\/p>\n<p style=\"margin-left:0cm; margin-right:0cm; text-align:justify\"><span style=\"font-size:12pt\"><span style=\"font-family:&quot;Times New Roman&quot;,serif\"><span style=\"font-size:11.0pt\"><span style=\"font-family:&quot;Verdana&quot;,sans-serif\">Des de la seva obertura, el MARQ ha acollit diferents <strong>exposicions de peces descobertes al jaciment<\/strong> de la Pobla d&#039;Ifac com \u201cEl cavaller d&#039;Ifac\u201d, \u201cEls Pilars del Regne\u201d sobre el capitell g\u00f2tic de la Pobla i, el 2009, \u201cCalpe. Arqueologia i Museu\u201d, on es van mostrar al p\u00fablic per primera vegada els descobriments arqueol\u00f2gics d&#039;aquest enclavament. <\/span><\/span><\/span><\/span><\/p>\n<p style=\"margin-left:0cm; margin-right:0cm; text-align:justify\">&nbsp;<\/p>","protected":false},"excerpt":{"rendered":"<p>El Museo Arqueol&oacute;gico de la Diputaci&oacute;n de Alicante trabaja este verano en la 18 edici&oacute;n<span class=\"excerpt-hellip\"> [\u2026]<\/span><\/p>\n","protected":false},"author":3,"featured_media":0,"comment_status":"open","ping_status":"open","sticky":false,"template":"","format":"standard","meta":{"kia_subtitle":"","footnotes":""},"categories":[],"tags":[],"class_list":["post-34671","post","type-post","status-publish","format-standard","hentry"],"meta_box":[],"_links":{"self":[{"href":"https:\/\/marqalicante-admin.qwair.com\/va\/wp-json\/wp\/v2\/posts\/34671","targetHints":{"allow":["GET"]}}],"collection":[{"href":"https:\/\/marqalicante-admin.qwair.com\/va\/wp-json\/wp\/v2\/posts"}],"about":[{"href":"https:\/\/marqalicante-admin.qwair.com\/va\/wp-json\/wp\/v2\/types\/post"}],"author":[{"embeddable":true,"href":"https:\/\/marqalicante-admin.qwair.com\/va\/wp-json\/wp\/v2\/users\/3"}],"replies":[{"embeddable":true,"href":"https:\/\/marqalicante-admin.qwair.com\/va\/wp-json\/wp\/v2\/comments?post=34671"}],"version-history":[{"count":0,"href":"https:\/\/marqalicante-admin.qwair.com\/va\/wp-json\/wp\/v2\/posts\/34671\/revisions"}],"wp:attachment":[{"href":"https:\/\/marqalicante-admin.qwair.com\/va\/wp-json\/wp\/v2\/media?parent=34671"}],"wp:term":[{"taxonomy":"category","embeddable":true,"href":"https:\/\/marqalicante-admin.qwair.com\/va\/wp-json\/wp\/v2\/categories?post=34671"},{"taxonomy":"post_tag","embeddable":true,"href":"https:\/\/marqalicante-admin.qwair.com\/va\/wp-json\/wp\/v2\/tags?post=34671"}],"curies":[{"name":"wp","href":"https:\/\/api.w.org\/{rel}","templated":true}]}}