{"id":34657,"date":"2023-06-30T10:28:00","date_gmt":"2023-06-30T10:28:00","guid":{"rendered":"https:\/\/marqalicante-admin.qwair.com\/2023\/06\/30\/los-guerreros-de-xian-reciben-73-456-visitantes-a-los-tres-meses-de-su-inauguracion\/"},"modified":"2023-06-30T10:28:00","modified_gmt":"2023-06-30T10:28:00","slug":"los-guerreros-de-xian-reciben-73-456-visitantes-a-los-tres-meses-de-su-inauguracion","status":"publish","type":"post","link":"https:\/\/marqalicante-admin.qwair.com\/va\/los-guerreros-de-xian-reciben-73-456-visitantes-a-los-tres-meses-de-su-inauguracion\/","title":{"rendered":"Els Guerrers de Xi\u00b4an reben 73.456 visitants als tres mesos de la seva inauguraci\u00f3"},"content":{"rendered":"<p>&nbsp;<img decoding=\"async\" alt=\"\" src=\"\/contenido\/genericas\/Marq-Xi%C2%B4an.jpg\" style=\"height:525px; width:700px\" \/><\/p>\n<p style=\"margin-left:0cm; margin-right:0cm; text-align:justify\"><span style=\"font-size:11pt\"><span style=\"font-family:Calibri,sans-serif\"><span style=\"font-size:12.0pt\"><span style=\"font-family:&quot;Arial&quot;,sans-serif\">L&#039;exposici\u00f3 internacional \u201cEl llegat de les dinasties Qin i Han, Xina. Els guerrers de Xi&#039;an\u201d ha rebut al MARQ 73.456 visitants als tres mesos de la seva inauguraci\u00f3. Una aflu\u00e8ncia de visitants que s&#039;ha vist incrementada amb l&#039;ampliaci\u00f3 de l&#039;horari d&#039;estiu del Museu Arqueol\u00f2gic d&#039;Alacant des de les 10 fins a les 22 hores de manera ininterrompuda de dimarts a dissabte i diumenges i festius de 10 a 14 hores.<\/span><\/span><\/span><\/span><\/p>\n<p style=\"margin-left:0cm; margin-right:0cm; text-align:justify\"><span style=\"font-size:11pt\"><span style=\"font-family:Calibri,sans-serif\"><span style=\"font-size:12.0pt\"><span style=\"font-family:&quot;Arial&quot;,sans-serif\">Una activitat cultural que es refor\u00e7a amb l\u00b4edici\u00f3 de l\u00b4escola d\u00b4estiu del MARQ <strong><em>Estiu<\/em><\/strong> que acollir\u00e0 menors d&#039;edats compreses entre els 6 i els 12 anys durant els mesos de juliol i agost, i comen\u00e7ar\u00e0 el proper dilluns 3 de juliol. Tallers i activitats per donar a con\u00e8ixer la nostra hist\u00f2ria i arqueologia als m\u00e9s petits, amb especial \u00e8mfasi aquest any en el context cronol\u00f2gic de les dinasties Qin i Han perqu\u00e8 puguin comparar i ubicar en el temps el naixement i desenvolupament de cultures tan distants a la nostra a orient i occident.<\/span><\/span><\/span><\/span><\/p>\n<p style=\"margin-left:0cm; margin-right:0cm; text-align:justify\"><span style=\"font-size:11pt\"><span style=\"font-family:Calibri,sans-serif\"><span style=\"font-size:12.0pt\"><span style=\"font-family:&quot;Arial&quot;,sans-serif\">L&#039;exposici\u00f3 dels Guerrers de Xi&#039;an romandr\u00e0 a Alacant fins al 28 de gener de 2024 i compta amb una destacada selecci\u00f3 de 10 escultures originals de terracota, 9 guerrers i 1 cavall, la qual cosa suposa el nombre m\u00e0xim d&#039;aquestes peces que autoritza en les seves sortides a l&#039;estranger l&#039;administraci\u00f3 nacional del patrimoni cultural. s d&#039;aquestes originals, algunes de les quals mai no han estat exposades fora de la Xina, i 5 r\u00e8pliques, entre les quals destaquen 2 carros, que es distribueixen a les tres sales temporals del MARQ. Dedicant la Sala Noble de la Biblioteca a un v\u00eddeo en qu\u00e8 es projecten imatges impactants d&#039;aquest gran pa\u00eds, que acosten el visitant a la Xina d&#039;avui. <\/span><\/span><\/span><\/span><\/p>\n<p style=\"margin-left:0cm; margin-right:0cm; text-align:justify\"><span style=\"font-size:11pt\"><span style=\"font-family:Calibri,sans-serif\"><span style=\"font-size:12.0pt\"><span style=\"font-family:&quot;Arial&quot;,sans-serif\">Impulsada per la Diputaci\u00f3 d&#039;Alacant i la Fundaci\u00f3 CV MARQ, \u00e9s fruit de la col\u00b7laboraci\u00f3 amb l&#039;Administraci\u00f3 Estatal de Patrimoni Cultural de la Xina, l&#039;Oficina Provincial de B\u00e9ns Culturals de Shaanxi i el Centre per a la Promoci\u00f3 del Patrimoni Cultural de Shaanxi, amb una acurada selecci\u00f3 d&#039;objectes procedents de 9 museus i institucions xineses, entre les quals destaquen el Museu d&#039;Hisoin i el Museu d&#039;Hist\u00f2ria de Xiang Huo i de les Xineses. <\/span><\/span><\/span><\/span><\/p>\n<p style=\"margin-left:0cm; margin-right:0cm; text-align:justify\"><span style=\"font-size:11pt\"><span style=\"font-family:Calibri,sans-serif\"><span style=\"font-size:12.0pt\"><span style=\"font-family:&quot;Arial&quot;,sans-serif\">Aquesta exposici\u00f3 presenta al p\u00fablic una experi\u00e8ncia nova i guiada per la ci\u00e8ncia arqueol\u00f2gica. Amb la col\u00b7laboraci\u00f3 de les Fundacions ASISA i La Caixa, ha estat reconeguda pels governs de la Xina i Espanya com un dels projectes de cooperaci\u00f3 cultural m\u00e9s destacats d&#039;aquest 2023, dins de l&#039;ampli programa d&#039;activitats i iniciatives bilaterals a desenvolupar en ocasi\u00f3 de l&#039;\u201dAny Cultural i Tur\u00edstic Xina-Espanya\u201d que ambd\u00f3s governs han acordat organitzar amb motiu del 50\u00e8 9 3.\u201d<\/span><\/span><\/span><\/span><\/p>\n<p style=\"margin-left:0cm; margin-right:0cm; text-align:justify\">&nbsp;<\/p>","protected":false},"excerpt":{"rendered":"<p>&nbsp; La exposici&oacute;n internacional &ldquo;El legado de las dinast&iacute;as Qin y Han, China. Los guerreros<span class=\"excerpt-hellip\"> [\u2026]<\/span><\/p>\n","protected":false},"author":3,"featured_media":0,"comment_status":"open","ping_status":"open","sticky":false,"template":"","format":"standard","meta":{"kia_subtitle":"","footnotes":""},"categories":[],"tags":[],"class_list":["post-34657","post","type-post","status-publish","format-standard","hentry"],"meta_box":[],"_links":{"self":[{"href":"https:\/\/marqalicante-admin.qwair.com\/va\/wp-json\/wp\/v2\/posts\/34657","targetHints":{"allow":["GET"]}}],"collection":[{"href":"https:\/\/marqalicante-admin.qwair.com\/va\/wp-json\/wp\/v2\/posts"}],"about":[{"href":"https:\/\/marqalicante-admin.qwair.com\/va\/wp-json\/wp\/v2\/types\/post"}],"author":[{"embeddable":true,"href":"https:\/\/marqalicante-admin.qwair.com\/va\/wp-json\/wp\/v2\/users\/3"}],"replies":[{"embeddable":true,"href":"https:\/\/marqalicante-admin.qwair.com\/va\/wp-json\/wp\/v2\/comments?post=34657"}],"version-history":[{"count":0,"href":"https:\/\/marqalicante-admin.qwair.com\/va\/wp-json\/wp\/v2\/posts\/34657\/revisions"}],"wp:attachment":[{"href":"https:\/\/marqalicante-admin.qwair.com\/va\/wp-json\/wp\/v2\/media?parent=34657"}],"wp:term":[{"taxonomy":"category","embeddable":true,"href":"https:\/\/marqalicante-admin.qwair.com\/va\/wp-json\/wp\/v2\/categories?post=34657"},{"taxonomy":"post_tag","embeddable":true,"href":"https:\/\/marqalicante-admin.qwair.com\/va\/wp-json\/wp\/v2\/tags?post=34657"}],"curies":[{"name":"wp","href":"https:\/\/api.w.org\/{rel}","templated":true}]}}