{"id":34647,"date":"2023-05-10T20:45:00","date_gmt":"2023-05-10T20:45:00","guid":{"rendered":"https:\/\/marqalicante-admin.qwair.com\/2023\/05\/10\/el-marq-participa-en-el-vii-seminario-de-arqueologia-arte-e-historia-medievales\/"},"modified":"2023-05-10T20:45:00","modified_gmt":"2023-05-10T20:45:00","slug":"el-marq-participa-en-el-vii-seminario-de-arqueologia-arte-e-historia-medievales","status":"publish","type":"post","link":"https:\/\/marqalicante-admin.qwair.com\/va\/el-marq-participa-en-el-vii-seminario-de-arqueologia-arte-e-historia-medievales\/","title":{"rendered":"El MARQ participa al VII Seminari d&#039;Arqueologia, Art i Hist\u00f2ria medievals"},"content":{"rendered":"<p style=\"margin-left:0cm; margin-right:0cm; text-align:center\"><img decoding=\"async\" alt=\"\" src=\"\/contenido\/genericas\/IMG-20230510-WA0009.jpg\" style=\"height:375px; width:500px\" \/><\/p>\n<p style=\"margin-left:0cm; margin-right:0cm; text-align:justify\"><span style=\"font-size:11pt\"><span style=\"font-family:Calibri,sans-serif\"><span style=\"font-family:&quot;Verdana&quot;,sans-serif\">El Museu Arqueol\u00f2gic d&#039;Alacant, MARQ participa al <strong>VII Seminari d\u00b4Arqueologia, Art i Hist\u00f2ria medievals: L\u00b4univers de les coses. La cultura material a l&#039;Edat Mitjana <\/strong>que se celebra els dies 10 i 11 de maig al Museu Arqueol\u00f2gic Nacional.<\/span><\/span><\/span><\/p>\n<p style=\"margin-left:0cm; margin-right:0cm; text-align:justify\"><span style=\"font-size:11pt\"><span style=\"background-color:white\"><span style=\"font-family:Calibri,sans-serif\"><span style=\"font-family:&quot;Verdana&quot;,sans-serif\"><span style=\"color:black\">El <\/span><\/span><span style=\"font-family:&quot;Verdana&quot;,sans-serif\"><span style=\"color:black\">objectiu d&#039;aquestes jornades \u00e9s difondre entre el gran p\u00fablic les peculiaritats de l&#039;entorn material que caracteritzaven un per\u00edode tan suggerent com l&#039;edat mitjana. A trav\u00e9s de l&#039;an\u00e0lisi dels objectes i dels textos en qu\u00e8 se&#039;ns parla, com els inventaris de b\u00e9ns, les monedes, els dots o les compravendes, s&#039;aniran desgranant diferents aspectes d&#039;aquest complex \u201cunivers de les coses\u201d que envoltava els nostres avantpassats de fa m\u00e9s de cinc-cents anys.<\/span><\/span><\/span><\/span><\/span><\/p>\n<p style=\"margin-left:0cm; margin-right:0cm; text-align:justify\"><span style=\"font-size:11pt\"><span style=\"background-color:white\"><span style=\"font-family:Calibri,sans-serif\"><span style=\"font-family:&quot;Verdana&quot;,sans-serif\"><span style=\"color:black\">Els ponents de les dites jornades -entre els quals es troba <strong>Jos\u00e9 Luis Men\u00e9ndez Fueyo<\/strong>, arque\u00f2leg i t\u00e8cnic en Exposicions del MARQ i Doctor en Hist\u00f2ria- utilitzen m\u00e8todes i punts de vista contrastats que tracten d&#039;entendre els objectes a l&#039;entorn quotidi\u00e0 en qu\u00e8 s&#039;utilitzaven, valorant la rellev\u00e0ncia social de la seva pres\u00e8ncia a les cases. Des de la cer\u00e0mica als mobles, passant pels objectes de devoci\u00f3, el vidre, els teixits o els elements de la taula, seran aix\u00ed objecte d&#039;an\u00e0lisi i de reflexi\u00f3 en unes jornades en qu\u00e8 a m\u00e9s es posar\u00e0 en valor la import\u00e0ncia de la col\u00b7lecci\u00f3 medieval del MAN.<\/span><\/span><\/span><\/span><\/span><\/p>\n<p style=\"margin-left:0cm; margin-right:0cm; text-align:justify\"><span style=\"font-size:11pt\"><span style=\"background-color:white\"><span style=\"font-family:Calibri,sans-serif\"><span style=\"font-family:&quot;Verdana&quot;,sans-serif\"><span style=\"color:black\">Men\u00e9ndez Fueyo participar\u00e0 al panell que sobre equipament dom\u00e8stic analitzar\u00e0 les noves perspectives de recerca arqueol\u00f2gica en la producci\u00f3 de cer\u00e0mica valenciana del segle XIV.&nbsp; <\/span><\/span><\/span><\/span><\/span><\/p>","protected":false},"excerpt":{"rendered":"<p>El Museo Arqueol&oacute;gico de Alicante, MARQ participa en el VII Seminario de Arqueolog&iacute;a, Arte e<span class=\"excerpt-hellip\"> [\u2026]<\/span><\/p>\n","protected":false},"author":3,"featured_media":0,"comment_status":"open","ping_status":"open","sticky":false,"template":"","format":"standard","meta":{"kia_subtitle":"","footnotes":""},"categories":[],"tags":[],"class_list":["post-34647","post","type-post","status-publish","format-standard","hentry"],"meta_box":[],"_links":{"self":[{"href":"https:\/\/marqalicante-admin.qwair.com\/va\/wp-json\/wp\/v2\/posts\/34647","targetHints":{"allow":["GET"]}}],"collection":[{"href":"https:\/\/marqalicante-admin.qwair.com\/va\/wp-json\/wp\/v2\/posts"}],"about":[{"href":"https:\/\/marqalicante-admin.qwair.com\/va\/wp-json\/wp\/v2\/types\/post"}],"author":[{"embeddable":true,"href":"https:\/\/marqalicante-admin.qwair.com\/va\/wp-json\/wp\/v2\/users\/3"}],"replies":[{"embeddable":true,"href":"https:\/\/marqalicante-admin.qwair.com\/va\/wp-json\/wp\/v2\/comments?post=34647"}],"version-history":[{"count":0,"href":"https:\/\/marqalicante-admin.qwair.com\/va\/wp-json\/wp\/v2\/posts\/34647\/revisions"}],"wp:attachment":[{"href":"https:\/\/marqalicante-admin.qwair.com\/va\/wp-json\/wp\/v2\/media?parent=34647"}],"wp:term":[{"taxonomy":"category","embeddable":true,"href":"https:\/\/marqalicante-admin.qwair.com\/va\/wp-json\/wp\/v2\/categories?post=34647"},{"taxonomy":"post_tag","embeddable":true,"href":"https:\/\/marqalicante-admin.qwair.com\/va\/wp-json\/wp\/v2\/tags?post=34647"}],"curies":[{"name":"wp","href":"https:\/\/api.w.org\/{rel}","templated":true}]}}