{"id":34623,"date":"2023-02-11T16:46:00","date_gmt":"2023-02-11T16:46:00","guid":{"rendered":"https:\/\/marqalicante-admin.qwair.com\/2023\/02\/11\/el-marq-inicia-este-fin-de-semana-un-nuevo-ciclo-de-visitas-teatralizadas-para-conocer-el-museo-en-familia\/"},"modified":"2023-02-11T16:46:00","modified_gmt":"2023-02-11T16:46:00","slug":"el-marq-inicia-este-fin-de-semana-un-nuevo-ciclo-de-visitas-teatralizadas-para-conocer-el-museo-en-familia","status":"publish","type":"post","link":"https:\/\/marqalicante-admin.qwair.com\/va\/el-marq-inicia-este-fin-de-semana-un-nuevo-ciclo-de-visitas-teatralizadas-para-conocer-el-museo-en-familia\/","title":{"rendered":"El MARQ inicia aquest cap de setmana un nou cicle de visites teatralitzades per con\u00e8ixer el museu en fam\u00edlia"},"content":{"rendered":"<p style=\"margin-left:0cm; margin-right:0cm; text-align:center\"><img decoding=\"async\" alt=\"\" src=\"\/contenido\/genericas\/021023%20visita%20teatralizada%20marq.jpg\" style=\"height:750px; width:500px\" \/><\/p>\n<p style=\"margin-left:0cm; margin-right:0cm; text-align:justify\"><span style=\"font-size:12pt\"><span style=\"font-family:&quot;Times New Roman&quot;,serif\"><span style=\"font-size:11.0pt\"><span style=\"font-family:&quot;Verdana&quot;,sans-serif\">La <strong>Fundaci\u00f3 CV MARQ <\/strong>ha programat sessions teatralitzades per visitar i con\u00e8ixer les sales de l\u00b4exposici\u00f3 permanent del MARQ en fam\u00edlia. Des del <strong>diumenge 12 de febrer<\/strong> <strong>i fins al 19 de mar\u00e7<\/strong> s&#039;han organitzat <strong>set sessions condu\u00efdes per int\u00e8rprets experts<\/strong> que ajudaran a comprendre millor el contingut que el museu ofereix als visitants. <\/span><\/span><\/span><\/span><\/p>\n<p style=\"margin-left:0cm; margin-right:0cm; text-align:justify\"><span style=\"font-size:12pt\"><span style=\"font-family:&quot;Times New Roman&quot;,serif\"><span style=\"font-size:11.0pt\"><span style=\"font-family:&quot;Verdana&quot;,sans-serif\">La vicepresidenta i diputada de Cultura, <strong>Julia Parra<\/strong>, ha destacat que &quot;aquesta nova activitat did\u00e0ctica es posa en marxa amb la intenci\u00f3 d\u00b4apropar als m\u00e9s joves al museu i mostrar-los la import\u00e0ncia de comprendre, valorar i protegir el nostre valu\u00f3s patrimoni arqueol\u00f2gic&quot;.<\/span><\/span><\/span><\/span><\/p>\n<p style=\"margin-left:0cm; margin-right:0cm; text-align:justify\"><span style=\"font-size:12pt\"><span style=\"font-family:&quot;Times New Roman&quot;,serif\"><span style=\"font-size:11.0pt\"><span style=\"font-family:&quot;Verdana&quot;,sans-serif\">Aquestes visites teatralitzades formen part de les <strong>propostes educatives i did\u00e0ctiques<\/strong> organitzades anualment des de la Unitat de Did\u00e0ctica de la Fundaci\u00f3 amb l&#039;objectiu de mostrar el MARQ d&#039;una manera amena i rigorosa. Aquesta proposta educativa per visitar el MARQ pret\u00e9n, a m\u00e9s, despertar la imaginaci\u00f3 de grans i petits mitjan\u00e7ant l&#039;experi\u00e8ncia d&#039;un viatge en el temps. Amb ajuda dels personatges <strong>Pira i Cavernus<\/strong>, els visitants descobriran la hist\u00f2ria de la prov\u00edncia d&#039;Alacant amb continguts adre\u00e7ats als m\u00e9s petits, que podran aprendre a ballar la dansa de la pluja i esdevenir una dama ibera o un legionari rom\u00e0. <\/span><\/span><\/span><\/span><\/p>\n<p style=\"margin-left:0cm; margin-right:0cm; text-align:justify\"><span style=\"font-size:12pt\"><span style=\"font-family:&quot;Times New Roman&quot;,serif\"><span style=\"font-size:11.0pt\"><span style=\"font-family:&quot;Verdana&quot;,sans-serif\">Les sessions seran els <strong>dies 12, 19 i 26 de febrer i 5, 12, 18 i 19 de mar\u00e7, totes a les 12:30 hores<\/strong>. El programa \u00e9s recomanat per a un p\u00fablic infantil de 3 a 9 anys. \u00c9s imprescindible que els menors vagin acompanyats per un adult. La venda d&#039;entrades i l&#039;acc\u00e9s a la informaci\u00f3 es poden fer a trav\u00e9s del web del MARQ, marqalicante.com.<\/span><\/span><\/span><\/span><\/p>\n<p style=\"margin-left:0cm; margin-right:0cm; text-align:justify\">&nbsp;<\/p>","protected":false},"excerpt":{"rendered":"<p>La Fundaci&oacute;n CV MARQ ha programado sesiones teatralizadas para visitar y conocer las salas de<span class=\"excerpt-hellip\"> [\u2026]<\/span><\/p>\n","protected":false},"author":3,"featured_media":0,"comment_status":"open","ping_status":"open","sticky":false,"template":"","format":"standard","meta":{"kia_subtitle":"","footnotes":""},"categories":[],"tags":[],"class_list":["post-34623","post","type-post","status-publish","format-standard","hentry"],"meta_box":[],"_links":{"self":[{"href":"https:\/\/marqalicante-admin.qwair.com\/va\/wp-json\/wp\/v2\/posts\/34623","targetHints":{"allow":["GET"]}}],"collection":[{"href":"https:\/\/marqalicante-admin.qwair.com\/va\/wp-json\/wp\/v2\/posts"}],"about":[{"href":"https:\/\/marqalicante-admin.qwair.com\/va\/wp-json\/wp\/v2\/types\/post"}],"author":[{"embeddable":true,"href":"https:\/\/marqalicante-admin.qwair.com\/va\/wp-json\/wp\/v2\/users\/3"}],"replies":[{"embeddable":true,"href":"https:\/\/marqalicante-admin.qwair.com\/va\/wp-json\/wp\/v2\/comments?post=34623"}],"version-history":[{"count":0,"href":"https:\/\/marqalicante-admin.qwair.com\/va\/wp-json\/wp\/v2\/posts\/34623\/revisions"}],"wp:attachment":[{"href":"https:\/\/marqalicante-admin.qwair.com\/va\/wp-json\/wp\/v2\/media?parent=34623"}],"wp:term":[{"taxonomy":"category","embeddable":true,"href":"https:\/\/marqalicante-admin.qwair.com\/va\/wp-json\/wp\/v2\/categories?post=34623"},{"taxonomy":"post_tag","embeddable":true,"href":"https:\/\/marqalicante-admin.qwair.com\/va\/wp-json\/wp\/v2\/tags?post=34623"}],"curies":[{"name":"wp","href":"https:\/\/api.w.org\/{rel}","templated":true}]}}