{"id":34605,"date":"2022-10-31T13:43:00","date_gmt":"2022-10-31T13:43:00","guid":{"rendered":"https:\/\/marqalicante-admin.qwair.com\/2022\/10\/31\/el-presidente-de-la-diputacion-despide-a-las-guerreras-antes-de-poner-rumbo-al-campeonato-de-europa-de-2022\/"},"modified":"2022-10-31T13:43:00","modified_gmt":"2022-10-31T13:43:00","slug":"el-presidente-de-la-diputacion-despide-a-las-guerreras-antes-de-poner-rumbo-al-campeonato-de-europa-de-2022","status":"publish","type":"post","link":"https:\/\/marqalicante-admin.qwair.com\/va\/el-presidente-de-la-diputacion-despide-a-las-guerreras-antes-de-poner-rumbo-al-campeonato-de-europa-de-2022\/","title":{"rendered":"El president de la Diputaci\u00f3 acomiada &#039;Las Guerreras&#039; abans de posar rumb al Campionat d&#039;Europa del 2022"},"content":{"rendered":"<p>&nbsp;<\/p>\n<p><img decoding=\"async\" alt=\"\" src=\"\/contenido\/genericas\/21.jpg\" style=\"height:414px; width:632px\" \/><\/p>\n<p style=\"margin-left:0cm; margin-right:0cm; text-align:justify\"><span style=\"font-size:12pt\"><span style=\"font-family:Calibri,sans-serif\"><span style=\"font-size:11.0pt\"><span style=\"font-family:&quot;Verdana&quot;,sans-serif\">El president de la Diputaci\u00f3 d&#039;Alacant, <strong>Carlos Maz\u00f3n<\/strong>, ha rebut aquest mat\u00ed al MARQ a la <strong>Selecci\u00f3 Espanyola d&#039;Handbol Femen\u00ed <\/strong>tres dies abans que<strong> <\/strong>l&#039;equip posi al <strong>Campionat d&#039;Europa 2022<\/strong>,<strong> que es desenvolupar\u00e0 del 4 al 20 de novembre a Eslov\u00e8nia<\/strong>, <strong>Maced\u00f2nia del Nord i Montenegro<\/strong>.<\/span><\/span><\/span><\/span><\/p>\n<p style=\"margin-left:0cm; margin-right:0cm; text-align:justify\"><span style=\"font-size:12pt\"><span style=\"font-family:Calibri,sans-serif\"><span style=\"font-size:11.0pt\"><span style=\"font-family:&quot;Verdana&quot;,sans-serif\">&#039;Las Guerreras&#039;, juntament amb el cos t\u00e8cnic, finalitzen aix\u00ed la seva estada a la prov\u00edncia, on van arribar la setmana passada per preparar-se de cara a aquesta important cita continental i disputar a Torrevella el <strong>XXV Torneig Internacional d&#039;Espanya<\/strong>, en qu\u00e8 han quedat com a primeres classificades.<\/span><\/span><\/span><\/span><\/p>\n<p style=\"margin-left:0cm; margin-right:0cm; text-align:justify\"><span style=\"font-size:12pt\"><span style=\"font-family:Calibri,sans-serif\"><span style=\"font-size:11.0pt\"><span style=\"font-family:&quot;Verdana&quot;,sans-serif\">&nbsp;&nbsp;&nbsp;&nbsp;&nbsp;&nbsp;&nbsp;&nbsp; Maz\u00f3n ha ressaltat durant la seva intervenci\u00f3 en aquest acte simb\u00f2lic de comiat el <strong>suport i afecte que la prov\u00edncia d&#039;Alacant i la pr\u00f2pia instituci\u00f3 ha prestat en els darrers anys al conjunt nacional<\/strong> \u201cque t\u00e9 aqu\u00ed casa seva\u201d. En aquest sentit, ha apuntat el comprom\u00eds de la Diputaci\u00f3 d&#039;Alacant amb l&#039;esport femen\u00ed, aix\u00ed com la gran afici\u00f3 a l&#039;handbol que hi ha en aquesta terra. &quot;Hi ha un gran ventall d&#039;escoles esportives, de col\u00b7legis i d&#039;aficionats a aquesta disciplina&quot;, ha assenyalat Maz\u00f3n, que tamb\u00e9 ha posat en valor el <strong>binomi turisme i esport<\/strong> pel qual ha apostat la Costa Blanca, convertint-la en una refer\u00e8ncia en aquest segment.<\/span><\/span><\/span><\/span><\/p>\n<p style=\"margin-left:0cm; margin-right:0cm; text-align:justify\"><span style=\"font-size:12pt\"><span style=\"font-family:Calibri,sans-serif\"><span style=\"font-size:11.0pt\"><span style=\"font-family:&quot;Verdana&quot;,sans-serif\">&nbsp;&nbsp;&nbsp;&nbsp;&nbsp;&nbsp;&nbsp;&nbsp; Per la seva banda, el president de la Reial Federaci\u00f3 Espanyola d&#039;Handbol, <strong>Francisco V. Bl\u00e1zquez<\/strong>, ha agra\u00eft el suport de la Diputaci\u00f3 i del seu president, \u201cque sempre ha escoltat i cregut en els projectes de la RFEB\u201d i, per aix\u00f2, ha fet <strong>entrega a Maz\u00f3n de la Medalla d&#039;Or al M\u00e8rit Esportiu de l&#039;entitat<\/strong>.<\/span><\/span><\/span><\/span><\/p>\n<p style=\"margin-left:0cm; margin-right:0cm; text-align:justify\"><span style=\"font-size:12pt\"><span style=\"font-family:Calibri,sans-serif\"><span style=\"font-size:11.0pt\"><span style=\"font-family:&quot;Verdana&quot;,sans-serif\">&nbsp;&nbsp;&nbsp;&nbsp;&nbsp;&nbsp;&nbsp;&nbsp; Durant l&#039;acte, al qual tamb\u00e9 hi han assistit el diputat d&#039;Esports, <strong>Bernab\u00e9 Cano<\/strong>, i el diputat de Presid\u00e8ncia i alcalde de Torrevella, <strong>Eduardo Dol\u00f3n<\/strong>, s&#039;ha avan\u00e7at a m\u00e9s el contingut del <strong>espot promocional <\/strong><em>&#039;<strong>Forjant la Llegenda<\/strong>&#039;<\/em> que acompanyar\u00e0 &#039;Las Guerreras&#039; durant la seva participaci\u00f3 al Campionat d&#039;Europa 2022<strong> <\/strong>i<strong> <\/strong>que oficialment es presentar\u00e0 en els propers dies.<\/span><\/span><\/span><\/span><\/p>\n<p style=\"margin-left:0cm; margin-right:0cm; text-align:justify\"><span style=\"font-size:12pt\"><span style=\"font-family:Calibri,sans-serif\"><span style=\"font-size:11.0pt\"><span style=\"font-family:&quot;Verdana&quot;,sans-serif\">&nbsp;&nbsp;&nbsp;&nbsp;&nbsp;&nbsp;&nbsp;&nbsp; La vinculaci\u00f3 de la Diputaci\u00f3 d&#039;Alicate amb la Selecci\u00f3 Espanyola d&#039;Handbol, tant masculina com femenina -que llueixen la marca Costa Blanca a les samarretes-, queda palesa a trav\u00e9s de les diferents iniciatives que al llarg dels darrers anys han desenvolupat conjuntament. En aquest sentit, destaca la celebraci\u00f3 a <strong>Torrevella<\/strong> de la <strong>Cerim\u00f2nia Inaugural i de dues fases del Campionat del M\u00f3n d&#039;Handbol Femen\u00ed 2021<\/strong> o la disputa a <strong>Alacant<\/strong> de la <strong>fase final de la XLIV Copa del Rei<\/strong>, el 2019. A m\u00e9s, la Costa Blanca acollir\u00e0 durant la primera setmana de gener el <strong>Campionat d&#039;Espanya de seleccions auton\u00f2miques CESA 2023<\/strong>.<\/span><\/span><\/span><\/span><\/p>\n<p style=\"margin-left:0cm; margin-right:0cm\"><span style=\"font-size:12pt\"><span style=\"font-family:Calibri,sans-serif\"><em><span style=\"font-size:18.0pt\">&nbsp;<img decoding=\"async\" alt=\"\" src=\"\/contenido\/genericas\/555.jpg\" style=\"height:418px; width:626px\" \/><\/span><\/em><\/span><\/span><\/p>","protected":false},"excerpt":{"rendered":"<p>&nbsp; El presidente de la Diputaci&oacute;n de Alicante, Carlos Maz&oacute;n, ha recibido esta ma&ntilde;ana en<span class=\"excerpt-hellip\"> [\u2026]<\/span><\/p>\n","protected":false},"author":3,"featured_media":0,"comment_status":"open","ping_status":"open","sticky":false,"template":"","format":"standard","meta":{"kia_subtitle":"","footnotes":""},"categories":[],"tags":[],"class_list":["post-34605","post","type-post","status-publish","format-standard","hentry"],"meta_box":[],"_links":{"self":[{"href":"https:\/\/marqalicante-admin.qwair.com\/va\/wp-json\/wp\/v2\/posts\/34605","targetHints":{"allow":["GET"]}}],"collection":[{"href":"https:\/\/marqalicante-admin.qwair.com\/va\/wp-json\/wp\/v2\/posts"}],"about":[{"href":"https:\/\/marqalicante-admin.qwair.com\/va\/wp-json\/wp\/v2\/types\/post"}],"author":[{"embeddable":true,"href":"https:\/\/marqalicante-admin.qwair.com\/va\/wp-json\/wp\/v2\/users\/3"}],"replies":[{"embeddable":true,"href":"https:\/\/marqalicante-admin.qwair.com\/va\/wp-json\/wp\/v2\/comments?post=34605"}],"version-history":[{"count":0,"href":"https:\/\/marqalicante-admin.qwair.com\/va\/wp-json\/wp\/v2\/posts\/34605\/revisions"}],"wp:attachment":[{"href":"https:\/\/marqalicante-admin.qwair.com\/va\/wp-json\/wp\/v2\/media?parent=34605"}],"wp:term":[{"taxonomy":"category","embeddable":true,"href":"https:\/\/marqalicante-admin.qwair.com\/va\/wp-json\/wp\/v2\/categories?post=34605"},{"taxonomy":"post_tag","embeddable":true,"href":"https:\/\/marqalicante-admin.qwair.com\/va\/wp-json\/wp\/v2\/tags?post=34605"}],"curies":[{"name":"wp","href":"https:\/\/api.w.org\/{rel}","templated":true}]}}