{"id":34587,"date":"2022-09-11T12:17:00","date_gmt":"2022-09-11T12:17:00","guid":{"rendered":"https:\/\/marqalicante-admin.qwair.com\/2022\/09\/11\/el-marq-concluye-las-excavaciones-en-pobla-de-ifach-con-el-descubrimiento-de-un-nuevo-tramo-de-muralla-de-30-metros\/"},"modified":"2022-09-11T12:17:00","modified_gmt":"2022-09-11T12:17:00","slug":"el-marq-concluye-las-excavaciones-en-pobla-de-ifach-con-el-descubrimiento-de-un-nuevo-tramo-de-muralla-de-30-metros","status":"publish","type":"post","link":"https:\/\/marqalicante-admin.qwair.com\/va\/el-marq-concluye-las-excavaciones-en-pobla-de-ifach-con-el-descubrimiento-de-un-nuevo-tramo-de-muralla-de-30-metros\/","title":{"rendered":"El MARQ conclou les excavacions a Pobla d\u00b4Ifac amb el descobriment d\u00b4un nou tram de muralla de 30 metres"},"content":{"rendered":"<p style=\"margin-left:0cm; margin-right:0cm; text-align:center\"><img decoding=\"async\" alt=\"\" src=\"\/contenido\/genericas\/IMG_5845.JPG\" style=\"height:333px; width:500px\" \/><\/p>\n<p style=\"margin-left:0cm; margin-right:0cm; text-align:justify\"><span style=\"font-size:12pt\"><span style=\"font-family:&quot;Times New Roman&quot;,&quot;serif&quot;\"><span style=\"font-size:11.0pt\"><span style=\"font-family:&quot;Verdana&quot;,&quot;sans-serif&quot;\">El <strong>Museu Arqueol\u00f2gic de la Diputaci\u00f3 d&#039;Alacant<\/strong> (<strong>MARQ<\/strong>) ha concl\u00f2s els treballs arqueol\u00f2gics estivals a la <strong>Pobla Medieval d&#039;Ifac<\/strong>, a <strong>Calp<\/strong>, amb <strong>noves troballes<\/strong>. L&#039;arque\u00f2leg <strong>Jos\u00e9 Luis Men\u00e9ndez<\/strong>, que dirigeix l&#039;equip de treball, ha confirmat que les actuacions desenvolupades aquest any a l&#039;oest del jaciment han perm\u00e8s descobrir <strong>30 metres nous de la muralla<\/strong> que contribuiran a millorar el coneixement del proc\u00e9s de construcci\u00f3 daquest sector de lantiga ciutat.<\/span><\/span><\/span><\/span><\/p>\n<p style=\"margin-left:0cm; margin-right:0cm; text-align:justify\"><span style=\"font-size:12pt\"><span style=\"font-family:&quot;Times New Roman&quot;,&quot;serif&quot;\"><span style=\"font-size:11.0pt\"><span style=\"font-family:&quot;Verdana&quot;,&quot;sans-serif&quot;\">La vicepresidenta i diputada de Cultura, <strong>Julia Parra<\/strong>, ha manifestat &quot;la import\u00e0ncia de continuar recolzant la investigaci\u00f3 arqueol\u00f2gica que desenvolupa el MARQ en aquest excepcional enclavament d\u00b4\u00e8poca medieval per aprofundir en el coneixement de la nostra hist\u00f2ria&quot;. Parra ha agra\u00eft, a m\u00e9s, a l&#039;equip de treball &quot;la seva gran tasca, gr\u00e0cies a la qual, despr\u00e9s de dos anys d&#039;aturada per la pand\u00e8mia, ha aconseguit treure a la llum destacades aportacions a la investigaci\u00f3 arqueol\u00f2gica&quot;.<\/span><\/span><\/span><\/span><\/p>\n<p style=\"margin-left:0cm; margin-right:0cm; text-align:justify\"><span style=\"font-size:12pt\"><span style=\"font-family:&quot;Times New Roman&quot;,&quot;serif&quot;\"><span style=\"font-size:11.0pt\"><span style=\"font-family:&quot;Verdana&quot;,&quot;sans-serif&quot;\">Als treballs<\/span><\/span> <span style=\"font-size:11.0pt\"><span style=\"font-family:&quot;Verdana&quot;,&quot;sans-serif&quot;\">a la Pobla Medieval d&#039;Ifac, realitzats en col\u00b7laboraci\u00f3 amb el <strong>Ajuntament de Calp <\/strong>i el <strong>Parc Natural del Penyal d&#039;Ifach<\/strong>, a m\u00e9s de l&#039;obertura d&#039;un nou tram de muralla s&#039;ha pogut confirmar <strong>exist\u00e8ncia de construccions a l&#039;interior de la pobla<\/strong> al sector oest, troballa que obre la porta a la localitzaci\u00f3 de nous edificis de la ciutat medieval en els propers anys. <\/span><\/span><\/span><\/span><\/p>\n<p style=\"margin-left:0cm; margin-right:0cm; text-align:justify\"><span style=\"font-size:12pt\"><span style=\"font-family:&quot;Times New Roman&quot;,&quot;serif&quot;\"><span style=\"font-size:11.0pt\"><span style=\"font-family:&quot;Verdana&quot;,&quot;sans-serif&quot;\">Els arque\u00f2legs han continuat amb l&#039;exhumaci\u00f3 de l&#039;esfondrament de la muralla als voltants de la Porta de l&#039;oest. La neteja ha possibilitat el <strong>descobriment de l&#039;arc d&#039;entrada a la ciutat<\/strong>, que es troba al complet, cosa que permetr\u00e0 reconstruir la porta d&#039;acc\u00e9s a la pobla dins dels treballs de posada en valor que es desenvoluparan al costat de l&#039;\u00c0rea d&#039;Arquitectura de la Diputaci\u00f3 d&#039;Alacant. <\/span><\/span><\/span><\/span><\/p>\n<p style=\"margin-left:0cm; margin-right:0cm; text-align:justify\"><span style=\"font-size:12pt\"><span style=\"font-family:&quot;Times New Roman&quot;,&quot;serif&quot;\"><strong><span style=\"font-size:11.0pt\"><span style=\"font-family:&quot;Verdana&quot;,&quot;sans-serif&quot;\">Excavaci\u00f3 de cinc noves tombes<\/span><\/span><\/strong><\/span><\/span><\/p>\n<p style=\"margin-left:0cm; margin-right:0cm; text-align:justify\"><span style=\"font-size:12pt\"><span style=\"font-family:&quot;Times New Roman&quot;,&quot;serif&quot;\"><span style=\"font-size:11.0pt\"><span style=\"font-family:&quot;Verdana&quot;,&quot;sans-serif&quot;\">Dins del programa de conservaci\u00f3 preventiva del jaciment, s&#039;ha continuat la tasca al <em>cimiterium<\/em> d&#039;Ifac, lloc d&#039;enterrament dels habitants de la pobla. S&#039;han documentat <strong>cinc noves tombes<\/strong> descobertes a la campanya del 2020, amb tres homes, una dona adulta i un infant, en bon estat de conservaci\u00f3. Han aparegut en posici\u00f3 dec\u00fabit sup\u00ed, amb els bra\u00e7os entrecreuats i sense cap aixovar, per\u00f2 dotats d&#039;indument\u00e0ria. Amb aquests darrers, la n\u00f2mina de cossos inhumats en aquesta zona d&#039;Ifac supera el centenar de persones localitzades. Tamb\u00e9 s&#039;han trobat <strong>restes dels ta\u00fcts<\/strong> funeraris.<\/span><\/span><\/span><\/span><\/p>\n<p style=\"margin-left:0cm; margin-right:0cm; text-align:justify\"><span style=\"font-size:12pt\"><span style=\"font-family:&quot;Times New Roman&quot;,&quot;serif&quot;\"><span style=\"font-size:11.0pt\"><span style=\"font-family:&quot;Verdana&quot;,&quot;sans-serif&quot;\">En paral\u00b7lel als treballs arqueol\u00f2gics de recerca, l&#039;equip d&#039;excavaci\u00f3 ha iniciat un programa de retirada de les runes de l&#039;hotel que existia sobre les restes de la Pobla d&#039;Ifac. Amb aquesta intervenci\u00f3, sufragada per la Diputaci\u00f3 d&#039;Alacant, la <strong>finalitat \u00e9s accedir a un tram de 40 metres de muralla<\/strong> on es poden localitzar <strong>dues torres defensives<\/strong> ja <strong>nous edificis<\/strong> que integraven l\u00b4estructura urbana d\u00b4aquesta poblada medieval.<\/span><\/span><\/span><\/span><\/p>","protected":false},"excerpt":{"rendered":"<p>El Museo Arqueol&oacute;gico de la Diputaci&oacute;n de Alicante (MARQ) ha concluido los trabajos arqueol&oacute;gicos estivales<span class=\"excerpt-hellip\"> [\u2026]<\/span><\/p>\n","protected":false},"author":3,"featured_media":0,"comment_status":"open","ping_status":"open","sticky":false,"template":"","format":"standard","meta":{"kia_subtitle":"","footnotes":""},"categories":[],"tags":[],"class_list":["post-34587","post","type-post","status-publish","format-standard","hentry"],"meta_box":[],"_links":{"self":[{"href":"https:\/\/marqalicante-admin.qwair.com\/va\/wp-json\/wp\/v2\/posts\/34587","targetHints":{"allow":["GET"]}}],"collection":[{"href":"https:\/\/marqalicante-admin.qwair.com\/va\/wp-json\/wp\/v2\/posts"}],"about":[{"href":"https:\/\/marqalicante-admin.qwair.com\/va\/wp-json\/wp\/v2\/types\/post"}],"author":[{"embeddable":true,"href":"https:\/\/marqalicante-admin.qwair.com\/va\/wp-json\/wp\/v2\/users\/3"}],"replies":[{"embeddable":true,"href":"https:\/\/marqalicante-admin.qwair.com\/va\/wp-json\/wp\/v2\/comments?post=34587"}],"version-history":[{"count":0,"href":"https:\/\/marqalicante-admin.qwair.com\/va\/wp-json\/wp\/v2\/posts\/34587\/revisions"}],"wp:attachment":[{"href":"https:\/\/marqalicante-admin.qwair.com\/va\/wp-json\/wp\/v2\/media?parent=34587"}],"wp:term":[{"taxonomy":"category","embeddable":true,"href":"https:\/\/marqalicante-admin.qwair.com\/va\/wp-json\/wp\/v2\/categories?post=34587"},{"taxonomy":"post_tag","embeddable":true,"href":"https:\/\/marqalicante-admin.qwair.com\/va\/wp-json\/wp\/v2\/tags?post=34587"}],"curies":[{"name":"wp","href":"https:\/\/api.w.org\/{rel}","templated":true}]}}