{"id":34571,"date":"2022-06-21T19:52:00","date_gmt":"2022-06-21T19:52:00","guid":{"rendered":"https:\/\/marqalicante-admin.qwair.com\/2022\/06\/21\/la-presidenta-del-institute-of-nautical-archaeology-de-la-universidad-de-texas-eeuu-visita-el-marq\/"},"modified":"2022-06-21T19:52:00","modified_gmt":"2022-06-21T19:52:00","slug":"la-presidenta-del-institute-of-nautical-archaeology-de-la-universidad-de-texas-eeuu-visita-el-marq","status":"publish","type":"post","link":"https:\/\/marqalicante-admin.qwair.com\/va\/la-presidenta-del-institute-of-nautical-archaeology-de-la-universidad-de-texas-eeuu-visita-el-marq\/","title":{"rendered":"La presidenta de l&#039;Institute of Nautical Archaeology de la Universitat de Texas (EUA) visita el MARQ"},"content":{"rendered":"<p style=\"text-align:center\"><img decoding=\"async\" alt=\"\" src=\"\/contenido\/genericas\/IMG-20220621-000000.jpg\" style=\"height:375px; width:500px\" \/><\/p>\n<p style=\"text-align:justify\"><span style=\"font-size:14.6667px\"><span style=\"color:#212121\"><span style=\"font-family:Verdana,sans-serif,serif,EmojiFont\"><span style=\"background-color:#ffffff\">Avui dimarts 21 de juny el MARQ Museu Arqueol\u00f2gic d&#039;Alacant ha rebut la visita de la Dra. Deborah Carlson (tercera per l&#039;esquerra), presidenta de l&#039;Institute of Nautical Archaeology de la Universitat de Texas (EUA), un dels centres m\u00e9s prestigiosos del m\u00f3n en arqueologia subaqu\u00e0tica i que actualment col\u00b7labora a l&#039;excavaci\u00f3 del peca. <\/span><\/span><\/span><\/span><\/p>\n<p style=\"text-align:justify\"><span style=\"font-size:14.6667px\"><span style=\"color:#212121\"><span style=\"font-family:Verdana,sans-serif,serif,EmojiFont\"><span style=\"background-color:#ffffff\">Acompanyada pel professor de la UA Jos\u00e9 Antonio Moya (primer per l&#039;esquerra), ha fet un recorregut per les instal\u00b7lacions t\u00e8cniques i les exposicions temporal i permanent, gr\u00e0cies al qual ha comprovat la qualitat dels serveis especialitzats i l&#039;oferta de difusi\u00f3 del patrimoni del MARQ.<\/span><\/span><\/span><\/span><\/p>","protected":false},"excerpt":{"rendered":"<p>Hoy martes 21 de junio el MARQ Museo Arqueol&oacute;gico de Alicante ha recibido la visita<span class=\"excerpt-hellip\"> [\u2026]<\/span><\/p>\n","protected":false},"author":3,"featured_media":0,"comment_status":"open","ping_status":"open","sticky":false,"template":"","format":"standard","meta":{"kia_subtitle":"","footnotes":""},"categories":[],"tags":[],"class_list":["post-34571","post","type-post","status-publish","format-standard","hentry"],"meta_box":[],"_links":{"self":[{"href":"https:\/\/marqalicante-admin.qwair.com\/va\/wp-json\/wp\/v2\/posts\/34571","targetHints":{"allow":["GET"]}}],"collection":[{"href":"https:\/\/marqalicante-admin.qwair.com\/va\/wp-json\/wp\/v2\/posts"}],"about":[{"href":"https:\/\/marqalicante-admin.qwair.com\/va\/wp-json\/wp\/v2\/types\/post"}],"author":[{"embeddable":true,"href":"https:\/\/marqalicante-admin.qwair.com\/va\/wp-json\/wp\/v2\/users\/3"}],"replies":[{"embeddable":true,"href":"https:\/\/marqalicante-admin.qwair.com\/va\/wp-json\/wp\/v2\/comments?post=34571"}],"version-history":[{"count":0,"href":"https:\/\/marqalicante-admin.qwair.com\/va\/wp-json\/wp\/v2\/posts\/34571\/revisions"}],"wp:attachment":[{"href":"https:\/\/marqalicante-admin.qwair.com\/va\/wp-json\/wp\/v2\/media?parent=34571"}],"wp:term":[{"taxonomy":"category","embeddable":true,"href":"https:\/\/marqalicante-admin.qwair.com\/va\/wp-json\/wp\/v2\/categories?post=34571"},{"taxonomy":"post_tag","embeddable":true,"href":"https:\/\/marqalicante-admin.qwair.com\/va\/wp-json\/wp\/v2\/tags?post=34571"}],"curies":[{"name":"wp","href":"https:\/\/api.w.org\/{rel}","templated":true}]}}