{"id":34560,"date":"2022-05-16T13:12:00","date_gmt":"2022-05-16T13:12:00","guid":{"rendered":"https:\/\/marqalicante-admin.qwair.com\/2022\/05\/16\/la-diputacion-celebra-el-dim-con-una-nueva-exposicion-y-actividades-accesibles-para-todos-los-publicos\/"},"modified":"2022-05-16T13:12:00","modified_gmt":"2022-05-16T13:12:00","slug":"la-diputacion-celebra-el-dim-con-una-nueva-exposicion-y-actividades-accesibles-para-todos-los-publicos","status":"publish","type":"post","link":"https:\/\/marqalicante-admin.qwair.com\/va\/la-diputacion-celebra-el-dim-con-una-nueva-exposicion-y-actividades-accesibles-para-todos-los-publicos\/","title":{"rendered":"La Diputaci\u00f3 celebra el DIM amb una nova exposici\u00f3 i activitats accessibles per a tots els p\u00fablics"},"content":{"rendered":"<p style=\"margin-left:0cm; margin-right:0cm; text-align:center\"><img decoding=\"async\" alt=\"\" src=\"\/contenido\/genericas\/051622%20dim.jpg\" style=\"height:333px; width:500px\" \/><\/p>\n<p style=\"margin-left:0cm; margin-right:0cm; text-align:justify\"><span style=\"font-size:12pt\"><span style=\"font-family:&quot;Times New Roman&quot;,serif\"><strong><span style=\"font-size:11.0pt\"><span style=\"font-family:&quot;Verdana&quot;,sans-serif\">La Diputaci\u00f3 d&#039;Alacant <\/span><\/span><\/strong><span style=\"font-size:11.0pt\"><span style=\"font-family:&quot;Verdana&quot;,sans-serif\">participa per<strong> <\/strong>des\u00e8 any consecutiu en els actes programats amb motiu del <strong>Dia Internacional dels Museus (DIM)<\/strong> amb una \u00e0mplia proposta d&#039;activitats que a partir de dimecres s&#039;oferiran a <strong>el MARQ<\/strong>, el <strong>MUBAG <\/strong>i el <strong>Institut Alacant\u00ed de Cultura Juan Gil-Albert<\/strong>. La iniciativa, a la qual tamb\u00e9 se sumen els centres culturals de l&#039;Ajuntament d&#039;Alacant, la Universitat, Aguas de Alicante i The Ocean Race, se celebra aquest any amb el lema amb el lema \u201c<strong>El poder dels museus<\/strong>\u201d.<\/span><\/span><\/span><\/span><\/p>\n<p style=\"margin-left:0cm; margin-right:0cm; text-align:justify\"><span style=\"font-size:12pt\"><span style=\"font-family:&quot;Times New Roman&quot;,serif\"><span style=\"font-size:11.0pt\"><span style=\"font-family:&quot;Verdana&quot;,sans-serif\">La vicepresidenta i diputada de Cultura, <strong>Julia Parra<\/strong>, ha detallat que s&#039;han preparat activitats per a p\u00fablics de totes les edats, entre les quals ha destacat &quot;la inauguraci\u00f3 d&#039;una nova mostra al MARQ i un combat de gladiadors als seus jardins dissabte a la tarda i visites guiades gratu\u00eftes tamb\u00e9 a l&#039;Institut Gil-Albert i al MUBAG&quot;. La titular de Cultura ha assegurat que \u201camb aquesta \u00e0mplia i variada programaci\u00f3 especial, volem convidar la ciutadania a visitar els nostres museus, que s\u00f3n un dels nostres principals baluards culturals i atractius\u201d.<\/span><\/span><\/span><\/span><\/p>\n<p style=\"margin-left:0cm; margin-right:0cm; text-align:justify\"><span style=\"font-size:12pt\"><span style=\"font-family:&quot;Times New Roman&quot;,serif\"><span style=\"font-size:11.0pt\"><span style=\"font-family:&quot;Verdana&quot;,sans-serif\">El <\/span><\/span><a href=\"https:\/\/marqalicante-classic-admin.qwair.com\/etruscos\/\" target=\"_blank\" rel=\"noopener\"><strong><span style=\"font-size:11.0pt\"><span style=\"font-family:&quot;Verdana&quot;,sans-serif\">MARQ<\/span><\/span><\/strong><\/a><span style=\"font-size:11.0pt\"><span style=\"font-family:&quot;Verdana&quot;,sans-serif\"> ha orientat aquesta jornada a con\u00e8ixer altres civilitzacions, com la <strong>castrenya de l&#039;Edat de Ferro<\/strong>, a trav\u00e9s de l&#039;exposici\u00f3 <strong>&#039;El Guerrer Atl\u00e0ntic&#039;<\/strong>, que s&#039;obrir\u00e0 al p\u00fablic el dimecres 18 de maig, o la romana de la m\u00e0 de \u201cGladiadores. Herois del Coliseu\u201d, mostres que compten amb diferents recursos com a lectura f\u00e0cil, reproduccions en 3D, llengua de signes, o lectura en braille per millorar l&#039;accessibilitat per a tots els p\u00fablics.<\/span><\/span><\/span><\/span><\/p>\n<p style=\"margin-left:0cm; margin-right:0cm; text-align:justify\"><span style=\"font-size:12pt\"><span style=\"font-family:&quot;Times New Roman&quot;,serif\"><span style=\"font-size:11.0pt\"><span style=\"font-family:&quot;Verdana&quot;,sans-serif\">A m\u00e9s, dimecres 18 es dur\u00e0 a terme una <strong>visita guiada a la Sala de l&#039;Edat Mitjana<\/strong> juntament amb el taller &#039;Treballa com un terrisser medieval&#039;, amb la participaci\u00f3 del grup de <strong>Formaci\u00f3 i ocupaci\u00f3 de l&#039;Associaci\u00f3 Alacantina de S\u00edndrome de Down<\/strong>, aix\u00ed com el taller &#039;El meu escut de gladiador&#039; enfocat als petits de la <strong>Unitat Pedag\u00f2gica Hospital\u00e0ria de l&#039;Hospital Universitari Dr. Balmis d&#039;Alacant<\/strong>. Ja a la tarda es dur\u00e0 a terme un taller al voltant de la mostra <strong>&#039;<\/strong>El Guerrero Atl\u00e1ntico&#039; per a nens d&#039;entre 6 i 12 anys.<\/span><\/span><\/span><\/span><\/p>\n<p style=\"margin-left:0cm; margin-right:0cm; text-align:justify\"><span style=\"font-size:12pt\"><span style=\"font-family:&quot;Times New Roman&quot;,serif\"><span style=\"font-size:11.0pt\"><span style=\"font-family:&quot;Verdana&quot;,sans-serif\">El cap de setmana continuar\u00e0 la programaci\u00f3 del #DIM2022 amb <strong>visites animades, contacontes i tallers per a tots els p\u00fablics<\/strong>, aix\u00ed com algunes activitats dedicades espec\u00edficament a <strong>usuaris d&#039;ASPANION i d&#039;APSA<\/strong>. Els tallers estan orientats a mostrar el proc\u00e9s d&#039;organitzaci\u00f3 d&#039;uns espectacles de lluita, con\u00e8ixer els diferents tipus de gladiadors i el seu equipament, les normes del combat i els antifiteatres.<\/span><\/span><\/span><\/span><\/p>\n<p style=\"margin-left:0cm; margin-right:0cm; text-align:justify\"><span style=\"font-size:12pt\"><span style=\"font-family:&quot;Times New Roman&quot;,serif\"><span style=\"font-size:11.0pt\"><span style=\"font-family:&quot;Verdana&quot;,sans-serif\">A m\u00e9s, els jardins del MARQ seran escenari dissabte a la tarda-nit d&#039;un &#039;<strong>combat de gladiadors&#039;<\/strong> recreat per la <strong>Associaci\u00f3 Hisp\u00e0nia Romana<\/strong>. A partir de les 20.00 hores, es representar\u00e0 el desenvolupament d&#039;un enfrontament i les seves normes. Tamb\u00e9 el diumenge, de 12:30 a 13.30 hores, aquesta associaci\u00f3 representar\u00e0 \u201c<strong>El tocador de la Matrona<\/strong>\u201d, en qu\u00e8 es mostraran els estris de neteja i bellesa d&#039;una llevadora romana. Totes dues activitats s\u00f3n d&#039;acc\u00e9s lliure.<\/span><\/span><\/span><\/span><\/p>\n<p style=\"margin-left:0cm; margin-right:0cm; text-align:justify\"><span style=\"font-size:12pt\"><span style=\"font-family:&quot;Times New Roman&quot;,serif\"><span style=\"font-size:11.0pt\"><span style=\"font-family:&quot;Verdana&quot;,sans-serif\">El <\/span><\/span><a href=\"http:\/\/www.iacjuangilalbert.com\/\" target=\"_blank\" rel=\"noopener\"><strong><span style=\"font-size:11.0pt\"><span style=\"font-family:&quot;Verdana&quot;,sans-serif\">Institut Alacant\u00ed de Cultura Juan Gil-Albert<\/span><\/span><\/strong><\/a><strong> <\/strong><span style=\"font-size:11.0pt\"><span style=\"font-family:&quot;Verdana&quot;,sans-serif\">se suma a la celebraci\u00f3 del Dia Internacional dels Museus 2022 amb la posada en marxa d&#039;una s\u00e8rie d&#039;activitats al voltant de la <strong>exposici\u00f3 \u201cSchwindel\u201d<\/strong> de l&#039;artista de Pego <strong>Filibert Siscar<\/strong>. A les 19.30 hores del dimecres 18 de maig s&#039;ha programat una visita guiada amb l&#039;artista i la comiss\u00e0ria de la mostra, <strong>Silvia Merc\u00e9<\/strong>, a la qual seguir\u00e0 una trobada en qu\u00e8 tots dos oferiran les claus per entendre les creacions art\u00edstiques. \u201cSchwindel\u201d va ser un dels projectes seleccionats a la IV convocat\u00f2ria p\u00fablica <strong>Art a la Casa Bardin<\/strong>.<\/span><\/span><\/span><\/span><\/p>\n<p style=\"margin-left:0cm; margin-right:0cm; text-align:justify\"><span style=\"font-size:12pt\"><span style=\"font-family:&quot;Times New Roman&quot;,serif\"><span style=\"font-size:11.0pt\"><span style=\"font-family:&quot;Verdana&quot;,sans-serif\">Al <\/span><\/span><a href=\"https:\/\/www.mubag.es\/\" target=\"_blank\" rel=\"noopener\"><strong><span style=\"font-size:11.0pt\"><span style=\"font-family:&quot;Verdana&quot;,sans-serif\">MUBAG<\/span><\/span><\/strong><\/a><span style=\"font-size:11.0pt\"><span style=\"font-family:&quot;Verdana&quot;,sans-serif\">, amb motiu del Dia Internacional del Museu, per primera vegada es realitzar\u00e0 <strong>visites guiades<\/strong> a la recent inaugurada exposici\u00f3 permanent \u201cEl segle XIX. La col\u00b7lecci\u00f3 a la llum\u201d, una mostra amb gaireb\u00e9 vuitanta obres exposades que s&#039;acostar\u00e0 als visitants en tres passades guiades el 18 de maig, dues a les 12.00 hores i un altre a les 18 hores. A l&#039;horari de mat\u00ed un dels passis s&#039;oferir\u00e0 en angl\u00e8s. Les places per a aquesta activitat s\u00f3n limitades i requereixen inscripci\u00f3 pr\u00e8via al tel\u00e8fon 965 146 780.<\/span><\/span><\/span><\/span><\/p>\n<p style=\"margin-left:0cm; margin-right:0cm; text-align:justify\"><span style=\"font-size:12pt\"><span style=\"font-family:&quot;Times New Roman&quot;,serif\"><span style=\"font-size:11.0pt\"><span style=\"font-family:&quot;Verdana&quot;,sans-serif\">A trav\u00e9s de la p\u00e0gina web del MUBAG, tamb\u00e9 podreu accedir a audiovisuals de diferents blocs tem\u00e0tics de l&#039;exposici\u00f3 permanent. <strong><em>El poder de la fotografia a les xarxes<\/em><\/strong>, ser\u00e0 el nom d&#039;una altra de les nostres accions proposades. Des del 18 al 22 de maig els visitants podran rec\u00f3rrer la sala d&#039;&#039;El segle XIX. La col\u00b7lecci\u00f3 a la llum&#039; i els seus espais per localitzar a les obres \u00fanicament accessoris femenins i masculins. Els enquadraments fotografiats, amb l&#039;Smartphone, es compartiran a les xarxes socials, etiquetant el @museomubag, i afegint els hashtags #DIM2022 #ElPoderDeLosMuseos #ALaLuz. Passat el DIM des del museu es crear\u00e0 una publicaci\u00f3, a les xarxes, amb les imatges compartides.<\/span><\/span><\/span><\/span><\/p>\n<p style=\"margin-left:0cm; margin-right:0cm\"><span style=\"font-size:12pt\"><span style=\"font-family:&quot;Times New Roman&quot;,serif\"><span style=\"font-size:11.0pt\"><span style=\"font-family:&quot;Verdana&quot;,sans-serif\">Tots els museus obsequiaran els visitants amb un imant amb el lema \u201cEl poder dels museus\u201d i una imatge representativa. En el cas del MUBAG, l&#039;obra Rosa M\u00edstica de l&#039;artista alcoi\u00e0 Francisco Laporta, el Gil-Albert ha escollit un detall de la fa\u00e7ana de la Casa Bard\u00edn i el MARQ una de les peces estrella de l&#039;exposici\u00f3 Gladiadores.<\/span><\/span><\/span><\/span><\/p>","protected":false},"excerpt":{"rendered":"<p>La Diputaci&oacute;n de Alicante participa por d&eacute;cimo a&ntilde;o consecutivo en los actos programados con motivo<span class=\"excerpt-hellip\"> [\u2026]<\/span><\/p>\n","protected":false},"author":3,"featured_media":0,"comment_status":"open","ping_status":"open","sticky":false,"template":"","format":"standard","meta":{"kia_subtitle":"","footnotes":""},"categories":[],"tags":[],"class_list":["post-34560","post","type-post","status-publish","format-standard","hentry"],"meta_box":[],"_links":{"self":[{"href":"https:\/\/marqalicante-admin.qwair.com\/va\/wp-json\/wp\/v2\/posts\/34560","targetHints":{"allow":["GET"]}}],"collection":[{"href":"https:\/\/marqalicante-admin.qwair.com\/va\/wp-json\/wp\/v2\/posts"}],"about":[{"href":"https:\/\/marqalicante-admin.qwair.com\/va\/wp-json\/wp\/v2\/types\/post"}],"author":[{"embeddable":true,"href":"https:\/\/marqalicante-admin.qwair.com\/va\/wp-json\/wp\/v2\/users\/3"}],"replies":[{"embeddable":true,"href":"https:\/\/marqalicante-admin.qwair.com\/va\/wp-json\/wp\/v2\/comments?post=34560"}],"version-history":[{"count":0,"href":"https:\/\/marqalicante-admin.qwair.com\/va\/wp-json\/wp\/v2\/posts\/34560\/revisions"}],"wp:attachment":[{"href":"https:\/\/marqalicante-admin.qwair.com\/va\/wp-json\/wp\/v2\/media?parent=34560"}],"wp:term":[{"taxonomy":"category","embeddable":true,"href":"https:\/\/marqalicante-admin.qwair.com\/va\/wp-json\/wp\/v2\/categories?post=34560"},{"taxonomy":"post_tag","embeddable":true,"href":"https:\/\/marqalicante-admin.qwair.com\/va\/wp-json\/wp\/v2\/tags?post=34560"}],"curies":[{"name":"wp","href":"https:\/\/api.w.org\/{rel}","templated":true}]}}