{"id":34559,"date":"2022-05-12T11:42:00","date_gmt":"2022-05-12T11:42:00","guid":{"rendered":"https:\/\/marqalicante-admin.qwair.com\/2022\/05\/12\/el-marq-inicia-un-ciclo-de-representaciones-de-luchas-de-gladiadores-en-el-tossal-de-manises-que-se-prolongara-hasta-octubre\/"},"modified":"2022-05-12T11:42:00","modified_gmt":"2022-05-12T11:42:00","slug":"el-marq-inicia-un-ciclo-de-representaciones-de-luchas-de-gladiadores-en-el-tossal-de-manises-que-se-prolongara-hasta-octubre","status":"publish","type":"post","link":"https:\/\/marqalicante-admin.qwair.com\/va\/el-marq-inicia-un-ciclo-de-representaciones-de-luchas-de-gladiadores-en-el-tossal-de-manises-que-se-prolongara-hasta-octubre\/","title":{"rendered":"El MARQ inicia un cicle de representacions de lluites de gladiadors al Tossal de Manises que es prolongar\u00e0 fins a l&#039;octubre"},"content":{"rendered":"<p>&nbsp;&nbsp;<\/p>\n<p>&nbsp;<\/p>\n<p><img decoding=\"async\" alt=\"\" src=\"\/contenido\/genericas\/051222%20RP%20MARQ%2001(1).jpg\" style=\"height:404px; width:648px\" \/><\/p>\n<p style=\"margin-left:0cm; margin-right:0cm; text-align:justify\"><span style=\"font-size:12pt\"><span style=\"font-family:LTAroma\"><span style=\"color:black\"><span style=\"font-size:11.0pt\"><span style=\"font-family:&quot;Verdana&quot;,sans-serif\">El jaciment arqueol\u00f2gic del<strong> Tossal de Manises<\/strong> acollir\u00e0 espectacles de lluita de gladiadors que s&#039;iniciaran a partir d&#039;aquest cap de setmana en el marc de les <strong>VII Jornades de Recreaci\u00f3 Hist\u00f2rica<\/strong> \u201cLucentum Reviviscit\u201d. Aquesta iniciativa del <strong>MARQ <\/strong>t\u00e9 com a finalitat posar en valor aquest enclavament i completar l&#039;exposici\u00f3 internacional \u201cGladiadors. Herois del Coliseu\u201d amb noves activitats.<\/span><\/span><\/span><\/span><\/span><\/p>\n<p style=\"margin-left:0cm; margin-right:0cm; text-align:justify\"><span style=\"font-size:12pt\"><span style=\"font-family:LTAroma\"><span style=\"color:black\"><span style=\"font-size:11.0pt\"><span style=\"font-family:&quot;Verdana&quot;,sans-serif\">La vicepresidenta i diputada de Cultura, <strong>Julia Parra<\/strong>, ha presentat la que ser\u00e0 <strong>la major recreaci\u00f3 que s&#039;ha realitzat al jaciment<\/strong> que comptar\u00e0 amb la participaci\u00f3 de <strong>43 persones<\/strong> de l&#039;Associaci\u00f3 Cultural Hispania Romana, associaci\u00f3 d&#039;\u00e0mbit nacional amb seu a Toledo, i de 15 figurants pertanyents a l&#039;associaci\u00f3 Gesta Gladiatoria. <\/span><\/span><\/span><\/span><\/span><\/p>\n<p style=\"margin-left:0cm; margin-right:0cm; text-align:justify\"><span style=\"font-size:12pt\"><span style=\"font-family:LTAroma\"><span style=\"color:black\"><span style=\"font-size:11.0pt\"><span style=\"font-family:&quot;Verdana&quot;,sans-serif\">La titular de Cultura ha remarcat la singularitat d\u201faquestes representacions que suposen una oportunitat d\u201facostament a la ciutat romana de Lucentum. \u201cVoldria ressaltar el valor que t\u00e9 rememorar les lluites de gladiadors en un entorn on fa 2.000 anys van passar de deb\u00f2 ja que, on no hi havia amfiteatres, el f\u00f2rum rom\u00e0 era el lloc on es duien a terme. Aquesta dada aporta m\u00e9s realisme i afegeix atractiu a aquestes recreacions\u201d, ha assegurat.<\/span><\/span><\/span><\/span><\/span><\/p>\n<p style=\"margin-left:0cm; margin-right:0cm; text-align:justify\"><span style=\"font-size:12pt\"><span style=\"font-family:LTAroma\"><span style=\"color:black\"><span style=\"font-size:11.0pt\"><span style=\"font-family:&quot;Verdana&quot;,sans-serif\">Julia Parra ha confirmat que les representacions a Lucentum, que comen\u00e7aran dissabte que ve, s&#039;allargaran m\u00e9s enll\u00e0 d&#039;aquest cap setmana. &quot;El programa que s\u00b4est\u00e0 preparant abastar\u00e0 els mesos de juny, juliol, setembre i octubre, \u00e9s a dir, durant tot el per\u00edode d\u00b4exposici\u00f3 de &#039;Gladiadors&#039; al MARQ&quot;, ha detallat.<\/span><\/span><\/span><\/span><\/span><\/p>\n<p style=\"margin-left:0cm; margin-right:0cm; text-align:justify\"><span style=\"font-size:12pt\"><span style=\"font-family:LTAroma\"><span style=\"color:black\"><span style=\"font-size:11.0pt\"><span style=\"font-family:&quot;Verdana&quot;,sans-serif\">Tamb\u00e9 el director del MARQ, <strong>Manuel Olcina<\/strong>, ha incidit en la import\u00e0ncia de les recreacions, adre\u00e7ades a tots els p\u00fablics. &quot;Es tracta de representar el viu esdeveniments amb persones reals de la manera m\u00e9s fidel possible a la realitat i amb el m\u00e0xim rigor, sense recrear-nos en la viol\u00e8ncia&quot;, ha aclarit. <\/span><\/span><\/span><\/span><\/span><\/p>\n<p style=\"margin-left:0cm; margin-right:0cm; text-align:justify\"><span style=\"font-size:12pt\"><span style=\"font-family:LTAroma\"><span style=\"color:black\"><span style=\"font-size:11.0pt\"><span style=\"font-family:&quot;Verdana&quot;,sans-serif\">El director gerent de la Fundaci\u00f3 MARQ, <strong>Jos\u00e9 Alberto Cort\u00e9s<\/strong>, ha destacat \u201cla import\u00e0ncia de comptar amb la col\u00b7laboraci\u00f3 de<\/span><\/span> <span style=\"font-size:11.0pt\"><span style=\"font-family:&quot;Verdana&quot;,sans-serif\">l&#039;Associaci\u00f3 Cultural Hisp\u00e0nia Romana, degana a la recreaci\u00f3 hist\u00f2rica ia l&#039;estudi del m\u00f3n rom\u00e0<\/span><\/span><span style=\"font-size:11.0pt\"><span style=\"font-family:&quot;Verdana&quot;,sans-serif\">\u201d. Per part seva, el representant d&#039;aquesta organitzaci\u00f3, <strong>Jos\u00e9 Lloret<\/strong>, ha explicat que amb aquestes accions \u201cvolem promocionar el patrimoni i ensenyar tots el proc\u00e9s i els ritus al voltant dels gladiadors, des de la contractaci\u00f3, enterrament i entrenament, fins a les baralles\u201d.<\/span><\/span><\/span><\/span><\/span><\/p>\n<p style=\"margin-left:0cm; margin-right:0cm; text-align:justify\"><span style=\"font-size:12pt\"><span style=\"font-family:LTAroma\"><span style=\"color:black\"><span style=\"font-size:11.0pt\"><span style=\"font-family:&quot;Verdana&quot;,sans-serif\">La tem\u00e0tica se centrar\u00e0 en el proc\u00e9s d&#039;organitzaci\u00f3 dels espectacles de lluita, els diferents tipus de gladiadors i el seu equipament, els entrenaments al ludus o les normes i regles del combat. Aix\u00ed. la proposta constar\u00e0 de quatre escenes per mostrar: <strong>Contractaci\u00f3<\/strong> (organitzaci\u00f3 de l&#039;espectacle), <strong>Entrenament<\/strong> (sessi\u00f3 d&#039;ensinistrament i preparaci\u00f3), <strong>Funus<\/strong> (cerim\u00f2nia d&#039;honres f\u00fanebres) i <strong>Gladiatorum munera<\/strong> (combat de gladiadors).<\/span><\/span><\/span><\/span><\/span><\/p>\n<p style=\"margin-left:0cm; margin-right:0cm; text-align:justify\"><span style=\"font-size:12pt\"><span style=\"font-family:&quot;Times New Roman&quot;,serif\"><span style=\"font-size:11.0pt\"><span style=\"font-family:&quot;Verdana&quot;,sans-serif\"><span style=\"color:black\">Les primeres representacions de Lucentum Reviviscit-2022 tindran lloc el <strong>dissabte 14 de maig <\/strong>-de 10:30 a 13:00 i de 17:00 a 20:00 hores- i el <strong>diumenge 15<\/strong> -de 10:30 a 13:00 hores- amb un aforament de <strong>250 persones m\u00e0xim per passi<\/strong>. A m\u00e9s, el preu de cada sessi\u00f3 ser\u00e0 de <strong>tres euros<\/strong>, gratu\u00efta per a nens\/es de fins a 7 anys, i les entrades es podran adquirir a les <strong>taquilles del MARQ<\/strong>, al propi <strong>jaciment de Lucentum<\/strong> (Tossal de Manises) oa <strong>trav\u00e9s d&#039;Instanticket<\/strong>. S&#039;ha habilitat un sistema de so per permetre a tots els visitants seguir la representaci\u00f3 en un jaciment adaptat per a persones amb mobilitat redu\u00efda.<\/span><\/span><\/span><\/span><\/span><\/p>\n<p style=\"margin-left:0cm; margin-right:0cm; text-align:justify\"><span style=\"font-size:12pt\"><span style=\"font-family:&quot;Times New Roman&quot;,serif\"><span style=\"font-size:11.0pt\"><span style=\"font-family:&quot;Verdana&quot;,sans-serif\"><span style=\"color:black\">Per altra banda, durant aquest cap de setmana quedar\u00e0 <strong>suprimit el servei de passis guiats<\/strong> i no es permetr\u00e0 la visita lliure al jaciment. Les entrades es podran adquirir a les taquilles del MARQ, al jaciment ia trav\u00e9s d&#039;Instanticket.<\/span><\/span><\/span><\/span><\/span><\/p>\n<p style=\"margin-left:0cm; margin-right:0cm; text-align:justify\">&nbsp;<\/p>\n<p style=\"margin-left:0cm; margin-right:0cm; text-align:justify\"><span style=\"font-size:12pt\"><span style=\"font-family:&quot;Times New Roman&quot;,serif\"><strong><span style=\"font-size:11.0pt\"><span style=\"font-family:&quot;Verdana&quot;,sans-serif\"><span style=\"color:black\">Programa d&#039;activitats <\/span><\/span><\/span><\/strong><\/span><\/span><\/p>\n<p style=\"margin-left:0cm; margin-right:0cm; text-align:justify\"><span style=\"font-size:12pt\"><span style=\"font-family:&quot;Times New Roman&quot;,serif\"><span style=\"font-size:11.0pt\"><span style=\"font-family:&quot;Verdana&quot;,sans-serif\"><span style=\"color:black\">A m\u00e9s de les representacions al jaciment de Lucentum, el MARQ desenvolupar\u00e0 &quot;un ampli programa cultural de gran qualitat, a l&#039;al\u00e7ada d&#039;una destinaci\u00f3 tur\u00edstica de primer nivell com \u00e9s Alacant&quot;, ha anunciat Julia Parra. L&#039;exposici\u00f3 \u201cGladiadors. Herois del Coliseu\u201d es completar\u00e0 amb <strong>taules rodones<\/strong> i <strong>jornades de car\u00e0cter cient\u00edfic<\/strong>. Entre elles, se celebrar\u00e0 una jornada de<strong> confer\u00e8ncies<\/strong> que tindr\u00e0 lloc a la primera quinzena d&#039;octubre amb <strong>especialistes italians i espanyols<\/strong> per analitzar la figura dels gladiadors i els amfiteatres com a construccions de gran valor arquitect\u00f2nic, cultural i social.<\/span><\/span><\/span><\/span><\/span><\/p>\n<p style=\"margin-left:0cm; margin-right:0cm; text-align:justify\"><span style=\"font-size:12pt\"><span style=\"font-family:&quot;Times New Roman&quot;,serif\"><span style=\"font-size:11.0pt\"><span style=\"font-family:&quot;Verdana&quot;,sans-serif\"><span style=\"color:black\">Tamb\u00e9 s&#039;ha desenvolupat un <strong>ampli programa did\u00e0ctic<\/strong> que comen\u00e7ar\u00e0 el 21 de maig i es perllongar\u00e0 fins al mes doctubre.<\/span><\/span><\/span><\/span><\/span><\/p>\n<p style=\"margin-left:0cm; margin-right:0cm; text-align:justify\"><span style=\"font-size:12pt\"><span style=\"font-family:&quot;Times New Roman&quot;,serif\"><strong><span style=\"font-size:11.0pt\"><span style=\"font-family:&quot;Verdana&quot;,sans-serif\"><span style=\"color:black\">M\u00e9s de 13.000 visites <\/span><\/span><\/span><\/strong><\/span><\/span><\/p>\n<p style=\"margin-left:0cm; margin-right:0cm; text-align:justify\"><span style=\"font-size:12pt\"><span style=\"font-family:LTAroma\"><span style=\"color:black\"><span style=\"font-size:11.0pt\"><span style=\"font-family:&quot;Verdana&quot;,sans-serif\">&nbsp;Julia Parra ha confirmat que, des que es va inaugurar el 13 d&#039;abril passat, l&#039;exposici\u00f3 &#039;H\u00e9roes del Coliseo&#039;, ha rebut m\u00e9s de 13.000 visitants. &quot;\u00c9s una molt bona not\u00edcia amb qu\u00e8 celebrem aquest primer mes de la mostra, que ha estat tot un \u00e8xit gr\u00e0cies a l&#039;equip del MARQ i als vuit museus participants&quot;, ha manifestat la diputada.<\/span><\/span><\/span><\/span><\/span><\/p>\n<p>&nbsp;<\/p>","protected":false},"excerpt":{"rendered":"<p>&nbsp;&nbsp; &nbsp; El yacimiento arqueol&oacute;gico del Tossal de Manises acoger&aacute; espect&aacute;culos de lucha de gladiadores<span class=\"excerpt-hellip\"> [\u2026]<\/span><\/p>\n","protected":false},"author":3,"featured_media":0,"comment_status":"open","ping_status":"open","sticky":false,"template":"","format":"standard","meta":{"kia_subtitle":"","footnotes":""},"categories":[],"tags":[],"class_list":["post-34559","post","type-post","status-publish","format-standard","hentry"],"meta_box":[],"_links":{"self":[{"href":"https:\/\/marqalicante-admin.qwair.com\/va\/wp-json\/wp\/v2\/posts\/34559","targetHints":{"allow":["GET"]}}],"collection":[{"href":"https:\/\/marqalicante-admin.qwair.com\/va\/wp-json\/wp\/v2\/posts"}],"about":[{"href":"https:\/\/marqalicante-admin.qwair.com\/va\/wp-json\/wp\/v2\/types\/post"}],"author":[{"embeddable":true,"href":"https:\/\/marqalicante-admin.qwair.com\/va\/wp-json\/wp\/v2\/users\/3"}],"replies":[{"embeddable":true,"href":"https:\/\/marqalicante-admin.qwair.com\/va\/wp-json\/wp\/v2\/comments?post=34559"}],"version-history":[{"count":0,"href":"https:\/\/marqalicante-admin.qwair.com\/va\/wp-json\/wp\/v2\/posts\/34559\/revisions"}],"wp:attachment":[{"href":"https:\/\/marqalicante-admin.qwair.com\/va\/wp-json\/wp\/v2\/media?parent=34559"}],"wp:term":[{"taxonomy":"category","embeddable":true,"href":"https:\/\/marqalicante-admin.qwair.com\/va\/wp-json\/wp\/v2\/categories?post=34559"},{"taxonomy":"post_tag","embeddable":true,"href":"https:\/\/marqalicante-admin.qwair.com\/va\/wp-json\/wp\/v2\/tags?post=34559"}],"curies":[{"name":"wp","href":"https:\/\/api.w.org\/{rel}","templated":true}]}}