{"id":34558,"date":"2022-05-05T08:06:00","date_gmt":"2022-05-05T08:06:00","guid":{"rendered":"https:\/\/marqalicante-admin.qwair.com\/2022\/05\/05\/el-marq-completa-la-exposicion-gladiadores-heroes-del-coliseo-con-un-nuevo-fresco-del-anfiteatro-de-pompeya\/"},"modified":"2022-05-05T08:06:00","modified_gmt":"2022-05-05T08:06:00","slug":"el-marq-completa-la-exposicion-gladiadores-heroes-del-coliseo-con-un-nuevo-fresco-del-anfiteatro-de-pompeya","status":"publish","type":"post","link":"https:\/\/marqalicante-admin.qwair.com\/va\/el-marq-completa-la-exposicion-gladiadores-heroes-del-coliseo-con-un-nuevo-fresco-del-anfiteatro-de-pompeya\/","title":{"rendered":"El MARQ completa l&#039;exposici\u00f3 &#039;Gladiadors. Herois del Coliseu&#039; amb un nou fresc de l&#039;amfiteatre de Pompeia"},"content":{"rendered":"<p style=\"margin-left:0cm; margin-right:0cm; text-align:center\"><img decoding=\"async\" alt=\"\" src=\"\/contenido\/genericas\/050522%20nueva%20pieza%20marq%203(1).jpg\" style=\"height:333px; width:500px\" \/><\/p>\n<p style=\"margin-left:0cm; margin-right:0cm; text-align:justify\"><span style=\"font-size:12pt\"><span style=\"font-family:LTAroma\"><span style=\"color:black\"><span style=\"font-size:11.0pt\"><span style=\"font-family:&quot;Verdana&quot;,sans-serif\">El <strong>MARQ<\/strong> ha rebut la pe\u00e7a original <strong>&#039;Lluita entre pompeians i nucerins a l&#039;amfiteatre de Pompeia&#039;<\/strong>, un fresc del segle I dC que, des d&#039;aquest migdia, forma part de l&#039;exposici\u00f3 <strong>&#039;Gladiadors. Herois del Colosseu rom\u00e0&#039;<\/strong>. La vostra instal\u00b7laci\u00f3 s&#039;ha dut a terme a la vista del p\u00fablic per no interrompre l&#039;exposici\u00f3 i mostrar el proc\u00e9s. Aquesta incorporaci\u00f3, que reempla\u00e7a una r\u00e8plica exacta cedida pel <strong>Museu Arqueol\u00f2gic de N\u00e0pols<\/strong>, completa la mostra internacional que romandr\u00e0 fins al <strong>16 d&#039;octubre<\/strong> al museu alacant\u00ed.<\/span><\/span><\/span><\/span><\/span><\/p>\n<p style=\"margin-left:0cm; margin-right:0cm; text-align:justify\"><span style=\"font-size:12pt\"><span style=\"font-family:&quot;Times New Roman&quot;,serif\"><span style=\"font-size:11.0pt\"><span style=\"font-family:&quot;Verdana&quot;,sans-serif\"><span style=\"color:black\">La vicepresidenta i diputada de Cultura, <strong>Julia Parra<\/strong>, ha visitat el MARQ per fer un <strong>seguiment de la instal\u00b7laci\u00f3<\/strong> d&#039;aquesta fresca, propietat tamb\u00e9 del Museu de N\u00e0pols. La titular de Cultura ha confirmat que &quot;aquesta \u00e9s, sens dubte, una de les peces m\u00e9s importants i de m\u00e9s qualitat d\u00b4aquesta destacada exposici\u00f3, pionera a Espanya, que ha despertat l\u00b4inter\u00e8s del p\u00fablic amb m\u00e9s d\u00b411.100 visitants registrats en nom\u00e9s tres setmanes&quot;.<\/span><\/span><\/span><\/span><\/span><\/p>\n<p style=\"margin-left:0cm; margin-right:0cm; text-align:justify\"><span style=\"font-size:12pt\"><span style=\"font-family:&quot;Times New Roman&quot;,serif\"><span style=\"font-size:11.0pt\"><span style=\"font-family:&quot;Verdana&quot;,sans-serif\"><span style=\"color:black\">La proposta es va inaugurar el 13 d&#039;abril amb una <strong>r\u00e8plica del fresc de Pompeia<\/strong> que ha substitu\u00eft temporalment l&#039;original mentre es resolien els <strong>tr\u00e0mits burocr\u00e0tics per a la sortida del Jap\u00f3<\/strong>. En aquest pa\u00eds es va exhibir la fresca anteriorment com a part d&#039;una exposici\u00f3 temporal. L&#039;operaci\u00f3 ha comptat amb el vistiplau i la supervisi\u00f3 de la comiss\u00e0ria de l&#039;exposici\u00f3, <strong>Rossella Rea<\/strong>, aix\u00ed com dels t\u00e8cniques del MARQ i del museu napolit\u00e0.<\/span><\/span><\/span><\/span><\/span><\/p>\n<p style=\"margin-left:0cm; margin-right:0cm; text-align:justify\"><span style=\"font-size:12pt\"><span style=\"font-family:&quot;Times New Roman&quot;,serif\"><span style=\"font-size:11.0pt\"><span style=\"font-family:&quot;Verdana&quot;,sans-serif\"><span style=\"color:black\">La pe\u00e7a \u00e9s una <strong>pintura mural<\/strong> que mostra els disturbis a l&#039;amfiteatre de Pompeia esdevinguts l&#039;any 59. L&#039;escena es va pintar entre aquell any i el 79 (destrucci\u00f3 de la zona pel Vesuvi), al segle I dC Es tracta d&#039;un dels pocs frescos romans -contradict\u00f2riament gr\u00e0cies a la desgr\u00e0cia de l&#039;erupci\u00f3- <strong>excel\u00b7lent estat de conservaci\u00f3<\/strong>, cosa que reflecteix la capacitat i professionalitat dels t\u00e8cnics del MANN.&nbsp;&nbsp; <\/span><\/span><\/span><\/span><\/span><\/p>","protected":false},"excerpt":{"rendered":"<p>El MARQ ha recibido la pieza original &lsquo;Lucha entre pompeyanos y nucerinos en el anfiteatro<span class=\"excerpt-hellip\"> [\u2026]<\/span><\/p>\n","protected":false},"author":3,"featured_media":0,"comment_status":"open","ping_status":"open","sticky":false,"template":"","format":"standard","meta":{"kia_subtitle":"","footnotes":""},"categories":[],"tags":[],"class_list":["post-34558","post","type-post","status-publish","format-standard","hentry"],"meta_box":[],"_links":{"self":[{"href":"https:\/\/marqalicante-admin.qwair.com\/va\/wp-json\/wp\/v2\/posts\/34558","targetHints":{"allow":["GET"]}}],"collection":[{"href":"https:\/\/marqalicante-admin.qwair.com\/va\/wp-json\/wp\/v2\/posts"}],"about":[{"href":"https:\/\/marqalicante-admin.qwair.com\/va\/wp-json\/wp\/v2\/types\/post"}],"author":[{"embeddable":true,"href":"https:\/\/marqalicante-admin.qwair.com\/va\/wp-json\/wp\/v2\/users\/3"}],"replies":[{"embeddable":true,"href":"https:\/\/marqalicante-admin.qwair.com\/va\/wp-json\/wp\/v2\/comments?post=34558"}],"version-history":[{"count":0,"href":"https:\/\/marqalicante-admin.qwair.com\/va\/wp-json\/wp\/v2\/posts\/34558\/revisions"}],"wp:attachment":[{"href":"https:\/\/marqalicante-admin.qwair.com\/va\/wp-json\/wp\/v2\/media?parent=34558"}],"wp:term":[{"taxonomy":"category","embeddable":true,"href":"https:\/\/marqalicante-admin.qwair.com\/va\/wp-json\/wp\/v2\/categories?post=34558"},{"taxonomy":"post_tag","embeddable":true,"href":"https:\/\/marqalicante-admin.qwair.com\/va\/wp-json\/wp\/v2\/tags?post=34558"}],"curies":[{"name":"wp","href":"https:\/\/api.w.org\/{rel}","templated":true}]}}