{"id":34557,"date":"2022-04-25T07:55:00","date_gmt":"2022-04-25T07:55:00","guid":{"rendered":"https:\/\/marqalicante-admin.qwair.com\/2022\/04\/25\/el-marq-retoma-el-curso-de-la-huerta-de-alicante-con-un-programa-que-incluye-musica-tradicional-y-cata-de-vino\/"},"modified":"2022-04-25T07:55:00","modified_gmt":"2022-04-25T07:55:00","slug":"el-marq-retoma-el-curso-de-la-huerta-de-alicante-con-un-programa-que-incluye-musica-tradicional-y-cata-de-vino","status":"publish","type":"post","link":"https:\/\/marqalicante-admin.qwair.com\/va\/el-marq-retoma-el-curso-de-la-huerta-de-alicante-con-un-programa-que-incluye-musica-tradicional-y-cata-de-vino\/","title":{"rendered":"El MARQ repr\u00e8n el Curs de l\u00b4Horta d\u00b4Alacant amb un programa que inclou m\u00fasica tradicional i tast de vi"},"content":{"rendered":"<p style=\"margin-left:0cm; margin-right:0cm; text-align:center\"><img decoding=\"async\" alt=\"\" src=\"\/contenido\/genericas\/poster(1).jpg\" style=\"height:566px; width:400px\" \/><\/p>\n<p style=\"margin-left:0cm; margin-right:0cm; text-align:justify\"><span style=\"font-size:12pt\"><span style=\"font-family:&quot;Times New Roman&quot;,serif\"><span style=\"font-size:11.0pt\"><span style=\"font-family:&quot;Verdana&quot;,sans-serif\"><span style=\"color:black\">El <strong>Museu Arqueol\u00f2gic d&#039;Alacant<\/strong> ha organitzat una nova edici\u00f3 del <strong>Curs de l&#039;Horta d&#039;Alacant<\/strong> que es desenvolupar\u00e0 des del 26 d&#039;abril fins al 13 de maig. Al costat de la <strong>Fundaci\u00f3 CV MARQ<\/strong> i en col\u00b7laboraci\u00f3 amb el <strong>CEFIRE<\/strong>, la proposta est\u00e0 enfocada a recuperar i posar en valor el patrimoni cultural del <em>camp d&#039;Alacant<\/em> i aquest any posar\u00e0 especial \u00e8mfasi en l&#039;\u00e0mbit sensorial amb picades d&#039;ullet al Fondill\u00f3n oa la m\u00fasica tradicional.<\/span><\/span><\/span><\/span><\/span><\/p>\n<p style=\"margin-left:0cm; margin-right:0cm; text-align:justify\"><span style=\"font-size:12pt\"><span style=\"font-family:&quot;Times New Roman&quot;,serif\"><span style=\"font-size:11.0pt\"><span style=\"font-family:&quot;Verdana&quot;,sans-serif\"><span style=\"color:black\">La vicepresidenta primera i diputada de Cultura, <strong>Julia Parra<\/strong>, ha manifestat que amb aquesta nova edici\u00f3, &quot;el museu alacant\u00ed consolida aquest format de cursos formatius enfocats a la comunitat docent de la prov\u00edncia i reafirma el seu comprom\u00eds amb la protecci\u00f3 i salvaguarda del patrimoni cultural que hi ha als voltants de la ciutat d&#039;Alacant&quot;. <\/span><\/span><\/span><\/span><\/span><\/p>\n<p style=\"margin-left:0cm; margin-right:0cm; text-align:justify\"><span style=\"font-size:12pt\"><span style=\"font-family:&quot;Times New Roman&quot;,serif\"><span style=\"font-size:11.0pt\"><span style=\"font-family:&quot;Verdana&quot;,sans-serif\"><span style=\"color:black\">Aquest any, i despr\u00e9s de l&#039;eliminaci\u00f3 de les darreres restriccions provocades per la pand\u00e8mia del COVID-19, l&#039;itinerari torna al seu <strong>format presencial<\/strong> amb una oferta centrada en els cinc sentits perqu\u00e8 els participants apreci\u00efn, escoltin i fins i tot paladegin alguns dels temes plantejats pels coordinadors, l&#039;arque\u00f2leg <strong>Jos\u00e9 Luis Men\u00e9ndez<\/strong> i l&#039;historiador i advocat <strong>Jorge Pay\u00e1<\/strong>. <\/span><\/span><\/span><\/span><\/span><\/p>\n<p style=\"margin-left:0cm; margin-right:0cm; text-align:justify\"><span style=\"font-size:12pt\"><span style=\"font-family:&quot;Times New Roman&quot;,serif\"><span style=\"font-size:11.0pt\"><span style=\"font-family:&quot;Verdana&quot;,sans-serif\"><span style=\"color:black\">Les sessions, la inscripci\u00f3 de les quals continua oberta, tindran lloc a la <strong>biblioteca i la sala d&#039;actes<\/strong> del MARQ, aix\u00ed com a la hist\u00f2rica <strong>Torre Sarri\u00f3<\/strong>, i estaran a c\u00e0rrec d&#039;especialistes i t\u00e8cnics com les professores de la Universitat d&#039;Alacant, <strong>Esmeralda Mart\u00ednez<\/strong> i <strong>Miriam Parra<\/strong>, el catedr\u00e0tic d&#039;Hist\u00f2ria i Institucions Econ\u00f2miques de la UA, <strong>Joaqu\u00edn Melgarejo<\/strong>,<strong> <\/strong>o el t\u00e8cnic del Cicle H\u00eddric de la Diputaci\u00f3 d&#039;Alacant, <strong>Miguel Fern\u00e1ndez Mejuto<\/strong>. &nbsp;<\/span><\/span><\/span><\/span><\/span><\/p>\n<p style=\"margin-left:0cm; margin-right:0cm; text-align:justify\"><span style=\"font-size:12pt\"><span style=\"font-family:&quot;Times New Roman&quot;,serif\"><span style=\"font-size:11.0pt\"><span style=\"font-family:&quot;Verdana&quot;,sans-serif\"><span style=\"color:black\">A m\u00e9s, l&#039;en\u00f2leg i historiador <strong>Rafael Poveda<\/strong> impartir\u00e0 una confer\u00e8ncia sobre el Fondill\u00f3n d&#039;Alacant mentre que la <strong>agrupaci\u00f3 musical So de Mutxamel<\/strong> oferir\u00e0 una actuaci\u00f3 i mostrar\u00e0 la seva traject\u00f2ria de la m\u00e0 dels seus components, <strong>Remeis Climent<\/strong> i <strong>Al\u00edcia Castell\u00f3<\/strong>. Del llenguatge de l&#039;aigua i del <em>parlar<\/em> de l&#039;Horta d&#039;Alacant parlar\u00e0 <strong>Francesc Xavier Sala<\/strong>, de l&#039;Ajuntament de Mutxamel, i <strong>Anna B. Baeza<\/strong> i <strong>Miguel Roncal\u00e9s<\/strong>, membres del <strong>Grup de Danses SALPASSA<\/strong>, aprofundiran en la m\u00fasica i dansa tradicional de l&#039;Horta. <\/span><\/span><\/span><\/span><\/span><\/p>\n<p style=\"margin-left:0cm; margin-right:0cm; text-align:justify\"><span style=\"font-size:12pt\"><span style=\"font-family:&quot;Times New Roman&quot;,serif\"><span style=\"font-size:11.0pt\"><span style=\"font-family:&quot;Verdana&quot;,sans-serif\"><span style=\"color:black\">El sentiment devocional traslladat a la m\u00fasica i als diferents elements de religiositat popular ser\u00e0 l&#039;eix de la intervenci\u00f3 de <strong>Jorge Pay\u00e1<\/strong> i <strong>Assumpci\u00f3 Brotons i Boix<\/strong>, cronista oficial de Mutxamel, a qui acompanyaran en la seva pon\u00e8ncia membres de la <strong>Societat Musical La Pau de Sant Joan<\/strong>, que interpretaran peces devocionals. <\/span><\/span><\/span><\/span><\/span><\/p>\n<p style=\"margin-left:0cm; margin-right:0cm\"><span style=\"font-size:12pt\"><span style=\"font-family:&quot;Times New Roman&quot;,serif\"><span style=\"font-size:11.0pt\"><span style=\"font-family:&quot;Verdana&quot;,sans-serif\"><span style=\"color:black\">L&#039;itinerari es clour\u00e0 a la Torre Sarri\u00f3 amb una <strong>tast de vins alacantins organitzat per la DOP Vins d&#039;Alacant<\/strong> i que ser\u00e0 gestionada pel prestigi\u00f3s sumellier internacional <strong>David Do\u00f1ate Mart\u00edn<\/strong>, amb qu\u00e8 tancarem la tercera edici\u00f3 d&#039;aquest itinerari cultural. <\/span><\/span><\/span><\/span><\/span><\/p>","protected":false},"excerpt":{"rendered":"<p>El Museo Arqueol&oacute;gico de Alicante ha organizado una nueva edici&oacute;n del Curso de la Huerta<span class=\"excerpt-hellip\"> [\u2026]<\/span><\/p>\n","protected":false},"author":3,"featured_media":0,"comment_status":"open","ping_status":"open","sticky":false,"template":"","format":"standard","meta":{"kia_subtitle":"","footnotes":""},"categories":[],"tags":[],"class_list":["post-34557","post","type-post","status-publish","format-standard","hentry"],"meta_box":[],"_links":{"self":[{"href":"https:\/\/marqalicante-admin.qwair.com\/va\/wp-json\/wp\/v2\/posts\/34557","targetHints":{"allow":["GET"]}}],"collection":[{"href":"https:\/\/marqalicante-admin.qwair.com\/va\/wp-json\/wp\/v2\/posts"}],"about":[{"href":"https:\/\/marqalicante-admin.qwair.com\/va\/wp-json\/wp\/v2\/types\/post"}],"author":[{"embeddable":true,"href":"https:\/\/marqalicante-admin.qwair.com\/va\/wp-json\/wp\/v2\/users\/3"}],"replies":[{"embeddable":true,"href":"https:\/\/marqalicante-admin.qwair.com\/va\/wp-json\/wp\/v2\/comments?post=34557"}],"version-history":[{"count":0,"href":"https:\/\/marqalicante-admin.qwair.com\/va\/wp-json\/wp\/v2\/posts\/34557\/revisions"}],"wp:attachment":[{"href":"https:\/\/marqalicante-admin.qwair.com\/va\/wp-json\/wp\/v2\/media?parent=34557"}],"wp:term":[{"taxonomy":"category","embeddable":true,"href":"https:\/\/marqalicante-admin.qwair.com\/va\/wp-json\/wp\/v2\/categories?post=34557"},{"taxonomy":"post_tag","embeddable":true,"href":"https:\/\/marqalicante-admin.qwair.com\/va\/wp-json\/wp\/v2\/tags?post=34557"}],"curies":[{"name":"wp","href":"https:\/\/api.w.org\/{rel}","templated":true}]}}