{"id":34548,"date":"2022-02-25T12:59:00","date_gmt":"2022-02-25T12:59:00","guid":{"rendered":"https:\/\/marqalicante-admin.qwair.com\/2022\/02\/25\/visita-de-la-ministra-de-justicia-pilar-llop-al-marq\/"},"modified":"2022-02-25T12:59:00","modified_gmt":"2022-02-25T12:59:00","slug":"visita-de-la-ministra-de-justicia-pilar-llop-al-marq","status":"publish","type":"post","link":"https:\/\/marqalicante-admin.qwair.com\/va\/visita-de-la-ministra-de-justicia-pilar-llop-al-marq\/","title":{"rendered":"Visita de la ministra de Just\u00edcia, Pilar Llop al MARQ"},"content":{"rendered":"<p style=\"margin-left:0cm; margin-right:0cm; text-align:center\"><img decoding=\"async\" alt=\"\" src=\"\/contenido\/genericas\/022522%20visita%20ministra%20justicia%20marq%202.jpg\" style=\"height:333px; width:500px\" \/><\/p>\n<p style=\"margin-left:0cm; margin-right:0cm; text-align:justify\"><span style=\"font-size:12pt\"><span style=\"font-family:Calibri,sans-serif\">La vicepresidenta primera i diputada de Cultura, <strong>Julia Parra<\/strong>, ha rebut al MARQ la ministra de Just\u00edcia, <strong>Pilar Llop<\/strong>, a la qual ha acompanyat en una visita organitzada per con\u00e8ixer el museu i l&#039;exposici\u00f3 &#039;Etruscos. L&#039;alba de Roma&#039;, que romandr\u00e0 a Alacant fins al 20 de mar\u00e7. El director del MARQ, <strong>Manuel Olcina<\/strong>, ha condu\u00eft la passada guiada a la qual tamb\u00e9 han assistit la subdelegada del Govern d&#039;Alacant, <strong>Araceli Poblador<\/strong>, el secretari d&#039;Estat de Just\u00edcia, <strong>Tontxu Rodr\u00edguez Esquerdo<\/strong>, i la presidenta del Tribunal Superior de Just\u00edcia de la Comunitat Valenciana, <strong>Pilar de l&#039;Oliva Marrades<\/strong>.<span style=\"color:black\"> A la visita al Museu els ha acompanyat tamb\u00e9 el director gerent de la Fundaci\u00f3 CV-MARQ, <strong>Jos\u00e9 Alberto Cort\u00e9s<\/strong>.<\/span><\/span><\/span><\/p>\n<p style=\"margin-left:0cm; margin-right:0cm; text-align:center\"><span style=\"font-size:12pt\"><span style=\"font-family:Calibri,sans-serif\"><span style=\"color:black\"><img decoding=\"async\" alt=\"\" src=\"\/contenido\/genericas\/022522%20visita%20ministra%20justicia%20marq%204.jpg\" style=\"height:333px; width:500px\" \/><\/span><\/span><\/span><\/p>","protected":false},"excerpt":{"rendered":"<p>La vicepresidenta primera y diputada de Cultura, Julia Parra, ha recibido en el MARQ a<span class=\"excerpt-hellip\"> [\u2026]<\/span><\/p>\n","protected":false},"author":3,"featured_media":0,"comment_status":"open","ping_status":"open","sticky":false,"template":"","format":"standard","meta":{"kia_subtitle":"","footnotes":""},"categories":[],"tags":[],"class_list":["post-34548","post","type-post","status-publish","format-standard","hentry"],"meta_box":[],"_links":{"self":[{"href":"https:\/\/marqalicante-admin.qwair.com\/va\/wp-json\/wp\/v2\/posts\/34548","targetHints":{"allow":["GET"]}}],"collection":[{"href":"https:\/\/marqalicante-admin.qwair.com\/va\/wp-json\/wp\/v2\/posts"}],"about":[{"href":"https:\/\/marqalicante-admin.qwair.com\/va\/wp-json\/wp\/v2\/types\/post"}],"author":[{"embeddable":true,"href":"https:\/\/marqalicante-admin.qwair.com\/va\/wp-json\/wp\/v2\/users\/3"}],"replies":[{"embeddable":true,"href":"https:\/\/marqalicante-admin.qwair.com\/va\/wp-json\/wp\/v2\/comments?post=34548"}],"version-history":[{"count":0,"href":"https:\/\/marqalicante-admin.qwair.com\/va\/wp-json\/wp\/v2\/posts\/34548\/revisions"}],"wp:attachment":[{"href":"https:\/\/marqalicante-admin.qwair.com\/va\/wp-json\/wp\/v2\/media?parent=34548"}],"wp:term":[{"taxonomy":"category","embeddable":true,"href":"https:\/\/marqalicante-admin.qwair.com\/va\/wp-json\/wp\/v2\/categories?post=34548"},{"taxonomy":"post_tag","embeddable":true,"href":"https:\/\/marqalicante-admin.qwair.com\/va\/wp-json\/wp\/v2\/tags?post=34548"}],"curies":[{"name":"wp","href":"https:\/\/api.w.org\/{rel}","templated":true}]}}