{"id":34524,"date":"2021-10-07T12:02:00","date_gmt":"2021-10-07T12:02:00","guid":{"rendered":"https:\/\/marqalicante-admin.qwair.com\/2021\/10\/07\/el-marq-programa-jornadas-de-puertas-abiertas-en-el-museo-para-visitar-la-exposicion-sobre-los-etruscos\/"},"modified":"2021-10-07T12:02:00","modified_gmt":"2021-10-07T12:02:00","slug":"el-marq-programa-jornadas-de-puertas-abiertas-en-el-museo-para-visitar-la-exposicion-sobre-los-etruscos","status":"publish","type":"post","link":"https:\/\/marqalicante-admin.qwair.com\/va\/el-marq-programa-jornadas-de-puertas-abiertas-en-el-museo-para-visitar-la-exposicion-sobre-los-etruscos\/","title":{"rendered":"El MARQ programa jornades de portes obertes al Museu per visitar l&#039;exposici\u00f3 sobre els etruscs"},"content":{"rendered":"<p style=\"margin-left:0cm; margin-right:0cm; text-align:center\"><img decoding=\"async\" alt=\"\" src=\"\/contenido\/genericas\/20210828_164448.jpg\" style=\"height:375px; width:500px\" \/><\/p>\n<p style=\"margin-left:0cm; margin-right:0cm; text-align:justify\"><span style=\"font-size:12pt\"><span style=\"font-family:&quot;Times New Roman&quot;,serif\"><span style=\"font-size:11.0pt\"><span style=\"font-family:&quot;Verdana&quot;,sans-serif\">Com cada any, el <strong>MARQ<\/strong> celebrar\u00e0 el 9 d&#039;octubre, Dia de la Comunitat Valenciana, i el 12 d&#039;octubre, Dia de la Hispanitat, amb dos <strong>jornades de portes obertes<\/strong>, en el seu horari habitual d&#039;obertura al p\u00fablic en festius, per visitar de manera gratu\u00efta l&#039;exposici\u00f3 internacional &#039;Etruscos. L&#039;alba de Roma&#039;.<\/span><\/span><\/span><\/span><\/p>\n<p style=\"margin-left:0cm; margin-right:0cm; text-align:justify\"><span style=\"font-size:12pt\"><span style=\"font-family:&quot;Times New Roman&quot;,serif\"><span style=\"font-size:11.0pt\"><span style=\"font-family:&quot;Verdana&quot;,sans-serif\">El Museu Arqueol\u00f2gic d&#039;Alacant ha programat aquestes dues jornades en horari de mat\u00ed, de <strong>10.00 a 14.00 hores<\/strong> per oferir l&#039;oportunitat a tots els p\u00fablics de visitar aquesta darrera proposta cultural que <strong>recorre la hist\u00f2ria de la civilitzaci\u00f3 etrusca des dels seus or\u00edgens al segle IX aC<\/strong>. <strong>fins a la seva gradual absorci\u00f3 pels romans al segle I aC<\/strong>. <\/span><\/span><\/span><\/span><\/p>\n<p style=\"margin-left:0cm; margin-right:0cm; text-align:justify\"><span style=\"font-size:12pt\"><span style=\"font-family:&quot;Times New Roman&quot;,serif\"><span style=\"font-size:11.0pt\"><span style=\"font-family:&quot;Verdana&quot;,sans-serif\">La vicepresidenta primera i diputada de Cultura, <strong>Julia Parra<\/strong>, ha assenyalat que \u201chem volgut incentivar les visites al museu aplicant preus molt populars i descomptes i amb l&#039;organitzaci\u00f3 de jornades de portes obertes. Aquestes s\u00f3n les segones des que es va inaugurar <em>Etruscs<\/em>, una exposici\u00f3 internacional que val la pena veure i esperem que molts alacantins i visitants d&#039;altres llocs s&#039;animin a rec\u00f3rrer-la\u201d.<\/span><\/span><\/span><\/span><\/p>\n<p style=\"margin-left:0cm; margin-right:0cm; text-align:justify\"><span style=\"font-size:12pt\"><span style=\"font-family:&quot;Times New Roman&quot;,serif\"><span style=\"font-size:11.0pt\"><span style=\"font-family:&quot;Verdana&quot;,sans-serif\">La mostra, composta per m\u00e9s de 150 peces originals, es podr\u00e0 visitar a Alacant <strong>fins al 12 de desembre<\/strong> i \u00e9s una iniciativa de la Fundaci\u00f3 MARQ i la Superintend\u00e8ncia de Patrimoni Arqueol\u00f2gic de la Prov\u00edncia de Pisa i Livorno. Inclou una selecci\u00f3 peces originals del <strong>Museu Arqueol\u00f2gic Nacional de Flor\u00e8ncia <\/strong>(MAF) i del <strong>Museu Etrusc Guarnacci de Volterra<\/strong>, un dels m\u00e9s antics a It\u00e0lia, i ha comptat amb la participaci\u00f3 de l&#039;empresa Contemporanea Progetti, amb seu a Flor\u00e8ncia. <\/span><\/span><\/span><\/span><\/p>\n<p style=\"margin-left:0cm; margin-right:0cm; text-align:justify\"><span style=\"font-size:12pt\"><span style=\"font-family:&quot;Times New Roman&quot;,serif\"><span style=\"font-size:11.0pt\"><span style=\"font-family:&quot;Verdana&quot;,sans-serif\">&#039;Etruscs. L&#039;alba de Roma&#039; \u00e9s un viatge per descobrir la <strong>estructura cultural, social, pol\u00edtica i urbana<\/strong> aquesta civilitzaci\u00f3 italiana. A la col\u00b7lecci\u00f3 es poden admirar valuosos objectes, com la <strong>diadema d&#039;Orbetello<\/strong> o les <strong>polseres de la necr\u00f2polis de Bisenzio<\/strong>. Destaquen, a m\u00e9s, peces de <strong>armament i material cer\u00e0mic<\/strong>. La part m\u00e9s important, formada per <strong>peces funer\u00e0ries<\/strong>, inclou obres com les <strong>urnes d&#039;Ulisses<\/strong>, <strong>de les Sirenes i del Rapte de Proserpina de Volterra<\/strong> o el <strong>sarc\u00f2fag<\/strong> mascul\u00ed de la necr\u00f2polis de <strong>Rosavecchia<\/strong> a la Toscana. <\/span><\/span><\/span><\/span><\/p>","protected":false},"excerpt":{"rendered":"<p>Como cada a&ntilde;o, el MARQ celebrar&aacute; el 9 d&rsquo;Octubre, D&iacute;a de la Comunidad Valenciana, y<span class=\"excerpt-hellip\"> [\u2026]<\/span><\/p>\n","protected":false},"author":3,"featured_media":0,"comment_status":"open","ping_status":"open","sticky":false,"template":"","format":"standard","meta":{"kia_subtitle":"","footnotes":""},"categories":[],"tags":[],"class_list":["post-34524","post","type-post","status-publish","format-standard","hentry"],"meta_box":[],"_links":{"self":[{"href":"https:\/\/marqalicante-admin.qwair.com\/va\/wp-json\/wp\/v2\/posts\/34524","targetHints":{"allow":["GET"]}}],"collection":[{"href":"https:\/\/marqalicante-admin.qwair.com\/va\/wp-json\/wp\/v2\/posts"}],"about":[{"href":"https:\/\/marqalicante-admin.qwair.com\/va\/wp-json\/wp\/v2\/types\/post"}],"author":[{"embeddable":true,"href":"https:\/\/marqalicante-admin.qwair.com\/va\/wp-json\/wp\/v2\/users\/3"}],"replies":[{"embeddable":true,"href":"https:\/\/marqalicante-admin.qwair.com\/va\/wp-json\/wp\/v2\/comments?post=34524"}],"version-history":[{"count":0,"href":"https:\/\/marqalicante-admin.qwair.com\/va\/wp-json\/wp\/v2\/posts\/34524\/revisions"}],"wp:attachment":[{"href":"https:\/\/marqalicante-admin.qwair.com\/va\/wp-json\/wp\/v2\/media?parent=34524"}],"wp:term":[{"taxonomy":"category","embeddable":true,"href":"https:\/\/marqalicante-admin.qwair.com\/va\/wp-json\/wp\/v2\/categories?post=34524"},{"taxonomy":"post_tag","embeddable":true,"href":"https:\/\/marqalicante-admin.qwair.com\/va\/wp-json\/wp\/v2\/tags?post=34524"}],"curies":[{"name":"wp","href":"https:\/\/api.w.org\/{rel}","templated":true}]}}