{"id":34510,"date":"2021-08-30T15:30:00","date_gmt":"2021-08-30T15:30:00","guid":{"rendered":"https:\/\/marqalicante-admin.qwair.com\/2021\/08\/30\/mas-de-2-500-personas-dan-la-bienvenida-a-la-exposicion-etruscos-durante-los-primeros-tres-dias-de-exhibicion\/"},"modified":"2021-08-30T15:30:00","modified_gmt":"2021-08-30T15:30:00","slug":"mas-de-2-500-personas-dan-la-bienvenida-a-la-exposicion-etruscos-durante-los-primeros-tres-dias-de-exhibicion","status":"publish","type":"post","link":"https:\/\/marqalicante-admin.qwair.com\/va\/mas-de-2-500-personas-dan-la-bienvenida-a-la-exposicion-etruscos-durante-los-primeros-tres-dias-de-exhibicion\/","title":{"rendered":"M\u00e9s de 2.500 persones donen la benvinguda a l&#039;exposici\u00f3 Etruscos durant els primers tres dies d&#039;exhibici\u00f3"},"content":{"rendered":"<p style=\"text-align:center\"><img decoding=\"async\" alt=\"\" src=\"\/contenido\/genericas\/EtruscosPPAA6.jpg\" style=\"height:375px; width:500px\" \/><\/p>\n<p style=\"text-align:justify\">L&#039;exposici\u00f3 &#039;Etruscs. L&#039;alba de Roma&#039; del <strong>Museu Arqueol\u00f2gic de la Diputaci\u00f3 d&#039;Alacant (MARQ) <\/strong>ha rebut m\u00e9s de <strong>2.500 visites a les tres primeres jornades de portes obertes<\/strong> celebrades aquest darrer cap de setmana.<\/p>\n<p style=\"text-align:justify\">La vicepresidenta i diputada de Cultura, <strong>Julia Parra<\/strong>, ha agra\u00eft la bona acollida de la mostra internacional, que des del primer dia ha generat gran inter\u00e8s i expectaci\u00f3 entre el p\u00fablic d&#039;Alacant i entre els nostres visitants. \u00c9s una satisfacci\u00f3 comprovar la resposta a iniciatives culturals de qualitat com aquesta\u201d.&nbsp;<\/p>\n<p style=\"text-align:justify\"><strong>A partir de dem\u00e0, 31 d&#039;agost, comencen les visites amb reserva anticipada a aquesta exposici\u00f3<\/strong>, que romandr\u00e0 al MARQ fins al 12 de desembre. Es pot accedir de manera individual, per la qual cosa tamb\u00e9 es recomana reserva pr\u00e8via, o en grups guiats de fins a 15 persones, la visita de les quals hauran de concertar pr\u00e8viament. Per preservar la seguretat de tots els visitants, s&#039;ha establert un <strong>aforament m\u00e0xim de 45 persones per sala, amb les dist\u00e0ncies i els itineraris marcats i l&#039;\u00fas obligatori de mascareta<\/strong>. Les visites es poden formalitzar a la web del MARQ oa l&#039;enlla\u00e7 <a href=\"https:\/\/marqalicante-classic-admin.qwair.com\/etruscos\/\" target=\"_blank\" rel=\"noopener\">https:\/\/marqalicante-classic-admin.qwair.com\/etruscos\/<\/a>.<\/p>\n<p style=\"text-align:justify\">La col\u00b7lecci\u00f3 d&#039;art etrusc est\u00e0 composta per <strong>m\u00e9s de 150 peces originals <\/strong>cedides per a la mostra pels museus Arqueol\u00f2gic de Flor\u00e8ncia i Guarnacci de Volterra. <strong>\u00c9s la mostra monogr\u00e0fica m\u00e9s gran sobre els Etruscs exhibida a Espanya en l&#039;\u00faltima d\u00e8cada<\/strong>. En el recorregut per les tres sales que acullen l&#039;exposici\u00f3 <strong>mostren peces representatives de les excavacions m\u00e9s importants de l&#039;antiga Etr\u00faria<\/strong> amb les quals es recorre la hist\u00f2ria de la cultura etrusca des dels seus or\u00edgens al segle IX aC fins a la seva gradual absorci\u00f3 pels romans al segle I aC<\/p>","protected":false},"excerpt":{"rendered":"<p>La exposici&oacute;n &lsquo;Etruscos. El amanecer de Roma&rsquo; del Museo Arqueol&oacute;gico de la Diputaci&oacute;n de Alicante<span class=\"excerpt-hellip\"> [\u2026]<\/span><\/p>\n","protected":false},"author":3,"featured_media":0,"comment_status":"open","ping_status":"open","sticky":false,"template":"","format":"standard","meta":{"kia_subtitle":"","footnotes":""},"categories":[],"tags":[],"class_list":["post-34510","post","type-post","status-publish","format-standard","hentry"],"meta_box":[],"_links":{"self":[{"href":"https:\/\/marqalicante-admin.qwair.com\/va\/wp-json\/wp\/v2\/posts\/34510","targetHints":{"allow":["GET"]}}],"collection":[{"href":"https:\/\/marqalicante-admin.qwair.com\/va\/wp-json\/wp\/v2\/posts"}],"about":[{"href":"https:\/\/marqalicante-admin.qwair.com\/va\/wp-json\/wp\/v2\/types\/post"}],"author":[{"embeddable":true,"href":"https:\/\/marqalicante-admin.qwair.com\/va\/wp-json\/wp\/v2\/users\/3"}],"replies":[{"embeddable":true,"href":"https:\/\/marqalicante-admin.qwair.com\/va\/wp-json\/wp\/v2\/comments?post=34510"}],"version-history":[{"count":0,"href":"https:\/\/marqalicante-admin.qwair.com\/va\/wp-json\/wp\/v2\/posts\/34510\/revisions"}],"wp:attachment":[{"href":"https:\/\/marqalicante-admin.qwair.com\/va\/wp-json\/wp\/v2\/media?parent=34510"}],"wp:term":[{"taxonomy":"category","embeddable":true,"href":"https:\/\/marqalicante-admin.qwair.com\/va\/wp-json\/wp\/v2\/categories?post=34510"},{"taxonomy":"post_tag","embeddable":true,"href":"https:\/\/marqalicante-admin.qwair.com\/va\/wp-json\/wp\/v2\/tags?post=34510"}],"curies":[{"name":"wp","href":"https:\/\/api.w.org\/{rel}","templated":true}]}}