{"id":34499,"date":"2021-06-28T16:34:00","date_gmt":"2021-06-28T16:34:00","guid":{"rendered":"https:\/\/marqalicante-admin.qwair.com\/2021\/06\/28\/la-exposicion-la-cova-de-lor-museo-de-sitio-en-el-marq-se-clausura-con-mas-de-11-000-visitas\/"},"modified":"2021-06-28T16:34:00","modified_gmt":"2021-06-28T16:34:00","slug":"la-exposicion-la-cova-de-lor-museo-de-sitio-en-el-marq-se-clausura-con-mas-de-11-000-visitas","status":"publish","type":"post","link":"https:\/\/marqalicante-admin.qwair.com\/va\/la-exposicion-la-cova-de-lor-museo-de-sitio-en-el-marq-se-clausura-con-mas-de-11-000-visitas\/","title":{"rendered":"L&#039;exposici\u00f3 \u201cLa Cova de l&#039;Or. Museu de Lloc\u201d al MARQ es clausura amb m\u00e9s de 11.000 visites"},"content":{"rendered":"<p style=\"margin-left:0cm; margin-right:0cm; text-align:center\"><img decoding=\"async\" alt=\"\" src=\"\/contenido\/genericas\/20201222_123819.jpg\" style=\"height:375px; width:500px\" \/><\/p>\n<p style=\"margin-left:0cm; margin-right:0cm; text-align:justify\"><span style=\"font-size:12pt\"><span style=\"font-family:&quot;Times New Roman&quot;,serif\"><span style=\"font-family:&quot;Trebuchet MS&quot;,&quot;sans-serif&quot;\">El Museu Arqueol\u00f2gic de la Diputaci\u00f3 d&#039;Alacant ha clausurat aquest diumenge la mostra &#039;<em>Cova de l&#039;Or: Museu de setge, investigaci\u00f3, protecci\u00f3 i obertura d&#039;un santuari del VI mil\u00b7lenni aC<\/em>&#039;, coincidint amb la finalitzaci\u00f3 de les jornades de portes obertes tant al Centre d&#039;Interpretaci\u00f3 d&#039;aquest enclavament, com al jaciment mateix a Beniarr\u00e9s, despr\u00e9s de la seva obertura al p\u00fablic amb servei de visites guiades el passat 11 de juny.<\/span><\/span><\/span><\/p>\n<p style=\"margin-left:0cm; margin-right:0cm; text-align:justify\"><span style=\"font-size:12pt\"><span style=\"font-family:&quot;Times New Roman&quot;,serif\"><span style=\"font-family:&quot;Trebuchet MS&quot;,&quot;sans-serif&quot;\">Fins a 11.356 visitants, han tingut durant aquests sis mesos l&#039;oportunitat de descobrir aqu\u00ed la riquesa arquitect\u00f2nica i arqueol\u00f2gica de la cova gr\u00e0cies a una proposta muse\u00edstica per a tots els p\u00fablics emmarcada en un disseny expositiu impressionant.<\/span><\/span><\/span><\/p>\n<p style=\"margin-left:0cm; margin-right:0cm; text-align:justify\"><span style=\"font-size:12pt\"><span style=\"font-family:&quot;Times New Roman&quot;,serif\"><span style=\"font-family:&quot;Trebuchet MS&quot;,&quot;sans-serif&quot;\">Les peces que integren la mostra ja tornen als seus or\u00edgens respectius, les vitrines del MARQ i el Museu Arqueol\u00f2gic Municipal Camil Vicedo Molt\u00f3 d&#039;Alcoi.<\/span><\/span><\/span><\/p>\n<p style=\"margin-left:0cm; margin-right:0cm; text-align:justify\"><span style=\"font-size:12pt\"><span style=\"font-family:&quot;Times New Roman&quot;,serif\"><span style=\"font-family:&quot;Trebuchet MS&quot;,&quot;sans-serif&quot;\">Els amants de la hist\u00f2ria i la natura han tingut durant aquests sis mesos l&#039;oportunitat de descobrir aqu\u00ed la riquesa arquitect\u00f2nica i arqueol\u00f2gica de la cova gr\u00e0cies a una proposta muse\u00edstica per a tots els p\u00fablics emmarcada en un disseny expositiu impressionant.<\/span><\/span><\/span><\/p>\n<p style=\"margin-left:0cm; margin-right:0cm; text-align:justify\"><span style=\"font-size:12pt\"><span style=\"font-family:&quot;Times New Roman&quot;,serif\"><span style=\"font-family:&quot;Trebuchet MS&quot;,&quot;sans-serif&quot;\">L\u00b4objectiu d\u00b4aquesta proposta era posar en valor aquest important enclavament arqueol\u00f2gic de la serra del Benicadell imprescindible per al coneixement del Neol\u00edtic a la fa\u00e7ana mediterr\u00e0nia de la Pen\u00ednsula Ib\u00e8rica. <\/span><\/span><\/span><\/p>\n<p style=\"margin-left:0cm; margin-right:0cm; text-align:justify\"><span style=\"font-size:12pt\"><span style=\"font-family:&quot;Times New Roman&quot;,serif\"><span style=\"font-family:&quot;Trebuchet MS&quot;,&quot;sans-serif&quot;\">Aix\u00ed mateix<span style=\"background-color:yellow\">,<\/span> durant els caps de setmana del mes de juny, i gr\u00e0cies a un acord entre la Fundaci\u00f3 MARQ i l&#039;Ajuntament de Beniarr\u00e9s, s&#039;ha pogut fer un recorregut d&#039;inter\u00e8s cultural i paisatg\u00edstic que inclou la cova i el Centre d&#039;Interpretaci\u00f3 del jaciment, declarat B\u00e9 d&#039;Inter\u00e8s Cultural, que ha aconseguit sumar un total de 565 visitants, 241 al jaciment i 324 al Centre d&#039;Interpretaci\u00f3. Les visites guiades a aquest paratge es reprendran al mes de setembre.<\/span><\/span><\/span><\/p>\n<p style=\"margin-left:0cm; margin-right:0cm; text-align:justify\"><span style=\"font-size:12pt\"><span style=\"font-family:&quot;Times New Roman&quot;,serif\"><span style=\"font-family:&quot;Trebuchet MS&quot;,&quot;sans-serif&quot;\">Descoberta als anys trenta del segle XX, al jaciment s&#039;han desenvolupat diferents campanyes d&#039;excavacions arqueol\u00f2giques. Ja al segle XXI, el MARQ va plantejar diverses intervencions en relaci\u00f3 amb el projecte de posada en valor i obertura de la cavitat, que han perm\u00e8s con\u00e8ixer millor la boca de la cova i el seu entorn.<\/span><\/span><\/span><\/p>\n<p style=\"margin-left:0cm; margin-right:0cm; text-align:justify\"><span style=\"font-size:12pt\"><span style=\"font-family:&quot;Times New Roman&quot;,serif\"><span style=\"font-family:&quot;Trebuchet MS&quot;,&quot;sans-serif&quot;\">Els elements materials trobats a la Cova de l&#039;Or testimonien la import\u00e0ncia de l&#039;ocupaci\u00f3 al Neol\u00edtic Antic (5500-5000 aC), quan la cova va constituir un lloc idoni per a l&#039;habitaci\u00f3. La troballa d&#039;un repertori important de cer\u00e0mica simb\u00f2lica l&#039;assenyala com un lloc especial, un santuari on podrien haver-se realitzat cerim\u00f2nies i ritus.<\/span><\/span><\/span><\/p>","protected":false},"excerpt":{"rendered":"<p>El Museo Arqueol&oacute;gico de la Diputaci&oacute;n de Alicante ha clausurado este pasado domingo la muestra<span class=\"excerpt-hellip\"> [\u2026]<\/span><\/p>\n","protected":false},"author":3,"featured_media":0,"comment_status":"open","ping_status":"open","sticky":false,"template":"","format":"standard","meta":{"kia_subtitle":"","footnotes":""},"categories":[],"tags":[],"class_list":["post-34499","post","type-post","status-publish","format-standard","hentry"],"meta_box":[],"_links":{"self":[{"href":"https:\/\/marqalicante-admin.qwair.com\/va\/wp-json\/wp\/v2\/posts\/34499","targetHints":{"allow":["GET"]}}],"collection":[{"href":"https:\/\/marqalicante-admin.qwair.com\/va\/wp-json\/wp\/v2\/posts"}],"about":[{"href":"https:\/\/marqalicante-admin.qwair.com\/va\/wp-json\/wp\/v2\/types\/post"}],"author":[{"embeddable":true,"href":"https:\/\/marqalicante-admin.qwair.com\/va\/wp-json\/wp\/v2\/users\/3"}],"replies":[{"embeddable":true,"href":"https:\/\/marqalicante-admin.qwair.com\/va\/wp-json\/wp\/v2\/comments?post=34499"}],"version-history":[{"count":0,"href":"https:\/\/marqalicante-admin.qwair.com\/va\/wp-json\/wp\/v2\/posts\/34499\/revisions"}],"wp:attachment":[{"href":"https:\/\/marqalicante-admin.qwair.com\/va\/wp-json\/wp\/v2\/media?parent=34499"}],"wp:term":[{"taxonomy":"category","embeddable":true,"href":"https:\/\/marqalicante-admin.qwair.com\/va\/wp-json\/wp\/v2\/categories?post=34499"},{"taxonomy":"post_tag","embeddable":true,"href":"https:\/\/marqalicante-admin.qwair.com\/va\/wp-json\/wp\/v2\/tags?post=34499"}],"curies":[{"name":"wp","href":"https:\/\/api.w.org\/{rel}","templated":true}]}}