{"id":34490,"date":"2021-06-10T20:53:00","date_gmt":"2021-06-10T20:53:00","guid":{"rendered":"https:\/\/marqalicante-admin.qwair.com\/2021\/06\/10\/el-marq-acogera-el-14-de-junio-una-maraton-de-donacion-de-sangre-y-medula\/"},"modified":"2021-06-10T20:53:00","modified_gmt":"2021-06-10T20:53:00","slug":"el-marq-acogera-el-14-de-junio-una-maraton-de-donacion-de-sangre-y-medula","status":"publish","type":"post","link":"https:\/\/marqalicante-admin.qwair.com\/va\/el-marq-acogera-el-14-de-junio-una-maraton-de-donacion-de-sangre-y-medula\/","title":{"rendered":"El MARQ acollir\u00e0 el 14 de juny una marat\u00f3 de donaci\u00f3 de sang i medul\u00b7la"},"content":{"rendered":"<p style=\"margin-left:0cm; margin-right:0cm; text-align:center\"><img decoding=\"async\" alt=\"\" src=\"\/contenido\/genericas\/IMG_1319.jpeg\" style=\"height:375px; width:500px\" \/><\/p>\n<p style=\"margin-left:0cm; margin-right:0cm; text-align:justify\"><span style=\"font-size:11pt\"><span style=\"font-family:Calibri,sans-serif\"><span style=\"color:#000000\"><span style=\"font-family:Verdana,sans-serif\">El MARQ acollir\u00e0 dilluns que ve, 14 de mar\u00e7, la quarta marat\u00f3 de donaci\u00f3 de sang que compta amb el suport de la Diputaci\u00f3 d&#039;Alacant. La jornada organitzada per Asisa se celebrar\u00e0 entre les 9.00 i les 21.00 hores al sal\u00f3 d&#039;actes del Museu.<\/span><\/span><\/span><\/span><\/p>\n<p style=\"margin-left:0cm; margin-right:0cm; text-align:justify\"><span style=\"font-size:11pt\"><span style=\"font-family:Calibri,sans-serif\"><span style=\"color:#000000\"><span style=\"font-family:Verdana,sans-serif\">La vicepresidenta de la Diputaci\u00f3 d&#039;Alacant i diputada de Cultura,&nbsp;<strong>Julia Parra<\/strong>, ha assistit aquest mat\u00ed a la presentaci\u00f3 de la marat\u00f3 que coincidir\u00e0 amb la celebraci\u00f3 del Dia Mundial del Donant de Sang. Parra ha manifestat el seu suport a aquesta iniciativa i ha reconegut &quot;la generositat i la solidaritat dels alacantins que, amb aquest gest senzill, contribueixen enormement a generar recursos molt necessaris per salvar vides i el m\u00e8rit de tots els professionals, que ens donen una lli\u00e7\u00f3 d&#039;humanitat i bon fer&quot;.<\/span><\/span><\/span><\/span><\/p>\n<p style=\"margin-left:0cm; margin-right:0cm; text-align:justify\"><span style=\"font-size:11pt\"><span style=\"font-family:Calibri,sans-serif\"><span style=\"color:#000000\"><span style=\"font-family:Verdana,sans-serif\">A la presentaci\u00f3 realitzada al MARQ han assistit a m\u00e9s la delegada d&#039;ASISA a Alacant,&nbsp;<strong>Paula Gim\u00e9nez<\/strong>, l&#039;alcalde de la ciutat,&nbsp;<strong>Luis Barcala<\/strong>, i cap de servei del Centre de Transfusions del Govern valenci\u00e0,&nbsp;<strong>Mabel Ortiz<\/strong>.<\/span><\/span><\/span><\/span><\/p>\n<p style=\"margin-left:0cm; margin-right:0cm; text-align:start\"><span style=\"font-size:11pt\"><span style=\"font-family:Calibri,sans-serif\"><span style=\"color:#000000\">&nbsp;<\/span><\/span><\/span><\/p>","protected":false},"excerpt":{"rendered":"<p>El MARQ acoger&aacute; el pr&oacute;ximo lunes, 14 de marzo, la cuarta marat&oacute;n de donaci&oacute;n de<span class=\"excerpt-hellip\"> [\u2026]<\/span><\/p>\n","protected":false},"author":3,"featured_media":0,"comment_status":"open","ping_status":"open","sticky":false,"template":"","format":"standard","meta":{"kia_subtitle":"","footnotes":""},"categories":[],"tags":[],"class_list":["post-34490","post","type-post","status-publish","format-standard","hentry"],"meta_box":[],"_links":{"self":[{"href":"https:\/\/marqalicante-admin.qwair.com\/va\/wp-json\/wp\/v2\/posts\/34490","targetHints":{"allow":["GET"]}}],"collection":[{"href":"https:\/\/marqalicante-admin.qwair.com\/va\/wp-json\/wp\/v2\/posts"}],"about":[{"href":"https:\/\/marqalicante-admin.qwair.com\/va\/wp-json\/wp\/v2\/types\/post"}],"author":[{"embeddable":true,"href":"https:\/\/marqalicante-admin.qwair.com\/va\/wp-json\/wp\/v2\/users\/3"}],"replies":[{"embeddable":true,"href":"https:\/\/marqalicante-admin.qwair.com\/va\/wp-json\/wp\/v2\/comments?post=34490"}],"version-history":[{"count":0,"href":"https:\/\/marqalicante-admin.qwair.com\/va\/wp-json\/wp\/v2\/posts\/34490\/revisions"}],"wp:attachment":[{"href":"https:\/\/marqalicante-admin.qwair.com\/va\/wp-json\/wp\/v2\/media?parent=34490"}],"wp:term":[{"taxonomy":"category","embeddable":true,"href":"https:\/\/marqalicante-admin.qwair.com\/va\/wp-json\/wp\/v2\/categories?post=34490"},{"taxonomy":"post_tag","embeddable":true,"href":"https:\/\/marqalicante-admin.qwair.com\/va\/wp-json\/wp\/v2\/tags?post=34490"}],"curies":[{"name":"wp","href":"https:\/\/api.w.org\/{rel}","templated":true}]}}