{"id":34461,"date":"2021-03-01T13:12:00","date_gmt":"2021-03-01T13:12:00","guid":{"rendered":"https:\/\/marqalicante-admin.qwair.com\/2021\/03\/01\/el-marq-amplia-hasta-las-19h-su-horario-de-apertura-al-publico\/"},"modified":"2021-03-01T13:12:00","modified_gmt":"2021-03-01T13:12:00","slug":"el-marq-amplia-hasta-las-19h-su-horario-de-apertura-al-publico","status":"publish","type":"post","link":"https:\/\/marqalicante-admin.qwair.com\/va\/el-marq-amplia-hasta-las-19h-su-horario-de-apertura-al-publico\/","title":{"rendered":"El MARQ amplia fins a les 19h el vostre horari d&#039;obertura al p\u00fablic"},"content":{"rendered":"<p style=\"margin-left:0cm; margin-right:0cm; text-align:center\"><img decoding=\"async\" alt=\"\" src=\"\/contenido\/genericas\/montaje%20marq%20y%20yacimientos.jpg\" style=\"height:510px; width:400px\" \/><\/p>\n<p style=\"margin-left:0cm; margin-right:0cm; text-align:justify\">&nbsp;<\/p>\n<p style=\"margin-left:0cm; margin-right:0cm; text-align:justify\"><span style=\"font-size:12pt\"><span style=\"font-family:&quot;Times New Roman&quot;,serif\"><span style=\"font-family:&quot;Trebuchet MS&quot;,sans-serif\">El MARQ, els jaciments Tossal de Manises Lucentum i la Illeta dels Banyets i el monument Torre Almohade d&#039;Almudaina adapten, a partir de dem\u00e0 dimarts 2 de mar\u00e7, els seus horaris d&#039;obertura i aforaments de visites guiades a les Resolucions de 25 i 26 de febrer de 2021, per la Conselleria de Sanitat sanit\u00e0ria ocasionada per la Covid-19. El Barq tamb\u00e9 obrir\u00e0 la seva magn\u00edfica terrassa a partir de dem\u00e0 fins a les 18.00 hores, observant estrictament les normes sanit\u00e0ries, els aforaments i la dist\u00e0ncia entre taules per preservar la seguretat dels clients.<\/span><\/span><\/span><\/p>\n<p style=\"margin-left:0cm; margin-right:0cm; text-align:justify\"><span style=\"font-size:12pt\"><span style=\"font-family:&quot;Times New Roman&quot;,serif\"><span style=\"font-family:&quot;Trebuchet MS&quot;,sans-serif\">El MARQ obrir\u00e0 les instal\u00b7lacions de dimarts a dissabtes de 10.00ha 19.00hi els diumenges i festius de 10.00ha 14.00h. Els jaciments ho faran de dimarts a dissabte de 10.00ha 14.00hi de 15.30ha 17.30hi els diumenges i festius de 10.00ha 14.00h. La Torre d&#039;Almudaina romandr\u00e0 oberta de dimarts a divendres: de 10.00ha 13.00h, els dissabtes de 10.00ha 13.00hi de 16.00ha 19.00hi els diumenges i festius de 10.00ha 13.00h.<\/span><\/span><\/span><\/p>\n<p style=\"margin-left:0cm; margin-right:0cm; text-align:justify\"><span style=\"font-size:12pt\"><span style=\"font-family:&quot;Times New Roman&quot;,serif\"><span style=\"font-family:&quot;Trebuchet MS&quot;,sans-serif\">Els aforaments dels passis guiats tindran un aforament m\u00e0xim de 4 persones, excepte en el cas de persones convivents i altres excepcions contemplades a la normativa, com les persones dependents o amb alguna minusvalidesa que necessitin assist\u00e8ncia, l&#039;acompanyament de menors o de persones grans, entre altres sup\u00f2sits. <\/span><\/span><\/span><\/p>\n<p style=\"margin-left:0cm; margin-right:0cm; text-align:justify\"><span style=\"font-size:12pt\"><span style=\"font-family:&quot;Times New Roman&quot;,serif\"><span style=\"font-family:&quot;Trebuchet MS&quot;,sans-serif\">Tota la informaci\u00f3 sobre horaris i passis guiats es pot consultar a la web <\/span><a href=\"http:\/\/marqalicante-classic-admin.qwair.com\" target=\"_blank\" rel=\"noopener\"><span style=\"font-family:&quot;Trebuchet MS&quot;,sans-serif\">marqalicante-classic-admin.qwair.com<\/span><\/a> <\/span><\/span><\/p>\n<p style=\"margin-left:0cm; margin-right:0cm; text-align:justify\"><span style=\"font-size:12pt\"><span style=\"font-family:&quot;Times New Roman&quot;,serif\"><span style=\"font-family:&quot;Trebuchet MS&quot;,sans-serif\">La visita a totes les instal\u00b7lacions del Museu, Jaciments i Monuments de la gesti\u00f3 de la Fundaci\u00f3 MARQ es realitza sota les estrictes mesures de seguretat implantades al Pla de Conting\u00e8ncia Covid, que ens va permetre assolir el passat 31 de juliol per al Museu el distintiu d&#039;establiment preparat davant de la pand\u00e8mia que atorga la Secretaria d&#039;Estat de Turisme, despr\u00e9s de superar l&#039;avaluaci\u00f3 de Corona 2. El Museu, els jaciments de Lucentum i la Illeta i La Torre d&#039;Almudaina, van obtenir a m\u00e9s el juny del 2020 el segell &#039;Safe Tourism Certified&#039; a Museus i Llocs Patrimonials, distinci\u00f3 de refer\u00e8ncia en turisme segur que expedeix l&#039;Institut per a la Qualitat Tur\u00edstica Espanyola ICTE. La Fundaci\u00f3 CV MARQ va aconseguir, aix\u00ed mateix, el passat 13 de novembre, la implantaci\u00f3 i certificaci\u00f3 d&#039;un Sistema de Gesti\u00f3 de l&#039;Accessibilitat Universal d&#039;acord amb la norma UNE 170001-2:2007, fet que posa de manifest el seu comprom\u00eds a aconseguir \u201cun MARQ per a tots\u201d, i suposa fer un pas m\u00e9s cap a la igualtat de drets.<\/span><\/span><\/span><\/p>\n<p style=\"margin-left:0cm; margin-right:0cm; text-align:justify\"><span style=\"font-size:12pt\"><span style=\"font-family:&quot;Times New Roman&quot;,serif\"><span style=\"font-family:&quot;Trebuchet MS&quot;,sans-serif\">Aquest Pla de Conting\u00e8ncia del MARQ contempla mesures i recomanacions que inclouen el termocontrol en accessos, la dist\u00e0ncia de seguretat interpersonal de dos metres, l&#039;\u00fas obligatori de m\u00e0scara, elements d&#039;higiene com a dispensadors de gel hidroalcoh\u00f2lic i catifes per a la desinfecci\u00f3 del cal\u00e7at, etc. Aix\u00ed mateix, s&#039;han establert itineraris de visita en sentit \u00fanic, grups guiats redu\u00efts i aforaments restringits, tant a totes les sales del Museu com als jaciments i Monuments.<\/span><\/span><\/span><\/p>","protected":false},"excerpt":{"rendered":"<p>&nbsp; El MARQ, los yacimientos Tossal de Manises Lucentum y la Illeta dels Banyets y<span class=\"excerpt-hellip\"> [\u2026]<\/span><\/p>\n","protected":false},"author":3,"featured_media":0,"comment_status":"open","ping_status":"open","sticky":false,"template":"","format":"standard","meta":{"kia_subtitle":"","footnotes":""},"categories":[],"tags":[],"class_list":["post-34461","post","type-post","status-publish","format-standard","hentry"],"meta_box":[],"_links":{"self":[{"href":"https:\/\/marqalicante-admin.qwair.com\/va\/wp-json\/wp\/v2\/posts\/34461","targetHints":{"allow":["GET"]}}],"collection":[{"href":"https:\/\/marqalicante-admin.qwair.com\/va\/wp-json\/wp\/v2\/posts"}],"about":[{"href":"https:\/\/marqalicante-admin.qwair.com\/va\/wp-json\/wp\/v2\/types\/post"}],"author":[{"embeddable":true,"href":"https:\/\/marqalicante-admin.qwair.com\/va\/wp-json\/wp\/v2\/users\/3"}],"replies":[{"embeddable":true,"href":"https:\/\/marqalicante-admin.qwair.com\/va\/wp-json\/wp\/v2\/comments?post=34461"}],"version-history":[{"count":0,"href":"https:\/\/marqalicante-admin.qwair.com\/va\/wp-json\/wp\/v2\/posts\/34461\/revisions"}],"wp:attachment":[{"href":"https:\/\/marqalicante-admin.qwair.com\/va\/wp-json\/wp\/v2\/media?parent=34461"}],"wp:term":[{"taxonomy":"category","embeddable":true,"href":"https:\/\/marqalicante-admin.qwair.com\/va\/wp-json\/wp\/v2\/categories?post=34461"},{"taxonomy":"post_tag","embeddable":true,"href":"https:\/\/marqalicante-admin.qwair.com\/va\/wp-json\/wp\/v2\/tags?post=34461"}],"curies":[{"name":"wp","href":"https:\/\/api.w.org\/{rel}","templated":true}]}}