{"id":34440,"date":"2020-11-10T00:00:00","date_gmt":"2020-11-10T00:00:00","guid":{"rendered":"https:\/\/marqalicante-admin.qwair.com\/2020\/11\/10\/convocatoria-de-8-becas-para-el-museo-arqueologico-provincial-para-el-ano-2021\/"},"modified":"2020-11-10T00:00:00","modified_gmt":"2020-11-10T00:00:00","slug":"convocatoria-de-8-becas-para-el-museo-arqueologico-provincial-para-el-ano-2021","status":"publish","type":"post","link":"https:\/\/marqalicante-admin.qwair.com\/va\/convocatoria-de-8-becas-para-el-museo-arqueologico-provincial-para-el-ano-2021\/","title":{"rendered":"Convocat\u00f2ria de 8 beques per al Museu Arqueol\u00f2gic Provincial per a l&#039;any 2021"},"content":{"rendered":"<p>La Junta de Govern de lExcma. Diputaci\u00f3 Provincial d&#039;Alacant, en sessi\u00f3 ordin\u00e0ria celebrada el dia 21 d&#039;octubre de 2020 va aprovar la convocat\u00f2ria i bases de vuit (8) beques de formaci\u00f3 per a l&#039;exercici 2017 amb destinaci\u00f3 al Museu Arqueol\u00f2gic Provincial, en les modalitats de:<br \/>&nbsp;<\/p>\n<p>&nbsp;<\/p>\n<ul>\n<li>\n<p><big><span style=\"color:#555555\">\u2013 Museografia i Museologia (4 beques)<\/span><\/big><\/p>\n<\/li>\n<li>\n<p><big><span style=\"color:#555555\">\u2013 Biblioteconomia (2 beques)<\/span><\/big><\/p>\n<\/li>\n<li>\n<p><big><span style=\"color:#555555\">\u2013 Restauraci\u00f3 de Patrimoni Arqueol\u00f2gic (2 beques)<\/span><\/big><\/p>\n<\/li>\n<\/ul>\n<p>&nbsp;<\/p>\n<p>d&#039;acord amb les seg\u00fcents&nbsp;<a href=\"\/contenido\/genericas\/20201027_Becas%20de%20Formacion%20en%20Museografia%20Biblioteconomia%20y%20Restauracion_%202021.pdf\" target=\"_blank\"><span style=\"color:#3498db\"><span style=\"font-size:10.0pt\"><span style=\"font-family:&quot;Courier New&quot;\"><span style=\"font-size:12.0pt\"><span style=\"font-family:&quot;Times New Roman&quot;,serif\">BASES<\/span><\/span><\/span><\/span><\/span><\/a><\/p>\n<p>&nbsp;<\/p>\n<p>De conformitat amb el que preveuen els articles 17.3.by 20.8.a de la Llei 38\/2003, de 17 de novembre, General de Subvencions, es va publicar l&#039;extracte de la convocat\u00f2ria al BOP n\u00fam. <strong>Base de Dades Nacional de Subvencions<\/strong> <span style=\"color:#3498db\">(<\/span><a href=\"https:\/\/www.infosubvenciones.es\/bdnstrans\/GE\/es\/convocatoria\/529693\" target=\"_blank\" rel=\"noopener\"><span style=\"color:#3498db\">https:\/\/www.infosubvenciones.es\/bdnstrans\/GE\/es\/convocatoria\/529693<\/span><\/a><span style=\"color:#3498db\">)<\/span><\/p>\n<p>&nbsp;<\/p>\n<p>Les sol\u00b7licituds es podran presentar:<\/p>\n<p>&nbsp;<\/p>\n<ul>\n<li>\n<p><big><span style=\"color:#555555\">\u2013 Per via telem\u00e0tica a trav\u00e9s de la seu electr\u00f2nica de la diputaci\u00f3 a l&#039;adre\u00e7a <\/span><a href=\"https:\/\/diputacionalicante.sedelectronica.es\/dossier\" target=\"_blank\" rel=\"noopener\"><span style=\"color:#3498db\"><em><span style=\"font-family:&quot;Arial&quot;,sans-serif\">https:\/\/diputacionalicante.sedelectronica.es\/dossier<\/span><\/em><\/span><\/a><span style=\"font-size:10.5pt\"><span style=\"font-family:&quot;Verdana&quot;,sans-serif\"><span style=\"color:#555555\">&nbsp;<br \/>Localitzar el tr\u00e0mit corresponent i adjuntar fitxers en formats PDF<\/span><\/span><\/span><\/big><\/p>\n<\/li>\n<li>\n<p><big><span style=\"color:#555555\">- Presencialment, en el Registre General de la Diputaci\u00f3 Provincial, en horari d&#039;oficina, de dilluns a divendres (carrer Tucum\u00e1n n\u00fam. 8, 03005 Alacant), sol\u00b7licitant cita pr\u00e8via al tel\u00e8fon 965988911<\/span><\/big><\/p>\n<\/li>\n<li>\n<p><big><span style=\"color:#555555\">\u2013 Per qualsevol altre dels procediments establerts a l&#039;art. 16 de la Llei 39\/2015, d&#039;1 d&#039;octubre, del procediment administratiu com\u00fa de les administracions p\u00fabliques.<\/span><\/big><\/p>\n<\/li>\n<\/ul>","protected":false},"excerpt":{"rendered":"<p>La Junta de Gobierno de la Excma. Diputaci&oacute;n Provincial de Alicante, en sesi&oacute;n ordinaria celebrada<span class=\"excerpt-hellip\"> [\u2026]<\/span><\/p>\n","protected":false},"author":3,"featured_media":0,"comment_status":"open","ping_status":"open","sticky":false,"template":"","format":"standard","meta":{"kia_subtitle":"","footnotes":""},"categories":[],"tags":[],"class_list":["post-34440","post","type-post","status-publish","format-standard","hentry"],"meta_box":[],"_links":{"self":[{"href":"https:\/\/marqalicante-admin.qwair.com\/va\/wp-json\/wp\/v2\/posts\/34440","targetHints":{"allow":["GET"]}}],"collection":[{"href":"https:\/\/marqalicante-admin.qwair.com\/va\/wp-json\/wp\/v2\/posts"}],"about":[{"href":"https:\/\/marqalicante-admin.qwair.com\/va\/wp-json\/wp\/v2\/types\/post"}],"author":[{"embeddable":true,"href":"https:\/\/marqalicante-admin.qwair.com\/va\/wp-json\/wp\/v2\/users\/3"}],"replies":[{"embeddable":true,"href":"https:\/\/marqalicante-admin.qwair.com\/va\/wp-json\/wp\/v2\/comments?post=34440"}],"version-history":[{"count":0,"href":"https:\/\/marqalicante-admin.qwair.com\/va\/wp-json\/wp\/v2\/posts\/34440\/revisions"}],"wp:attachment":[{"href":"https:\/\/marqalicante-admin.qwair.com\/va\/wp-json\/wp\/v2\/media?parent=34440"}],"wp:term":[{"taxonomy":"category","embeddable":true,"href":"https:\/\/marqalicante-admin.qwair.com\/va\/wp-json\/wp\/v2\/categories?post=34440"},{"taxonomy":"post_tag","embeddable":true,"href":"https:\/\/marqalicante-admin.qwair.com\/va\/wp-json\/wp\/v2\/tags?post=34440"}],"curies":[{"name":"wp","href":"https:\/\/api.w.org\/{rel}","templated":true}]}}