{"id":34421,"date":"2020-09-08T14:17:00","date_gmt":"2020-09-08T14:17:00","guid":{"rendered":"https:\/\/marqalicante-admin.qwair.com\/2020\/09\/08\/la-pobla-medieval-de-ifach-se-abre-al-publico-este-sabado-para-difundir-sus-ultimos-hallazgos-arqueologicos\/"},"modified":"2020-09-08T14:17:00","modified_gmt":"2020-09-08T14:17:00","slug":"la-pobla-medieval-de-ifach-se-abre-al-publico-este-sabado-para-difundir-sus-ultimos-hallazgos-arqueologicos","status":"publish","type":"post","link":"https:\/\/marqalicante-admin.qwair.com\/va\/la-pobla-medieval-de-ifach-se-abre-al-publico-este-sabado-para-difundir-sus-ultimos-hallazgos-arqueologicos\/","title":{"rendered":"La Pobla Medieval d&#039;Ifac s&#039;obre al p\u00fablic aquest dissabte per difondre les \u00faltimes troballes arqueol\u00f2giques"},"content":{"rendered":"<p style=\"margin-left:0cm; margin-right:0cm; text-align:justify\"><span style=\"font-size:12pt\"><span style=\"font-family:LTAroma\"><span style=\"color:black\"><span style=\"font-size:11.0pt\"><span style=\"font-family:&quot;Verdana&quot;,sans-serif\">El jaciment de la <strong>Pobla Medieval d&#039;Ifac<\/strong>, <strong>a Calp<\/strong>, s&#039;obre al p\u00fablic <strong>aquest cap de setmana <\/strong>per acostar a la ciutadania els descobriments arqueol\u00f2gics trobats a l&#039;enclavament durant la campanya d&#039;excavacions d&#039;aquest estiu. <\/span><\/span><\/span><\/span><\/span><\/p>\n<p style=\"margin-left:0cm; margin-right:0cm; text-align:justify\"><span style=\"font-size:12pt\"><span style=\"font-family:LTAroma\"><span style=\"color:black\">&nbsp;&nbsp;&nbsp;&nbsp;&nbsp;&nbsp;&nbsp; <span style=\"font-size:11.0pt\"><span style=\"font-family:&quot;Verdana&quot;,sans-serif\">La jornada gratu\u00efta, que tindr\u00e0 lloc el dissabte 12<strong> <\/strong>de setembre, <strong>arrancar\u00e0 a les 9:00 hores<\/strong> amb una visita guiada a c\u00e0rrec de diversos experts en la mat\u00e8ria. La vicepresidenta i diputada de Cultura, <strong>Julia Parra<\/strong>, ha destacat \u201cla import\u00e0ncia de mostrar les darreres troballes que revelen detalls fonamentals per con\u00e8ixer la nostra hist\u00f2ria i posen en relleu l&#039;important treball de recerca que s&#039;est\u00e0 desenvolupant des del MARQ\u201d. <\/span><\/span><\/span><\/span><\/span><\/p>\n<p style=\"margin-left:0cm; margin-right:0cm; text-align:justify\"><span style=\"font-size:12pt\"><span style=\"font-family:LTAroma\"><span style=\"color:black\"><span style=\"font-size:11.0pt\"><span style=\"font-family:&quot;Verdana&quot;,sans-serif\">L&#039;arque\u00f2leg del MARQ, <strong>Jos\u00e9 Luis Men\u00e9ndez<\/strong>, ser\u00e0 l&#039;encarregat de dirigir aquesta<strong> <\/strong>ruta en qu\u00e8 els visitants podran con\u00e8ixer com vivien els habitants d&#039;aquesta ciutat medieval a la llum dels estudis que han perm\u00e8s descobrir onze tombes noves a la sagrera o necr\u00f2polis, que eleven a 67 les inhumacions ja documentades respecte al centenar d&#039;enterraments descoberts.<\/span><\/span><\/span><\/span><\/span><\/p>\n<p style=\"margin-left:0cm; margin-right:0cm; text-align:justify\"><span style=\"font-size:12pt\"><span style=\"font-family:LTAroma\"><span style=\"color:black\"><span style=\"font-size:11.0pt\"><span style=\"font-family:&quot;Verdana&quot;,sans-serif\">&nbsp;&nbsp;&nbsp;&nbsp;&nbsp;&nbsp;&nbsp;&nbsp; &quot;En aquestes tombes reposen les restes dels pobladors d&#039;Ifac que van construir i van ocupar aquesta ciutat des de finals del segle XIII fins a bona part del segle XIV&quot;, ha explicat Men\u00e9ndez, que ha afegit que &quot;destaca la recuperaci\u00f3 als sepulcres d&#039;un ampli nombre de restes infantils embolicades en un sudari de lli i sense cap aixovar o complement, excepte un dels cossos on s&#039;ha localitzat un anell de bronze decorat amb una torre emmerletada enfilat en un dels dits\u201d.<\/span><\/span><\/span><\/span><\/span><\/p>\n<p style=\"margin-left:0cm; margin-right:0cm; text-align:justify\"><span style=\"font-size:12pt\"><span style=\"font-family:LTAroma\"><span style=\"color:black\"><span style=\"font-size:11.0pt\"><span style=\"font-family:&quot;Verdana&quot;,sans-serif\">&nbsp;&nbsp;&nbsp;&nbsp;&nbsp;&nbsp;&nbsp;&nbsp; A causa de la situaci\u00f3 d&#039;alerta sanit\u00e0ria i per motius de seguretat, <strong>l&#039;aforament de l&#039;activitat \u00e9s limitat<\/strong>. Les persones que vulguin participar-hi hauran de <strong>reservar la seva pla\u00e7a<\/strong> enviant un correu electr\u00f2nic a <a href=\"mailto:ifac_cma@gva.es\">ifac_cma@gva.es<\/a>. Per sol\u00b7licitar m\u00e9s informaci\u00f3 podeu trucar al 679.195.912, en horari de mat\u00ed<\/span><\/span><\/span><\/span><\/span><\/p>","protected":false},"excerpt":{"rendered":"<p>El yacimiento de la Pobla Medieval de Ifach, en Calp, se abre al p&uacute;blico este<span class=\"excerpt-hellip\"> [\u2026]<\/span><\/p>\n","protected":false},"author":3,"featured_media":0,"comment_status":"open","ping_status":"open","sticky":false,"template":"","format":"standard","meta":{"kia_subtitle":"","footnotes":""},"categories":[],"tags":[],"class_list":["post-34421","post","type-post","status-publish","format-standard","hentry"],"meta_box":[],"_links":{"self":[{"href":"https:\/\/marqalicante-admin.qwair.com\/va\/wp-json\/wp\/v2\/posts\/34421","targetHints":{"allow":["GET"]}}],"collection":[{"href":"https:\/\/marqalicante-admin.qwair.com\/va\/wp-json\/wp\/v2\/posts"}],"about":[{"href":"https:\/\/marqalicante-admin.qwair.com\/va\/wp-json\/wp\/v2\/types\/post"}],"author":[{"embeddable":true,"href":"https:\/\/marqalicante-admin.qwair.com\/va\/wp-json\/wp\/v2\/users\/3"}],"replies":[{"embeddable":true,"href":"https:\/\/marqalicante-admin.qwair.com\/va\/wp-json\/wp\/v2\/comments?post=34421"}],"version-history":[{"count":0,"href":"https:\/\/marqalicante-admin.qwair.com\/va\/wp-json\/wp\/v2\/posts\/34421\/revisions"}],"wp:attachment":[{"href":"https:\/\/marqalicante-admin.qwair.com\/va\/wp-json\/wp\/v2\/media?parent=34421"}],"wp:term":[{"taxonomy":"category","embeddable":true,"href":"https:\/\/marqalicante-admin.qwair.com\/va\/wp-json\/wp\/v2\/categories?post=34421"},{"taxonomy":"post_tag","embeddable":true,"href":"https:\/\/marqalicante-admin.qwair.com\/va\/wp-json\/wp\/v2\/tags?post=34421"}],"curies":[{"name":"wp","href":"https:\/\/api.w.org\/{rel}","templated":true}]}}