{"id":34418,"date":"2020-08-28T16:20:00","date_gmt":"2020-08-28T16:20:00","guid":{"rendered":"https:\/\/marqalicante-admin.qwair.com\/2020\/08\/28\/los-trabajos-de-excavaciones-en-la-pobla-de-ifach-descubren-once-tumbas-nuevas-en-el-area-de-la-necropolis\/"},"modified":"2020-08-28T16:20:00","modified_gmt":"2020-08-28T16:20:00","slug":"los-trabajos-de-excavaciones-en-la-pobla-de-ifach-descubren-once-tumbas-nuevas-en-el-area-de-la-necropolis","status":"publish","type":"post","link":"https:\/\/marqalicante-admin.qwair.com\/va\/los-trabajos-de-excavaciones-en-la-pobla-de-ifach-descubren-once-tumbas-nuevas-en-el-area-de-la-necropolis\/","title":{"rendered":"Els treballs d&#039;excavacions a la Pobla d&#039;Ifac descobreixen onze tombes noves a l&#039;\u00e0rea de la necr\u00f2polis"},"content":{"rendered":"<p style=\"margin-left:0cm; margin-right:0cm; text-align:center\"><img decoding=\"async\" alt=\"\" src=\"\/contenido\/genericas\/IMG-20200811-WA0003.jpg\" style=\"height:600px; width:450px\" \/><\/p>\n<p style=\"margin-left:0cm; margin-right:0cm; text-align:justify\">&nbsp;<\/p>\n<p style=\"margin-left:0cm; margin-right:0cm; text-align:justify\"><span style=\"font-size:12pt\"><span style=\"font-family:&quot;Times New Roman&quot;,serif\"><span style=\"font-size:11.0pt\"><span style=\"font-family:&quot;Verdana&quot;,&quot;sans-serif&quot;\">La setzena campanya d&#039;excavacions al jaciment de la <strong>Pobla d&#039;Ifac<\/strong> de Calp, finalitza dem\u00e0 despr\u00e9s d&#039;un mes d&#039;agost en qu\u00e8 <strong>sis voluntaris universitaris<\/strong> han desenvolupat una intensa tasca de <strong>suport a les tasques del programa de consolidaci\u00f3<\/strong> preventiva de l\u00e0rea. Aquest any l&#039;acci\u00f3 s&#039;ha centrat en la <strong>documentaci\u00f3 i consolidaci\u00f3 d&#039;una s\u00e8rie de tombes del <em>cimiterium<\/em> o necr\u00f2polis d&#039;Ifac<\/strong>, situada al costat de l&#039;esgl\u00e9sia de la ciutat medieval. L&#039;equip t\u00e8cnic ha descobert fins <strong>11 tombes noves de l&#039;\u00e0rea cementerial<\/strong>, que eleven a 67 les inhumacions ja documentades respecte del centenar d&#039;enterraments localitzats. <\/span><\/span><\/span><\/span><\/p>\n<p style=\"margin-left:0cm; margin-right:0cm; text-align:justify\"><span style=\"font-size:12pt\"><span style=\"font-family:&quot;Times New Roman&quot;,serif\"><span style=\"font-size:11.0pt\"><span style=\"font-family:&quot;Verdana&quot;,&quot;sans-serif&quot;\">En aquestes tombes reposen els <strong>restes dels pobladors<\/strong> d&#039;Ifac, que van construir i van ocupar aquesta ciutat des de <strong>finals del segle XIII<\/strong> per ordre del rei Jaume II i sota el domini del noble calabr\u00e8s <strong>Ruggero di Lauria<\/strong>, almirall de la Corona d&#039;Arag\u00f3 i senyor del territori castral de Calp durant bona part del segle XIV. Molts s&#039;havien despla\u00e7at des del nord de la Corona d&#039;Arag\u00f3 per poblar les noves terres conquerides i forjar els pilars poblacions del Regne de Val\u00e8ncia, germen del que avui \u00e9s la Comunitat Valenciana. <\/span><\/span><\/span><\/span><\/p>\n<p style=\"margin-left:0cm; margin-right:0cm; text-align:justify\"><span style=\"font-size:12pt\"><span style=\"font-family:&quot;Times New Roman&quot;,serif\"><span style=\"font-size:11.0pt\"><span style=\"font-family:&quot;Verdana&quot;,&quot;sans-serif&quot;\">La vicepresidenta primera i diputada de Cultura, <strong>J\u00falia Parra<\/strong>, s&#039;ha felicitat pel \u201cmagn\u00edfic treball desenvolupat per l&#039;equip que dirigeix l&#039;arque\u00f2leg del MARQ i especialista medieval, Jos\u00e9 Luis Men\u00e9ndez, a qui ha animat a continuar amb la investigaci\u00f3 empresa en un dels jaciments claus de la nostra terra per apropar-nos a la millor comprensi\u00f3 de la nostra hist\u00f2ria\u201d. <\/span><\/span><\/span><\/span><\/p>\n<p style=\"margin-left:0cm; margin-right:0cm; text-align:justify\"><span style=\"font-size:12pt\"><span style=\"font-family:&quot;Times New Roman&quot;,serif\"><span style=\"font-size:11.0pt\"><span style=\"font-family:&quot;Verdana&quot;,&quot;sans-serif&quot;\">Els treballs promoguts en aquesta edici\u00f3 s&#039;integren al &#039;Pla de Recerca 2018-2021 del MARQ&#039;, al costat de l&#039;\u00c0rea d&#039;Arquitectura de la instituci\u00f3, en paral\u00b7lel a la investigaci\u00f3 del jaciment, i s&#039;hi ha seguit l&#039;estricte <strong>protocol planificat per prevenir els contagis de la COVID-19<\/strong>. Com en anys anteriors, des del 2008, la participaci\u00f3 dels estudiants ha estat possible gr\u00e0cies al conveni de col\u00b7laboraci\u00f3 establert entre la Diputaci\u00f3 d&#039;Alacant i l&#039;Ajuntament de Calp. <\/span><\/span><\/span><\/span><\/p>\n<p style=\"margin-left:0cm; margin-right:0cm; text-align:justify\"><span style=\"font-size:12pt\"><span style=\"font-family:&quot;Times New Roman&quot;,serif\"><span style=\"font-size:11.0pt\"><span style=\"font-family:&quot;Verdana&quot;,&quot;sans-serif&quot;\">L&#039;equip del MARQ ha trobat als sepulcres, juntament amb alguns adults, un ampli nombre de <strong>restes infants<\/strong>, de <strong>edats no superiors als 7 anys<\/strong>. Els cossos han aparegut en posici\u00f3 dec\u00fabit sup\u00ed, amb els bra\u00e7os entrecreuats, <strong>embolicats en un sudari de lli i sense cap aixovar<\/strong> o complement que acompany\u00e9s el viatge al m\u00e9s enll\u00e0. Nom\u00e9s en un cas, s&#039;ha trobat un anell de bronze, decorat amb una torre emmerletada, enfilat en un dels dits de l&#039;enterrament. <\/span><\/span><\/span><\/span><\/p>\n<p style=\"margin-left:0cm; margin-right:0cm; text-align:justify\"><span style=\"font-size:12pt\"><span style=\"font-family:&quot;Times New Roman&quot;,serif\"><span style=\"font-size:11.0pt\"><span style=\"font-family:&quot;Verdana&quot;,&quot;sans-serif&quot;\">Tamb\u00e9 s&#039;ha documentat una <strong>tomba m\u00faltiple<\/strong> formada per tres cossos que mostren els seus <strong>restes de forma desordenada<\/strong>. Aquestes tombes solen ser molt habituals a l&#039;\u00e0rea cementirial d&#039;Ifac, producte de la seva necess\u00e0ria i cont\u00ednua reorganitzaci\u00f3 per alliberar espai on poder continuar enterrant. <\/span><\/span><\/span><\/span><\/p>\n<p style=\"margin-left:0cm; margin-right:0cm; text-align:justify\"><span style=\"font-size:12pt\"><span style=\"font-family:&quot;Times New Roman&quot;,serif\"><span style=\"font-size:11.0pt\"><span style=\"font-family:&quot;Verdana&quot;,&quot;sans-serif&quot;\">Aix\u00ed mateix, les tasques del programa de conservaci\u00f3 preventiva que realitza l&#039;\u00e0rea d&#039;Arquitectura de la Diputaci\u00f3 d&#039;Alacant han culminat amb \u00e8xit els <strong>treballs de consolidaci\u00f3 d&#039;una desena de tombes existents<\/strong> a la zona cementirial d&#039;Ifac, excavades en campanyes anteriors. Els objectius van dirigits a <strong>conservar les fosses dels soterraments<\/strong>, preservant el lloc d&#039;etern rep\u00f2s dels antics pobladors de la Pobla, que considerem com els aut\u00e8ntics i an\u00f2nims fundadors d&#039;Ifac.<\/span><\/span><\/span><\/span><\/p>\n<p style=\"margin-left:0cm; margin-right:0cm; text-align:justify\"><span style=\"font-size:12pt\"><span style=\"font-family:&quot;Times New Roman&quot;,serif\"><span style=\"font-size:11.0pt\"><span style=\"font-family:&quot;Verdana&quot;,&quot;sans-serif&quot;\">Finalment, Parra ha concl\u00f2s que \u201ctotes les troballes ens obren una porta a la curiositat i al coneixement que hem de seguir i aprofundir per entendre millor el nostre passat\u201d. <\/span><\/span><\/span><\/span><\/p>\n<p style=\"margin-left:0cm; margin-right:0cm; text-align:justify\">&nbsp;<\/p>","protected":false},"excerpt":{"rendered":"<p>&nbsp; La decimosexta campa&ntilde;a de excavaciones en el yacimiento de la Pobla de Ifach de<span class=\"excerpt-hellip\"> [\u2026]<\/span><\/p>\n","protected":false},"author":3,"featured_media":0,"comment_status":"open","ping_status":"open","sticky":false,"template":"","format":"standard","meta":{"kia_subtitle":"","footnotes":""},"categories":[],"tags":[],"class_list":["post-34418","post","type-post","status-publish","format-standard","hentry"],"meta_box":[],"_links":{"self":[{"href":"https:\/\/marqalicante-admin.qwair.com\/va\/wp-json\/wp\/v2\/posts\/34418","targetHints":{"allow":["GET"]}}],"collection":[{"href":"https:\/\/marqalicante-admin.qwair.com\/va\/wp-json\/wp\/v2\/posts"}],"about":[{"href":"https:\/\/marqalicante-admin.qwair.com\/va\/wp-json\/wp\/v2\/types\/post"}],"author":[{"embeddable":true,"href":"https:\/\/marqalicante-admin.qwair.com\/va\/wp-json\/wp\/v2\/users\/3"}],"replies":[{"embeddable":true,"href":"https:\/\/marqalicante-admin.qwair.com\/va\/wp-json\/wp\/v2\/comments?post=34418"}],"version-history":[{"count":0,"href":"https:\/\/marqalicante-admin.qwair.com\/va\/wp-json\/wp\/v2\/posts\/34418\/revisions"}],"wp:attachment":[{"href":"https:\/\/marqalicante-admin.qwair.com\/va\/wp-json\/wp\/v2\/media?parent=34418"}],"wp:term":[{"taxonomy":"category","embeddable":true,"href":"https:\/\/marqalicante-admin.qwair.com\/va\/wp-json\/wp\/v2\/categories?post=34418"},{"taxonomy":"post_tag","embeddable":true,"href":"https:\/\/marqalicante-admin.qwair.com\/va\/wp-json\/wp\/v2\/tags?post=34418"}],"curies":[{"name":"wp","href":"https:\/\/api.w.org\/{rel}","templated":true}]}}