{"id":34413,"date":"2020-08-06T15:59:00","date_gmt":"2020-08-06T15:59:00","guid":{"rendered":"https:\/\/marqalicante-admin.qwair.com\/2020\/08\/06\/el-marq-reune-por-primera-vez-en-callosa-de-segura-la-coleccion-de-toros-del-argar-hallados-en-laderas-del-castillo\/"},"modified":"2020-08-06T15:59:00","modified_gmt":"2020-08-06T15:59:00","slug":"el-marq-reune-por-primera-vez-en-callosa-de-segura-la-coleccion-de-toros-del-argar-hallados-en-laderas-del-castillo","status":"publish","type":"post","link":"https:\/\/marqalicante-admin.qwair.com\/va\/el-marq-reune-por-primera-vez-en-callosa-de-segura-la-coleccion-de-toros-del-argar-hallados-en-laderas-del-castillo\/","title":{"rendered":"El MARQ reuneix per primera vegada a Callosa de Segura la col\u00b7lecci\u00f3 de Toros del Argar trobats a Laderas del Castillo"},"content":{"rendered":"<p style=\"margin-left:0cm; margin-right:0cm; text-align:center\"><img decoding=\"async\" alt=\"\" src=\"\/contenido\/genericas\/Captura(14).JPG\" style=\"height:327px; width:436px\" \/><\/p>\n<p style=\"margin-left:0cm; margin-right:0cm; text-align:center\">&nbsp;<\/p>\n<p style=\"margin-left:0cm; margin-right:0cm; text-align:justify\"><span style=\"font-size:12pt\"><span style=\"font-family:&quot;Times New Roman&quot;,serif\"><span style=\"font-size:11.0pt\"><span style=\"font-family:&quot;Verdana&quot;,&quot;sans-serif&quot;\">El <strong>MARQ <\/strong>ha inaugurat aquest mat\u00ed l&#039;exposici\u00f3<strong> \u201cEls Bous de l&#039;Argar\u201d<\/strong> que reuneix per primera vegada a Callosa de Segura els tres exemplars de la cultura arg\u00e0rica trobats al <strong>jaciment de Vessants del Castell<\/strong>. El Museu Arqueol\u00f2gic Municipal &#039;Antonio Ballester Ruiz&#039; acollir\u00e0 la mostra fins al proper <strong>30 de desembre<\/strong>.<\/span><\/span><\/span><\/span><\/p>\n<p style=\"margin-left:0cm; margin-right:0cm; text-align:justify\"><span style=\"font-size:12pt\"><span style=\"font-family:&quot;Times New Roman&quot;,serif\"><span style=\"font-size:11.0pt\"><span style=\"font-family:&quot;Verdana&quot;,&quot;sans-serif&quot;\">L&#039;acte de presentaci\u00f3 al p\u00fablic ha comptat amb la pres\u00e8ncia de l&#039;alcalde de la localitat, <strong>Manuel Mart\u00ednez<\/strong>, el director del Museu Arqueol\u00f2gic d&#039;Alacant, <strong>Manuel Olcina<\/strong>, el director del Museu Arqueol\u00f2gic Municipal de Callosa de Segura, <strong>Miguel Mart\u00ednez<\/strong>, el regidor de Patrimoni, <strong>Vicente Mora<\/strong>, i el t\u00e8cnic del MARQ, <strong>Juan Antonio L\u00f3pez Padilla<\/strong>. A m\u00e9s de les peces exposades, la mostra inclou un panell informatiu, aix\u00ed com <strong>contingut audiovisual<\/strong> on s&#039;ofereix una explicaci\u00f3 de la naturalesa d&#039;aquests objectes particulars, de la seva recerca arqueol\u00f2gica i del paper que van poder jugar en la ideologia i simbologia de la cultura arg\u00e0rica.<\/span><\/span><\/span><\/span><\/p>\n<p style=\"margin-left:0cm; margin-right:0cm; text-align:justify\"><span style=\"font-size:12pt\"><span style=\"font-family:&quot;Times New Roman&quot;,serif\"><span style=\"font-size:11.0pt\"><span style=\"font-family:&quot;Verdana&quot;,&quot;sans-serif&quot;\">Amb <strong>4.000 anys d&#039;antiguitat<\/strong>, les petites figures d&#039;argila es van localitzar en el marc del Pla Provincial d&#039;Excavacions impulsat per la Diputaci\u00f3 d&#039;Alacant i van ser determinants, des del punt de vista arqueol\u00f2gic, per matisar el <strong>car\u00e0cter iconoclasta<\/strong> atribu\u00eft a aquesta societat i per fixar-ne amb precisi\u00f3 la cronologia. <\/span><\/span><\/span><\/span><\/p>\n<p style=\"margin-left:0cm; margin-right:0cm; text-align:justify\"><span style=\"font-size:11.0pt\"><span style=\"font-family:&quot;Verdana&quot;,&quot;sans-serif&quot;\">Els treballs al paratge callos\u00ed van comen\u00e7ar el 2013 en el marc d&#039;un <strong>conveni de col\u00b7laboraci\u00f3 amb l&#039;Ajuntament<\/strong> de la localitat i anualment es duen a terme campanyes d&#039;excavacions dirigides per L\u00f3pez Padilla, t\u00e8cnic del MARQ, i per <strong>Francisco Javier Jover Maestre<\/strong>, professor de Prehist\u00f2ria a la Universitat d&#039;Alacant. El 2014 va ser possible documentar i datar per primera vegada la troballa de dues de les peces que, gr\u00e0cies a les tasques de consolidaci\u00f3 i restauraci\u00f3 realitzades al MARQ, van poder ser exposades per a estudiar-les i contemplar-les.<\/span><\/span><\/p>","protected":false},"excerpt":{"rendered":"<p>&nbsp; El MARQ ha inaugurado esta ma&ntilde;ana la exposici&oacute;n &ldquo;Los Toros de El Argar&rdquo; que<span class=\"excerpt-hellip\"> [\u2026]<\/span><\/p>\n","protected":false},"author":3,"featured_media":0,"comment_status":"open","ping_status":"open","sticky":false,"template":"","format":"standard","meta":{"kia_subtitle":"","footnotes":""},"categories":[],"tags":[],"class_list":["post-34413","post","type-post","status-publish","format-standard","hentry"],"meta_box":[],"_links":{"self":[{"href":"https:\/\/marqalicante-admin.qwair.com\/va\/wp-json\/wp\/v2\/posts\/34413","targetHints":{"allow":["GET"]}}],"collection":[{"href":"https:\/\/marqalicante-admin.qwair.com\/va\/wp-json\/wp\/v2\/posts"}],"about":[{"href":"https:\/\/marqalicante-admin.qwair.com\/va\/wp-json\/wp\/v2\/types\/post"}],"author":[{"embeddable":true,"href":"https:\/\/marqalicante-admin.qwair.com\/va\/wp-json\/wp\/v2\/users\/3"}],"replies":[{"embeddable":true,"href":"https:\/\/marqalicante-admin.qwair.com\/va\/wp-json\/wp\/v2\/comments?post=34413"}],"version-history":[{"count":0,"href":"https:\/\/marqalicante-admin.qwair.com\/va\/wp-json\/wp\/v2\/posts\/34413\/revisions"}],"wp:attachment":[{"href":"https:\/\/marqalicante-admin.qwair.com\/va\/wp-json\/wp\/v2\/media?parent=34413"}],"wp:term":[{"taxonomy":"category","embeddable":true,"href":"https:\/\/marqalicante-admin.qwair.com\/va\/wp-json\/wp\/v2\/categories?post=34413"},{"taxonomy":"post_tag","embeddable":true,"href":"https:\/\/marqalicante-admin.qwair.com\/va\/wp-json\/wp\/v2\/tags?post=34413"}],"curies":[{"name":"wp","href":"https:\/\/api.w.org\/{rel}","templated":true}]}}