{"id":34403,"date":"2020-07-05T12:32:00","date_gmt":"2020-07-05T12:32:00","guid":{"rendered":"https:\/\/marqalicante-admin.qwair.com\/2020\/07\/05\/mas-de-29-000-personas-visitan-la-exposicion-idolos-miradas-milenarias-que-se-clausura-hoy-con-una-jornada-de-puertas-abiertas\/"},"modified":"2020-07-05T12:32:00","modified_gmt":"2020-07-05T12:32:00","slug":"mas-de-29-000-personas-visitan-la-exposicion-idolos-miradas-milenarias-que-se-clausura-hoy-con-una-jornada-de-puertas-abiertas","status":"publish","type":"post","link":"https:\/\/marqalicante-admin.qwair.com\/va\/mas-de-29-000-personas-visitan-la-exposicion-idolos-miradas-milenarias-que-se-clausura-hoy-con-una-jornada-de-puertas-abiertas\/","title":{"rendered":"M\u00e9s de 29.000 persones visiten l&#039;exposici\u00f3 &#039;\u00cddols Mirades mil\u00b7len\u00e0ries&#039; que es clou avui amb una jornada de portes obertes"},"content":{"rendered":"<p style=\"margin-left:0cm; margin-right:0cm; text-align:justify\"><img decoding=\"async\" alt=\"\" src=\"\/contenido\/genericas\/070520%20Idolos.jpg\" style=\"height:375px; width:500px\" \/><\/p>\n<p style=\"margin-left:0cm; margin-right:0cm; text-align:justify\"><span style=\"font-size:12pt\"><span style=\"font-family:&quot;Times New Roman&quot;,serif\"><span style=\"font-size:11.0pt\"><span style=\"font-family:&quot;Verdana&quot;,sans-serif\">El <strong>Museu Arqueol\u00f2gic de <\/strong><strong>la Diputaci\u00f3<\/strong> <strong>d&#039;Alacant (MARQ)<\/strong> clou avui l&#039;exposici\u00f3 temporal &#039;\u00cddols Mirades Mil\u00b7len\u00e0ries&#039; amb una jornada de portes obertes que ha comptat amb la visita de la vicepresidenta i diputada de Cultura, <strong>Julia Parra<\/strong>. La titular de Cultura ha confirmat que &quot;han pogut gaudir d\u00b4aquesta mostra m\u00e9s de 29.000 persones des que es va inaugurar el 29 de gener d\u00b4aquest any, fruit de la col\u00b7laboraci\u00f3 amb la Comunitat de Madrid i moltes altres institucions que han cedit les seves peces per formar aquesta excel\u00b7lent col\u00b7lecci\u00f3&quot;.<\/span><\/span><\/span><\/span><\/p>\n<p style=\"margin-left:0cm; margin-right:0cm; text-align:justify\"><span style=\"font-size:12pt\"><span style=\"font-family:&quot;Times New Roman&quot;,serif\"><span style=\"font-size:11.0pt\"><span style=\"font-family:&quot;Verdana&quot;,sans-serif\">Julia Parra ha fet un <strong>balan\u00e7 positiu<\/strong> de les xifres de p\u00fablic aconseguides \u201cmolt significatives, malgrat la cloenda del museu en el per\u00edode del 12 de mar\u00e7 al 8 de juny amb motiu de la pand\u00e8mia decretada pel coronavirus\u201d. Des de la reobertura del centre cultural el 9 de juny, han passat per l&#039;exposici\u00f3 1.428 visitants que, sumats als 27.856 que van passar per l&#039;exposici\u00f3 al primer per\u00edode, donen un total de 29.284 persones fins ahir, dissabte.<\/span><\/span><\/span><\/span><\/p>\n<p style=\"margin-left:0cm; margin-right:0cm; text-align:justify\"><span style=\"font-size:12pt\"><span style=\"font-family:&quot;Times New Roman&quot;,serif\"><span style=\"font-size:11.0pt\"><span style=\"font-family:&quot;Verdana&quot;,sans-serif\">El MARQ compta amb totes les <strong>mesures per garantir la salut de treballadors i empleats<\/strong>. Durant els darrers mesos, s&#039;han realitzat tots els treballs necessaris per a la <strong>posada a punt de les instal\u00b7lacions<\/strong>, amb una <strong>inversi\u00f3 al voltant de 40.000 euros<\/strong>, i obtenir el <strong>segell de garantia COVID<\/strong> concedit per l&#039;Institut per a la Qualitat Tur\u00edstica Espanyola (ICTE) que acredita l&#039;edifici com a museu segur. Com a mesures generals, els visitants s\u00f3n informats en arribar de l&#039;\u00fas obligatori de m\u00e0scara, les dist\u00e0ncies de seguretat a mantenir i l&#039;itinerari establert, amb un aforament m\u00e0xim de 20 persones per sala, entre d&#039;altres recomanacions.<\/span><\/span><\/span><\/span><\/p>\n<p style=\"margin-left:0cm; margin-right:0cm; text-align:justify\"><span style=\"font-size:12pt\"><span style=\"font-family:&quot;Times New Roman&quot;,serif\"><span style=\"font-size:11.0pt\"><span style=\"font-family:&quot;Verdana&quot;,sans-serif\">A partir de dem\u00e0 comen\u00e7aran els <strong>treballs per traslladar l&#039;exposici\u00f3 &#039;\u00cddols. Mirades Mil\u00b7len\u00e0ries&#039; <\/strong>al <a name=\"_Hlk44835656\"><strong>Museu Arqueol\u00f2gic Regional de Madrid (MAR)<\/strong><\/a>. El MARQ continuar\u00e0 oferint als visitants les exposicions permanents ia l&#039;hivern est\u00e0 prevista l&#039;arribada de la mostra <strong>&#039;Els guerrers de Xi&#039;an&#039;<\/strong>.<\/span><\/span><\/span><\/span><\/p>","protected":false},"excerpt":{"rendered":"<p>El Museo Arqueol&oacute;gico de la Diputaci&oacute;n de Alicante (MARQ) clausura hoy la exposici&oacute;n temporal &lsquo;&Iacute;dolos<span class=\"excerpt-hellip\"> [\u2026]<\/span><\/p>\n","protected":false},"author":3,"featured_media":0,"comment_status":"open","ping_status":"open","sticky":false,"template":"","format":"standard","meta":{"kia_subtitle":"","footnotes":""},"categories":[],"tags":[],"class_list":["post-34403","post","type-post","status-publish","format-standard","hentry"],"meta_box":[],"_links":{"self":[{"href":"https:\/\/marqalicante-admin.qwair.com\/va\/wp-json\/wp\/v2\/posts\/34403","targetHints":{"allow":["GET"]}}],"collection":[{"href":"https:\/\/marqalicante-admin.qwair.com\/va\/wp-json\/wp\/v2\/posts"}],"about":[{"href":"https:\/\/marqalicante-admin.qwair.com\/va\/wp-json\/wp\/v2\/types\/post"}],"author":[{"embeddable":true,"href":"https:\/\/marqalicante-admin.qwair.com\/va\/wp-json\/wp\/v2\/users\/3"}],"replies":[{"embeddable":true,"href":"https:\/\/marqalicante-admin.qwair.com\/va\/wp-json\/wp\/v2\/comments?post=34403"}],"version-history":[{"count":0,"href":"https:\/\/marqalicante-admin.qwair.com\/va\/wp-json\/wp\/v2\/posts\/34403\/revisions"}],"wp:attachment":[{"href":"https:\/\/marqalicante-admin.qwair.com\/va\/wp-json\/wp\/v2\/media?parent=34403"}],"wp:term":[{"taxonomy":"category","embeddable":true,"href":"https:\/\/marqalicante-admin.qwair.com\/va\/wp-json\/wp\/v2\/categories?post=34403"},{"taxonomy":"post_tag","embeddable":true,"href":"https:\/\/marqalicante-admin.qwair.com\/va\/wp-json\/wp\/v2\/tags?post=34403"}],"curies":[{"name":"wp","href":"https:\/\/api.w.org\/{rel}","templated":true}]}}