{"id":34397,"date":"2020-06-19T12:22:00","date_gmt":"2020-06-19T12:22:00","guid":{"rendered":"https:\/\/marqalicante-admin.qwair.com\/2020\/06\/19\/la-torre-de-almudaina-reabre-sus-puertas-este-sabado-con-amplias-medidas-de-seguridad-para-preservar-la-salud-de-trabajadores-y-visitantes\/"},"modified":"2020-06-19T12:22:00","modified_gmt":"2020-06-19T12:22:00","slug":"la-torre-de-almudaina-reabre-sus-puertas-este-sabado-con-amplias-medidas-de-seguridad-para-preservar-la-salud-de-trabajadores-y-visitantes","status":"publish","type":"post","link":"https:\/\/marqalicante-admin.qwair.com\/va\/la-torre-de-almudaina-reabre-sus-puertas-este-sabado-con-amplias-medidas-de-seguridad-para-preservar-la-salud-de-trabajadores-y-visitantes\/","title":{"rendered":"La Torre d&#039;Almudaina reobre les portes aquest dissabte amb \u00e0mplies mesures de seguretat per preservar la salut de treballadors i visitants"},"content":{"rendered":"<p style=\"margin-left:0cm; margin-right:0cm; text-align:center\"><img decoding=\"async\" alt=\"\" src=\"\/contenido\/genericas\/Torre_de_Almudaina_2.jpg\" style=\"height:667px; width:500px\" \/><\/p>\n<p style=\"margin-left:0cm; margin-right:0cm; text-align:justify\">&nbsp;<\/p>\n<p style=\"margin-left:0cm; margin-right:0cm; text-align:justify\"><span style=\"font-size:12pt\"><span style=\"font-family:LTAroma\"><span style=\"font-size:11.0pt\"><span style=\"font-family:&quot;Verdana&quot;,&quot;sans-serif&quot;\">La <strong>Torre d&#039;Almudaina<\/strong>, que gestiona la Fundaci\u00f3 MARQ, <strong>obre de nou les portes aquest dissabte 20 de juny <\/strong>amb \u00e0mplies mesures de seguretat i higiene per preservar la salut, tant dels treballadors com dels ciutadans. En aquest sentit, <strong>es controlar\u00e0 l?aforament de visitants<\/strong>, que queda limitat a un m\u00e0xim de quatre persones per passi.<\/span><\/span><\/span><\/span><\/p>\n<p style=\"margin-left:0cm; margin-right:0cm; text-align:justify\"><span style=\"font-size:12pt\"><span style=\"font-family:LTAroma\"><span style=\"color:black\"><span style=\"font-size:11.0pt\"><span style=\"font-family:&quot;Verdana&quot;,&quot;sans-serif&quot;\">La vicepresidenta i diputada de Cultura, <strong>Julia Parra<\/strong>, ha anunciat que \u201cdespr\u00e9s de prop de tres mesos tancada al p\u00fablic en compliment de les mesures de restricci\u00f3 imposades per la crisi de COVID-19, la Torre almohade d&#039;Almudaina repr\u00e8n aquest cap de setmana la seva activitat. <\/span><\/span><span style=\"font-size:11.0pt\"><span style=\"font-family:&quot;Verdana&quot;,&quot;sans-serif&quot;\">Esperem que les properes setmanes es puguin posar a disposici\u00f3 del p\u00fablic m\u00e9s instal\u00b7lacions culturals amb totes les garanties<\/span><\/span><span style=\"font-size:11.0pt\"><span style=\"font-family:&quot;Verdana&quot;,&quot;sans-serif&quot;\">\u201d.<\/span><\/span><\/span><\/span><\/span><\/p>\n<p style=\"margin-left:0cm; margin-right:0cm; text-align:justify\"><span style=\"font-size:12pt\"><span style=\"font-family:LTAroma\"><span style=\"font-size:11.0pt\"><span style=\"font-family:&quot;Verdana&quot;,&quot;sans-serif&quot;\">A m\u00e9s, s&#039;han instal\u00b7lat dispensadors de<strong> gel hidroalcoh\u00f2lic i senyal\u00e8tica<\/strong> <strong>de seguretat<\/strong> al llarg de tot l&#039;itinerari i ser\u00e0 obligatori el <strong>\u00fas<\/strong> <strong>de guants i m\u00e0scara<\/strong>. Per facilitar el compliment d&#039;aquestes mesures, l&#039;enclavament posar\u00e0 a disposici\u00f3 dels usuaris el &#039;KitMarq&#039;, on trobaran material de protecci\u00f3 individual i un full que detalla les recomanacions i les normes que hauran de complir durant el recorregut.<\/span><\/span><\/span><\/span><\/p>\n<p style=\"margin-left:0cm; margin-right:0cm; text-align:justify\"><span style=\"font-size:12pt\"><span style=\"font-family:&quot;Times New Roman&quot;,serif\"><span style=\"font-size:11.0pt\"><span style=\"font-family:&quot;Verdana&quot;,&quot;sans-serif&quot;\">Les <strong>visites guiades<\/strong> pel monument es podran realitzar de 9.00 a 13.00 hores i de 18.00 a 21.00 hores de dimarts a dissabte, mentre que els diumenges i festius l&#039;horari ser\u00e0 de 9.00 a 13.00 hores. Es recomana comprar l&#039;entrada amb antelaci\u00f3 a trav\u00e9s de la p\u00e0gina web <strong><a href=\"http:\/\/marqalicante-classic-admin.qwair.com\" target=\"_blank\" rel=\"noopener\">marqalicante-classic-admin.qwair.com<\/a><\/strong>.<\/span><\/span><\/span><\/span><\/p>\n<p style=\"margin-left:0cm; margin-right:0cm; text-align:justify\"><span style=\"font-size:12pt\"><span style=\"font-family:LTAroma\"><span style=\"font-size:11.0pt\"><span style=\"font-family:&quot;Verdana&quot;,&quot;sans-serif&quot;\">La Torre almohade d&#039;Almudaina est\u00e0 considerada com <strong>B\u00e9 d&#039;inter\u00e8s cultural<\/strong> -BIC-. L&#039;immoble, originari de la primera meitat del segle XIII, va ser restaurat i muse\u00eftzat per l&#039;\u00c0rea d&#039;Arquitectura de la instituci\u00f3 provincial. Despr\u00e9s de la seva obertura al p\u00fablic l&#039;agost del 2009, la Torre va quedar integrada a la xarxa de jaciments, parcs arqueol\u00f2gics i centres d&#039;interpretaci\u00f3 del MARQ i de la seva Fundaci\u00f3.<\/span><\/span><\/span><\/span><\/p>","protected":false},"excerpt":{"rendered":"<p>&nbsp; La Torre de Almudaina, que gestiona la Fundaci&oacute;n MARQ, abre de nuevo sus puertas<span class=\"excerpt-hellip\"> [\u2026]<\/span><\/p>\n","protected":false},"author":3,"featured_media":0,"comment_status":"open","ping_status":"open","sticky":false,"template":"","format":"standard","meta":{"kia_subtitle":"","footnotes":""},"categories":[],"tags":[],"class_list":["post-34397","post","type-post","status-publish","format-standard","hentry"],"meta_box":[],"_links":{"self":[{"href":"https:\/\/marqalicante-admin.qwair.com\/va\/wp-json\/wp\/v2\/posts\/34397","targetHints":{"allow":["GET"]}}],"collection":[{"href":"https:\/\/marqalicante-admin.qwair.com\/va\/wp-json\/wp\/v2\/posts"}],"about":[{"href":"https:\/\/marqalicante-admin.qwair.com\/va\/wp-json\/wp\/v2\/types\/post"}],"author":[{"embeddable":true,"href":"https:\/\/marqalicante-admin.qwair.com\/va\/wp-json\/wp\/v2\/users\/3"}],"replies":[{"embeddable":true,"href":"https:\/\/marqalicante-admin.qwair.com\/va\/wp-json\/wp\/v2\/comments?post=34397"}],"version-history":[{"count":0,"href":"https:\/\/marqalicante-admin.qwair.com\/va\/wp-json\/wp\/v2\/posts\/34397\/revisions"}],"wp:attachment":[{"href":"https:\/\/marqalicante-admin.qwair.com\/va\/wp-json\/wp\/v2\/media?parent=34397"}],"wp:term":[{"taxonomy":"category","embeddable":true,"href":"https:\/\/marqalicante-admin.qwair.com\/va\/wp-json\/wp\/v2\/categories?post=34397"},{"taxonomy":"post_tag","embeddable":true,"href":"https:\/\/marqalicante-admin.qwair.com\/va\/wp-json\/wp\/v2\/tags?post=34397"}],"curies":[{"name":"wp","href":"https:\/\/api.w.org\/{rel}","templated":true}]}}