{"id":34386,"date":"2020-05-14T15:23:00","date_gmt":"2020-05-14T15:23:00","guid":{"rendered":"https:\/\/marqalicante-admin.qwair.com\/2020\/05\/14\/el-marq-reinicia-manana-un-programa-online-dirigido-a-mayores-de-65-anos-en-colaboracion-con-asaute\/"},"modified":"2020-05-14T15:23:00","modified_gmt":"2020-05-14T15:23:00","slug":"el-marq-reinicia-manana-un-programa-online-dirigido-a-mayores-de-65-anos-en-colaboracion-con-asaute","status":"publish","type":"post","link":"https:\/\/marqalicante-admin.qwair.com\/va\/el-marq-reinicia-manana-un-programa-online-dirigido-a-mayores-de-65-anos-en-colaboracion-con-asaute\/","title":{"rendered":"El MARQ reinicia dem\u00e0 un programa en l\u00ednia dirigit a majors de 65 anys en col\u00b7laboraci\u00f3 amb Asaute"},"content":{"rendered":"<p style=\"margin-left:0cm; margin-right:0cm; text-align:center\"><img decoding=\"async\" alt=\"\" src=\"\/contenido\/genericas\/IMG_6852.JPG\" style=\"height:300px; width:400px\" \/><\/p>\n<p style=\"margin-left:0cm; margin-right:0cm; text-align:justify\"><span style=\"font-size:12pt\"><span style=\"font-family:&quot;Times New Roman&quot;,serif\"><span style=\"font-size:11.0pt\"><span style=\"font-family:&quot;Verdana&quot;,&quot;sans-serif&quot;\">El <strong>Museu Arqueol\u00f2gic d&#039;Alacant<\/strong> (MARQ) ha reiniciat la tercera edici\u00f3 del programa <strong>&#039;Marq + 65&#039;<\/strong>, en col\u00b7laboraci\u00f3 amb l&#039;associaci\u00f3 cultural <strong>Assaure&#039;t<\/strong>, que es desenvolupar\u00e0 a trav\u00e9s de canals virtuals a partir de dem\u00e0, 15 de maig, i fins al 5 de juny.<\/span><\/span><\/span><\/span><\/p>\n<p style=\"margin-left:0cm; margin-right:0cm; text-align:justify\"><span style=\"font-size:12pt\"><span style=\"font-family:&quot;Times New Roman&quot;,serif\"><span style=\"font-size:11.0pt\"><span style=\"font-family:&quot;Verdana&quot;,&quot;sans-serif&quot;\">La vicepresidenta i diputada de Cultura, <strong>Julia Parra<\/strong>, ha explicat que &quot;hem volgut apostar per la continu\u00eftat d\u02bbaquest programa, dirigit a persones majors de 65 anys, emprant nous recursos en l\u00ednia per poder fer-ho realitat davant la impossibilitat de seguir les trobades presencials per les circumst\u00e0ncies actuals de confinament. El resultat \u00e9s, sens dubte, una proposta actualitzada i molt din\u00e0mica i interactiva que esperem que tingui una bona acceptaci\u00f3\u201d.<\/span><\/span><\/span><\/span><\/p>\n<p style=\"margin-left:0cm; margin-right:0cm; text-align:justify\"><span style=\"font-size:12pt\"><span style=\"font-family:&quot;Times New Roman&quot;,serif\"><span style=\"font-size:11.0pt\"><span style=\"font-family:&quot;Verdana&quot;,&quot;sans-serif&quot;\">Aquesta iniciativa \u00e9s fruit de l&#039;acord entre la Fundaci\u00f3 MARQ i Asaute firmat fa tres anys i que ha perm\u00e8s posar en marxa projectes nous, com el curs \u201cMARQ +65\u201d que desenvolupa eines formatives que permeten a la gent gran con\u00e8ixer el patrimoni m\u00e9s proper.<\/span><\/span><\/span><\/span><\/p>\n<p style=\"margin-left:0cm; margin-right:0cm; text-align:justify\"><span style=\"font-size:12pt\"><span style=\"font-family:&quot;Times New Roman&quot;,serif\"><span style=\"font-size:11.0pt\"><span style=\"font-family:&quot;Verdana&quot;,&quot;sans-serif&quot;\">Des del MARQ s&#039;han cercat <strong>nous canals<\/strong> per continuar col\u00b7laborant per fer els majors part\u00edcips de l&#039;activitat cultural en l\u00ednia a trav\u00e9s d&#039;un complet programa de classes virtuals que tindran lloc els divendres a partir de dem\u00e0, 15 de maig. Seran impartides per l&#039;equip de la <strong>Unitat de Did\u00e0ctica i Accessibilitat de la Fundaci\u00f3 MARQ<\/strong> que recorrer\u00e0 diferents tem\u00e0tiques com la <strong>Edat Mitjana, els ibers i an\u00e8cdotes i curiositats sobre pand\u00e8mies i quarantenes<\/strong> al llarg de la hist\u00f2ria.<\/span><\/span><\/span><\/span><\/p>\n<p style=\"margin-left:0cm; margin-right:0cm; text-align:justify\"><span style=\"font-size:12pt\"><span style=\"font-family:&quot;Times New Roman&quot;,serif\"><span style=\"font-size:11.0pt\"><span style=\"font-family:&quot;Verdana&quot;,&quot;sans-serif&quot;\">\u201cMARQ +65\u201d consisteix a oferir <strong>sessions formatives sobre el contingut del museu<\/strong> des de la prehist\u00f2ria fins a l&#039;edat moderna i contempor\u00e0nia, i els jaciments. El programa est\u00e0 adre\u00e7at a alumnes de <strong>Aules de la Tercera Edat<\/strong>, que el curs 2919-2020 han visitat les sales permanents, l&#039;exposici\u00f3 temporal de \u201c\u00cddols. Mirades Mil\u00b7len\u00e0ries\u201d i han assistit a xerrades sobre cultures presents a la Pen\u00ednsula Ib\u00e8rica, tallers o pr\u00e0ctiques. La programaci\u00f3 no ha pogut completar-se per la crisi sanit\u00e0ria del Covid-19. Les sessions dels divendres, que han comptat amb 25 inscrits, han estat suspeses el 12 de mar\u00e7 amb el tancament del museu, per\u00f2 es reprendran aquesta setmana de manera virtual.<\/span><\/span><\/span><\/span><\/p>\n<p style=\"margin-left:0cm; margin-right:0cm; text-align:justify\"><span style=\"font-size:12pt\"><span style=\"font-family:&quot;Times New Roman&quot;,serif\"><span style=\"font-size:11.0pt\"><span style=\"font-family:&quot;Verdana&quot;,&quot;sans-serif&quot;\">Aquesta formaci\u00f3 es complementar\u00e0 l&#039;any que ve, quan els participants prendran part activa al <strong>Programa de la Unitat Did\u00e0ctica amb els Centres Escolars<\/strong>, convertint els grans en la veu del MARQ a les escoles. La diputada de Cultura ha assenyalat que \u201caquest \u00e9s un projecte intergeneracional molt interessant en qu\u00e8 els m\u00e9s grans i els m\u00e9s joves intercanvi\u00efn experi\u00e8ncies, prenent el MARQ com a espai de trobada i di\u00e0leg com\u00fa\u201d. <\/span><\/span><\/span><\/span><\/p>","protected":false},"excerpt":{"rendered":"<p>El Museo Arqueol&oacute;gico de Alicante (MARQ) ha reiniciado la tercera edici&oacute;n del programa &lsquo;Marq +<span class=\"excerpt-hellip\"> [\u2026]<\/span><\/p>\n","protected":false},"author":3,"featured_media":0,"comment_status":"open","ping_status":"open","sticky":false,"template":"","format":"standard","meta":{"kia_subtitle":"","footnotes":""},"categories":[],"tags":[],"class_list":["post-34386","post","type-post","status-publish","format-standard","hentry"],"meta_box":[],"_links":{"self":[{"href":"https:\/\/marqalicante-admin.qwair.com\/va\/wp-json\/wp\/v2\/posts\/34386","targetHints":{"allow":["GET"]}}],"collection":[{"href":"https:\/\/marqalicante-admin.qwair.com\/va\/wp-json\/wp\/v2\/posts"}],"about":[{"href":"https:\/\/marqalicante-admin.qwair.com\/va\/wp-json\/wp\/v2\/types\/post"}],"author":[{"embeddable":true,"href":"https:\/\/marqalicante-admin.qwair.com\/va\/wp-json\/wp\/v2\/users\/3"}],"replies":[{"embeddable":true,"href":"https:\/\/marqalicante-admin.qwair.com\/va\/wp-json\/wp\/v2\/comments?post=34386"}],"version-history":[{"count":0,"href":"https:\/\/marqalicante-admin.qwair.com\/va\/wp-json\/wp\/v2\/posts\/34386\/revisions"}],"wp:attachment":[{"href":"https:\/\/marqalicante-admin.qwair.com\/va\/wp-json\/wp\/v2\/media?parent=34386"}],"wp:term":[{"taxonomy":"category","embeddable":true,"href":"https:\/\/marqalicante-admin.qwair.com\/va\/wp-json\/wp\/v2\/categories?post=34386"},{"taxonomy":"post_tag","embeddable":true,"href":"https:\/\/marqalicante-admin.qwair.com\/va\/wp-json\/wp\/v2\/tags?post=34386"}],"curies":[{"name":"wp","href":"https:\/\/api.w.org\/{rel}","templated":true}]}}