{"id":34385,"date":"2020-05-11T15:35:00","date_gmt":"2020-05-11T15:35:00","guid":{"rendered":"https:\/\/marqalicante-admin.qwair.com\/2020\/05\/11\/la-diputacion-de-alicante-celebra-online-el-18-de-mayo-la-octava-edicion-del-dia-internacional-de-los-museos\/"},"modified":"2020-05-11T15:35:00","modified_gmt":"2020-05-11T15:35:00","slug":"la-diputacion-de-alicante-celebra-online-el-18-de-mayo-la-octava-edicion-del-dia-internacional-de-los-museos","status":"publish","type":"post","link":"https:\/\/marqalicante-admin.qwair.com\/va\/la-diputacion-de-alicante-celebra-online-el-18-de-mayo-la-octava-edicion-del-dia-internacional-de-los-museos\/","title":{"rendered":"La Diputaci\u00f3 d&#039;Alacant celebra en l\u00ednia el 18 de maig la vuitena edici\u00f3 del Dia Internacional dels Museus"},"content":{"rendered":"<p style=\"margin-left:0cm; margin-right:0cm; text-align:center\"><img decoding=\"async\" alt=\"\" src=\"\/contenido\/genericas\/instagram_cuadrada.jpg\" style=\"height:400px; width:400px\" \/><\/p>\n<p style=\"margin-left:0cm; margin-right:0cm; text-align:justify\">&nbsp;<\/p>\n<p style=\"margin-left:0cm; margin-right:0cm; text-align:justify\"><span style=\"font-size:12pt\"><span style=\"font-family:&quot;Times New Roman&quot;,serif\"><strong><span style=\"font-size:11.0pt\"><span style=\"font-family:&quot;Verdana&quot;,&quot;sans-serif&quot;\">La Diputaci\u00f3 d&#039;Alacant <\/span><\/span><\/strong><span style=\"font-size:11.0pt\"><span style=\"font-family:&quot;Verdana&quot;,&quot;sans-serif&quot;\">participa per<strong> <\/strong>vuit\u00e8 any consecutiu en els actes programats amb motiu del <strong>Dia Internacional dels Museus (DIM)<\/strong>, que aquesta edici\u00f3 <strong>se celebrar\u00e0 en l\u00ednia<\/strong> degut a la situaci\u00f3 d&#039;excepcionalitat provocada per la Covid-19. Al <strong>MUBAG, el MARQ <\/strong>i el <strong>Institut Alacant\u00ed de Cultura<\/strong> s&#039;uniran novament centres expositius dependents de l&#039;Ajuntament, de la Universitat, d&#039;Aig\u00fces d&#039;Alacant i The Ocean Race.<\/span><\/span><\/span><\/span><\/p>\n<p style=\"margin-left:0cm; margin-right:0cm; text-align:justify\"><span style=\"font-size:12pt\"><span style=\"font-family:&quot;Times New Roman&quot;,serif\"><span style=\"font-size:11.0pt\"><span style=\"font-family:&quot;Verdana&quot;,&quot;sans-serif&quot;\">Despr\u00e9s de l?\u00e8xit de la convocat\u00f2ria de l?any passat, amb 16.193 visitants i la implicaci\u00f3 de 37.000 museus de 158 pa\u00efsos i territoris, els organitzadors esperen que, malgrat el canvi de format, la participaci\u00f3 sigui massiva. Cada any, des de 1977, el <strong>Consell Internacional de Museus (ICOM)<\/strong> organitza el DIM, una commemoraci\u00f3 excepcional per a la comunitat muse\u00edstica. L&#039;objectiu \u00e9s conscienciar sobre la import\u00e0ncia d&#039;aquests centres per al <strong>intercanvi cultural<\/strong>, el <strong>enriquiment i desenvolupament de la comprensi\u00f3 m\u00fatua i la seva contribuci\u00f3 a la col\u00b7laboraci\u00f3 ia la pau entre els pobles<\/strong>.<\/span><\/span><\/span><\/span><\/p>\n<p style=\"margin-left:0cm; margin-right:0cm; text-align:justify\"><span style=\"font-size:12pt\"><span style=\"font-family:&quot;Times New Roman&quot;,serif\"><span style=\"font-size:11.0pt\"><span style=\"font-family:&quot;Verdana&quot;,&quot;sans-serif&quot;\">Sota el lema \u201cMuseus per la igualtat: diversitat i inclusi\u00f3\u201d, el Dia Internacional dels Museus 2020 #DIM2020 aspira a convertir-se en un <strong>punt de trobada per celebrar la diversitat de perspectives que conformen les comunitats i el personal dels museus<\/strong>, aix\u00ed com promoure <strong>eines per identificar i superar els prejudicis<\/strong>.<\/span><\/span><\/span><\/span><\/p>\n<p style=\"margin-left:0cm; margin-right:0cm; text-align:justify\"><span style=\"font-size:12pt\"><span style=\"font-family:&quot;Times New Roman&quot;,serif\"><span style=\"font-size:11.0pt\"><span style=\"font-family:&quot;Verdana&quot;,&quot;sans-serif&quot;\">D&#039;altra banda, davant de l&#039;actual situaci\u00f3 de pand\u00e8mia generalitzada, el <strong>#DIM2020<\/strong> se celebrar\u00e0 mitjan\u00e7ant l&#039;organitzaci\u00f3 de <strong>activitats digitals i en l\u00ednia<\/strong>. Per a aquells que vulguin organitzar activitats <strong>in situ<\/strong> es proposa com a alternativa una celebraci\u00f3 de tres dies entre el<strong> 14 i el 16 de novembre, coincidint amb la Llarga Nit de Museus, i el 74\u00e8 aniversari de l&#039;ICOM.<\/strong><\/span><\/span><\/span><\/span><\/p>\n<p style=\"margin-left:0cm; margin-right:0cm; text-align:justify\"><span style=\"font-size:12pt\"><span style=\"font-family:&quot;Times New Roman&quot;,serif\"><span style=\"font-size:11.0pt\"><span style=\"font-family:&quot;Verdana&quot;,&quot;sans-serif&quot;\">A Alacant, juntament amb els centres de la Diputaci\u00f3, hi participaran una vegada m\u00e9s el <strong>MACA<\/strong>, <strong>Les Cigarreres<\/strong>, el <strong>MUSA<\/strong>, la&nbsp; <strong>Sala d&#039;Exposicions de la Llotja del Peix<\/strong>, el <strong>Museu de Pessebres<\/strong>, el <strong>Museu de Nova Tabarca, el MUA, el Museu d&#039;Aig\u00fces d&#039;Alacant <\/strong>&nbsp;i el <strong>Museu The Ocean Race<\/strong>. <\/span><\/span><\/span><\/span><\/p>\n<p style=\"margin-left:0cm; margin-right:0cm; text-align:justify\"><span style=\"font-size:12pt\"><span style=\"font-family:&quot;Times New Roman&quot;,serif\"><strong><span style=\"font-size:11.0pt\"><span style=\"font-family:&quot;Verdana&quot;,&quot;sans-serif&quot;\">MUBAG<\/span><\/span><\/strong><\/span><\/span><\/p>\n<p style=\"margin-left:0cm; margin-right:0cm; text-align:justify\"><span style=\"font-size:12pt\"><span style=\"font-family:&quot;Times New Roman&quot;,serif\"><span style=\"font-size:11.0pt\"><span style=\"font-family:&quot;Verdana&quot;,&quot;sans-serif&quot;\">El MUBAG celebrar\u00e0 el DIM amb lactivitat <strong>&quot;Gisbert a l&#039;abast d&#039;un clic&quot; <\/strong>dissenyada per permetre la <strong>visita virtual al museu<\/strong> des de casa a trav\u00e9s d&#039;un <strong>recorregut de 360\u00ba <\/strong>per la sala dedicada a aquest pintor per descobrir amb detall els <strong>cinc llen\u00e7os exposats que recorren els seus principals g\u00e8neres pict\u00f2rics: retrat, mitologia i hist\u00f2ria<\/strong>. L\u00b4activitat es completa amb un joc amb preguntes i reflexions. L&#039;espai expositiu recreat \u00e9s \u201cReconeixement Internacional\u201d, dins de l&#039;exposici\u00f3 permanent \u201cEl segle XIX al Mubag. De la formaci\u00f3 a la plenitud d\u00b4un artista\u201d. Enlla\u00e7 a la visita virtual disponible a: <a href=\"http:\/\/www.mubag.com\" target=\"_blank\" rel=\"noopener\">www.mubag.com<\/a>.<\/span><\/span><\/span><\/span><\/p>\n<p style=\"margin-left:0cm; margin-right:0cm; text-align:justify\"><span style=\"font-size:12pt\"><span style=\"font-family:&quot;Times New Roman&quot;,serif\"><strong><span style=\"font-size:11.0pt\"><span style=\"font-family:&quot;Verdana&quot;,&quot;sans-serif&quot;\">MARQ<\/span><\/span><\/strong><\/span><\/span><\/p>\n<p style=\"margin-left:0cm; margin-right:0cm; text-align:justify\"><span style=\"font-size:12pt\"><span style=\"font-family:&quot;Times New Roman&quot;,serif\"><span style=\"font-size:11.0pt\"><span style=\"font-family:&quot;Verdana&quot;,&quot;sans-serif&quot;\">El MARQ ha preparat <strong>nombroses activitats digitals<\/strong> i en l\u00ednia per reflexionar sobre continguts tan importants <strong>com a igualtat de g\u00e8nere, just\u00edcia clim\u00e0tica, l&#039;accessibilitat i la discriminaci\u00f3<\/strong>.<\/span><\/span><\/span><\/span><\/p>\n<p style=\"margin-left:0cm; margin-right:0cm; text-align:justify\"><span style=\"font-size:12pt\"><span style=\"font-family:&quot;Times New Roman&quot;,serif\"><span style=\"font-size:11.0pt\"><span style=\"font-family:&quot;Verdana&quot;,&quot;sans-serif&quot;\">El programa de propostes arrenca amb <strong>quatre contes ambientats en diferents \u00e8poques hist\u00f2riques<\/strong> els personatges dels quals abordaran temes relacionats amb la import\u00e0ncia de la diversitat i la inclusi\u00f3 (aquesta activitat es realitzar\u00e0 tamb\u00e9 en llengua de signes). A m\u00e9s, i per assolir l&#039;objectiu de prioritzar la inclusi\u00f3 i considerar la diversitat, se n&#039;ha elaborat una <strong>petita guia del museu i dels seus jaciments en pictogrames<\/strong>. Un recurs fonamental per facilitar laccessibilitat cognitiva. <\/span><\/span><\/span><\/span><\/p>\n<p style=\"margin-left:0cm; margin-right:0cm; text-align:justify\"><span style=\"font-size:12pt\"><span style=\"font-family:&quot;Times New Roman&quot;,serif\"><span style=\"font-size:10.0pt\"><span style=\"font-family:&quot;Verdana&quot;,&quot;sans-serif&quot;\">Un<\/span><\/span><span style=\"font-size:11.0pt\"><span style=\"font-family:&quot;Verdana&quot;,&quot;sans-serif&quot;\"> <strong>&#039;MARQ d&#039;amics&#039;<\/strong> tamb\u00e9 estar\u00e0 present de la m\u00e0 de les diferents institucions amb qu\u00e8 treballa el museu per fer del centre un lloc m\u00e9s inclusiu i accessible. Comptaran la seva feina de manera virtual. Tamb\u00e9 hi haur\u00e0 un apartat per reflexionar sobre el <strong>canvi clim\u00e0tic <\/strong>com un dels reptes m\u00e9s grans del nostre temps.<\/span><\/span><\/span><\/span><\/p>\n<p style=\"margin-left:0cm; margin-right:0cm; text-align:justify\"><span style=\"font-size:12pt\"><span style=\"font-family:&quot;Times New Roman&quot;,serif\"><strong><span style=\"font-size:11.0pt\"><span style=\"font-family:&quot;Verdana&quot;,&quot;sans-serif&quot;\">&#039;El conte incomplet&#039;<\/span><\/span><\/strong><span style=\"font-size:11.0pt\"><span style=\"font-family:&quot;Verdana&quot;,&quot;sans-serif&quot;\"> donar\u00e0 curs a la creativitat, convidant els participants a ser els dissenyadors de l&#039;obra <em>El nen que volia ser explorador<\/em>. Es facilitar\u00e0 el text mancant el disseny que es podr\u00e0 fer amb fotos o dibuixos. Un relat amb moralitat per aprendre la <strong>import\u00e0ncia de la toler\u00e0ncia cap a les diverses formes de vida i cultures<\/strong>. &nbsp;<\/span><\/span><\/span><\/span><\/p>\n<p style=\"margin-left:0cm; margin-right:0cm; text-align:justify\"><span style=\"font-size:12pt\"><span style=\"font-family:&quot;Times New Roman&quot;,serif\"><span style=\"font-size:11.0pt\"><span style=\"font-family:&quot;Verdana&quot;,&quot;sans-serif&quot;\">Finalment, el MARQ proposa l&#039;activitat &#039;A la recerca de l&#039;arque\u00f2loga perduda&#039;, un joc de pistes sobre el <strong>treball exercit per dones arque\u00f2logues<\/strong>. Un viatge al passat amb la imaginaci\u00f3 que situar\u00e0 l&#039;usuari a finals del segle XIX i principis del XX al Pr\u00f2xim Orient per con\u00e8ixer a <strong>Gertrude Bell<\/strong>, aventurera que es va guanyar el respecte i l&#039;admiraci\u00f3 dels seus contemporanis. &nbsp;<\/span><\/span><\/span><\/span><\/p>\n<p style=\"margin-left:0cm; margin-right:0cm; text-align:justify\"><span style=\"font-size:12pt\"><span style=\"font-family:&quot;Times New Roman&quot;,serif\"><strong><span style=\"font-size:11.0pt\"><span style=\"font-family:&quot;Verdana&quot;,&quot;sans-serif&quot;\">GIL-ALBERT<\/span><\/span><\/strong><\/span><\/span><\/p>\n<p style=\"margin-left:0cm; margin-right:0cm; text-align:justify\"><span style=\"font-size:12pt\"><span style=\"font-family:&quot;Times New Roman&quot;,serif\"><span style=\"font-size:11.0pt\"><span style=\"font-family:&quot;Verdana&quot;,&quot;sans-serif&quot;\">L&#039;Institut Alacant\u00ed de Cultura tamb\u00e9 ha posat en marxa dues activitats en l\u00ednia per commemorar el DIM amb sengles <strong>continguts d&#039;art i humanitats<\/strong> que podran gaudir-se als canals de <strong>Faceboock, Twitter, Instagran i la web del centre<\/strong>.<\/span><\/span><\/span><\/span><\/p>\n<p style=\"margin-left:0cm; margin-right:0cm; text-align:justify\"><span style=\"font-size:12pt\"><span style=\"font-family:&quot;Times New Roman&quot;,serif\"><span style=\"font-size:11.0pt\"><span style=\"font-family:&quot;Verdana&quot;,&quot;sans-serif&quot;\">D&#039;una banda, s&#039;ha programat la visualitzaci\u00f3 del projecte expositiu <strong>&#039;Epifania&#039;<\/strong> de <strong>Miriam Mart\u00ednez Guirao<\/strong>, seleccionat al III Concurs Art a la Casa Bardin, que es va veure truncat per l&#039;estat d&#039;alarma. Es tracta d&#039;un recorregut comissariat per <strong>\u00c1lvaro Aroca C\u00f3rdova<\/strong> que confronta art, naturalesa i individu. <\/span><\/span><\/span><\/span><\/p>\n<p style=\"margin-left:0cm; margin-right:0cm; text-align:justify\"><span style=\"font-size:12pt\"><span style=\"font-family:&quot;Times New Roman&quot;,serif\"><span style=\"font-size:11.0pt\"><span style=\"font-family:&quot;Verdana&quot;,&quot;sans-serif&quot;\">En segon lloc, i sota el t\u00edtol <strong>&#039;Els meus records de Juan Gil-Albert&#039;<\/strong>, l&#039;IAC oferir\u00e0 una entrevista de <strong>Guillem Carnero<\/strong> (1947) a <strong>Francisco Brines<\/strong> (1932). Una trobada al voltant de l&#039;obra i la figura de l&#039;autor alcoi\u00e0, referent indiscutible de les lletres valencianes del segle XX.<\/span><\/span><\/span><\/span><\/p>\n<p style=\"margin-left:0cm; margin-right:0cm; text-align:center\"><span style=\"font-size:12pt\"><span style=\"font-family:&quot;Times New Roman&quot;,serif\">&nbsp; <\/span><\/span><\/p>\n<p style=\"margin-left:0cm; margin-right:0cm; text-align:justify\">&nbsp;<\/p>","protected":false},"excerpt":{"rendered":"<p>&nbsp; La Diputaci&oacute;n de Alicante participa por octavo a&ntilde;o consecutivo en los actos programados con<span class=\"excerpt-hellip\"> [\u2026]<\/span><\/p>\n","protected":false},"author":3,"featured_media":0,"comment_status":"open","ping_status":"open","sticky":false,"template":"","format":"standard","meta":{"kia_subtitle":"","footnotes":""},"categories":[],"tags":[],"class_list":["post-34385","post","type-post","status-publish","format-standard","hentry"],"meta_box":[],"_links":{"self":[{"href":"https:\/\/marqalicante-admin.qwair.com\/va\/wp-json\/wp\/v2\/posts\/34385","targetHints":{"allow":["GET"]}}],"collection":[{"href":"https:\/\/marqalicante-admin.qwair.com\/va\/wp-json\/wp\/v2\/posts"}],"about":[{"href":"https:\/\/marqalicante-admin.qwair.com\/va\/wp-json\/wp\/v2\/types\/post"}],"author":[{"embeddable":true,"href":"https:\/\/marqalicante-admin.qwair.com\/va\/wp-json\/wp\/v2\/users\/3"}],"replies":[{"embeddable":true,"href":"https:\/\/marqalicante-admin.qwair.com\/va\/wp-json\/wp\/v2\/comments?post=34385"}],"version-history":[{"count":0,"href":"https:\/\/marqalicante-admin.qwair.com\/va\/wp-json\/wp\/v2\/posts\/34385\/revisions"}],"wp:attachment":[{"href":"https:\/\/marqalicante-admin.qwair.com\/va\/wp-json\/wp\/v2\/media?parent=34385"}],"wp:term":[{"taxonomy":"category","embeddable":true,"href":"https:\/\/marqalicante-admin.qwair.com\/va\/wp-json\/wp\/v2\/categories?post=34385"},{"taxonomy":"post_tag","embeddable":true,"href":"https:\/\/marqalicante-admin.qwair.com\/va\/wp-json\/wp\/v2\/tags?post=34385"}],"curies":[{"name":"wp","href":"https:\/\/api.w.org\/{rel}","templated":true}]}}