{"id":34384,"date":"2020-05-09T10:49:00","date_gmt":"2020-05-09T10:49:00","guid":{"rendered":"https:\/\/marqalicante-admin.qwair.com\/2020\/05\/09\/los-museos-en-el-corazon-de-europa\/"},"modified":"2020-05-09T10:49:00","modified_gmt":"2020-05-09T10:49:00","slug":"los-museos-en-el-corazon-de-europa","status":"publish","type":"post","link":"https:\/\/marqalicante-admin.qwair.com\/va\/los-museos-en-el-corazon-de-europa\/","title":{"rendered":"ELS MUSEUS AL COR D&#039;EUROPA"},"content":{"rendered":"<p style=\"margin-left:0cm; margin-right:0cm\"><span style=\"font-size:12pt\"><span style=\"background-color:white\"><span style=\"font-family:&quot;Times New Roman&quot;,serif\"><span style=\"font-family:&quot;Calibri&quot;,sans-serif\"><img decoding=\"async\" alt=\"\" src=\"https:\/\/marqalicante-classic-admin.qwair.com\/contenido\/genericas\/hall.jpg\" style=\"height:408px; width:750px\" \/><\/p>\n<p>Avui 9 de Maig, la Uni\u00f3 Europea celebra la pau i la unitat del continent amb el dia, el dia d&#039;Europa. Aquest 2020, \u00e9s un 70\u00e8 Aniversari molt especial, que commemora la Declaraci\u00f3 de Schuman, amb gran part dels nostres espais culturals i museus confinats, com ho estem la immensa majoria dels ciutadans europeus per la Covid-19. Per celebrar-ho, el MARQ obre les portes virtualment al m\u00f3n, des del seu lloc web <\/span><a href=\"http:\/\/marqalicante-classic-admin.qwair.com\" target=\"_blank\" rel=\"noopener\"><span style=\"font-family:&quot;Calibri&quot;,sans-serif\">marqalicante-classic-admin.qwair.com<\/span><\/a><span style=\"font-family:&quot;Calibri&quot;,sans-serif\">, convidant a tots els que treguin el cap avui, a descobrir com els museus, el cor de l&#039;Europa Moderna, es preparen per impulsar-la cap al futur, guardant la seva identitat cultural, contribuint a sortir d&#039;aquesta crisi junts i m\u00e9s forts: Europeus.<\/span><\/span><\/span><\/span><\/p>\n<p><span style=\"font-size:12pt\"><span style=\"background-color:white\"><span style=\"font-family:&quot;Times New Roman&quot;,serif\"><span style=\"font-family:&quot;Calibri&quot;,sans-serif\">Fins i tot en circumst\u00e0ncies normals, els museus europeus han demostrat el seu comprom\u00eds real amb les persones i els territoris m\u00e9s propers, teixint models col\u00b7laboratius amb aquells m\u00e9s llunyans, entre museus de tot el m\u00f3n, compartint uns mateixos objectius d&#039;acc\u00e9s universal a la cultura, al patrimoni ia la hist\u00f2ria de la humanitat, apropant-la a tots els p\u00fablics. <\/span><\/span><\/span><\/span><\/p>\n<p style=\"margin-left:0cm; margin-right:0cm\"><img decoding=\"async\" alt=\"\" src=\"https:\/\/marqalicante-classic-admin.qwair.com\/contenido\/genericas\/guias-marq.jpg\" style=\"height:653px; width:750px\" \/><\/p>\n<p style=\"margin-left:0cm; margin-right:0cm\"><span style=\"font-size:12pt\"><span style=\"background-color:white\"><span style=\"font-family:&quot;Times New Roman&quot;,serif\"><span style=\"font-family:&quot;Calibri&quot;,sans-serif\">Alacant, i amb ella el MARQ, ha d&#039;esperar, m\u00e9s ben confiats que confinats, la Fase que ens permeti avan\u00e7ar cap a la reobertura dels nostres museus. La pand\u00e8mia per la Covid-19 est\u00e0 intensificant les desigualtats i creant amenaces noves. Avui, tots els europeus patim limitacions, afectats per aquesta crisi, amena\u00e7ats en termes sanitaris, amb risc de les nostres vides, i en termes de superviv\u00e8ncia i mobilitat, amb risc de les nostres llibertats i drets. Hem de vetllar perqu\u00e8 Europa i els europeus gaudeixin dels mateixos drets a accedir a l&#039;atenci\u00f3 sanit\u00e0ria, a la nostra salut, a la feina, a l&#039;educaci\u00f3 dels nostres joves, a la dignitat dels nostres majors i als procediments vitals, a la investigaci\u00f3, a l&#039;educaci\u00f3, a la cultura, a la iniciativa privada, a la uni\u00f3 pol\u00edtica i d&#039;acci\u00f3 dels nostres governs, tamb\u00e9 durant la pand\u00e8mia, tamb\u00e9 durant la pand\u00e8mia. Cuidem Europa. Cuidem dels nostres Museus, invertim en el nostre futur com\u00fa. <\/span><\/span><\/span><\/span><\/p>\n<p style=\"margin-left:0cm; margin-right:0cm\"><span style=\"font-size:12pt\"><span style=\"background-color:white\"><span style=\"font-family:&quot;Times New Roman&quot;,serif\"><span style=\"font-family:&quot;Calibri&quot;,sans-serif\">&gt;&gt; #EuropeusContraElCovid19<\/span><\/span><\/span><\/span><br \/><span style=\"font-size:11.0pt\"><span style=\"font-family:&quot;Calibri&quot;,sans-serif\">&gt;&gt;<span style=\"color:#2980b9\"><a href=\"https:\/\/marqalicante-classic-admin.qwair.com\/Paginas\/es\/Quedate-en-casa-con-el-Marq-P620-M1.html\" target=\"_blank\" rel=\"noopener\"> #quedateencasaambelmarq<\/a><\/p>\n<p>&#8230;.<\/span><\/span><\/span><\/p>","protected":false},"excerpt":{"rendered":"<p>Hoy 9 de Mayo, la Uni&oacute;n Europea celebra la paz y la unidad del continente<span class=\"excerpt-hellip\"> [\u2026]<\/span><\/p>\n","protected":false},"author":3,"featured_media":0,"comment_status":"open","ping_status":"open","sticky":false,"template":"","format":"standard","meta":{"kia_subtitle":"","footnotes":""},"categories":[],"tags":[],"class_list":["post-34384","post","type-post","status-publish","format-standard","hentry"],"meta_box":[],"_links":{"self":[{"href":"https:\/\/marqalicante-admin.qwair.com\/va\/wp-json\/wp\/v2\/posts\/34384","targetHints":{"allow":["GET"]}}],"collection":[{"href":"https:\/\/marqalicante-admin.qwair.com\/va\/wp-json\/wp\/v2\/posts"}],"about":[{"href":"https:\/\/marqalicante-admin.qwair.com\/va\/wp-json\/wp\/v2\/types\/post"}],"author":[{"embeddable":true,"href":"https:\/\/marqalicante-admin.qwair.com\/va\/wp-json\/wp\/v2\/users\/3"}],"replies":[{"embeddable":true,"href":"https:\/\/marqalicante-admin.qwair.com\/va\/wp-json\/wp\/v2\/comments?post=34384"}],"version-history":[{"count":0,"href":"https:\/\/marqalicante-admin.qwair.com\/va\/wp-json\/wp\/v2\/posts\/34384\/revisions"}],"wp:attachment":[{"href":"https:\/\/marqalicante-admin.qwair.com\/va\/wp-json\/wp\/v2\/media?parent=34384"}],"wp:term":[{"taxonomy":"category","embeddable":true,"href":"https:\/\/marqalicante-admin.qwair.com\/va\/wp-json\/wp\/v2\/categories?post=34384"},{"taxonomy":"post_tag","embeddable":true,"href":"https:\/\/marqalicante-admin.qwair.com\/va\/wp-json\/wp\/v2\/tags?post=34384"}],"curies":[{"name":"wp","href":"https:\/\/api.w.org\/{rel}","templated":true}]}}