{"id":34376,"date":"2020-04-06T09:36:00","date_gmt":"2020-04-06T09:36:00","guid":{"rendered":"https:\/\/marqalicante-admin.qwair.com\/2020\/04\/06\/el-marq-con-la-hermandad-del-prendimiento-y-nuestra-senora-del-consuelo\/"},"modified":"2020-04-06T09:36:00","modified_gmt":"2020-04-06T09:36:00","slug":"el-marq-con-la-hermandad-del-prendimiento-y-nuestra-senora-del-consuelo","status":"publish","type":"post","link":"https:\/\/marqalicante-admin.qwair.com\/va\/el-marq-con-la-hermandad-del-prendimiento-y-nuestra-senora-del-consuelo\/","title":{"rendered":"El MARQ amb la Germandat del Prendiment i La nostra Senyora del Consol"},"content":{"rendered":"<p style=\"margin-left:0cm; margin-right:0cm; text-align:center\"><img decoding=\"async\" alt=\"\" src=\"\/contenido\/genericas\/virgen.jpg\" style=\"height:450px; width:450px\" \/><\/p>\n<p style=\"margin-left:0cm; margin-right:0cm; text-align:justify\"><span style=\"font-size:10.0pt\"><span style=\"font-family:&quot;Verdana&quot;,sans-serif\"><span style=\"color:black\">La Germandat va quedar constitu\u00efda el 31 de maig de 1996, per tal d&#039;estr\u00e8nyer els lligams d&#039;amistat i solidaritat entre els funcionaris de l&#039;Excma. Diputaci\u00f3 d&#039;Alacant adscrits, aleshores, a l&#039;Hospital Provincial i de tots aquells ve\u00efns, en especial de l&#039;alacant\u00ed barri del Pla, que volguessin integrar-s&#039;hi.<\/span><\/span><\/span><\/p>\n<p style=\"margin-left:0cm; margin-right:0cm; text-align:justify\"><span style=\"font-size:10.0pt\"><span style=\"font-family:&quot;Verdana&quot;,sans-serif\"><span style=\"color:black\">Com que a l&#039;antiga capella de l&#039;Hospital hi havia una Mare de D\u00e9u molt visitada per malalts i familiars, a la qual acudien amb l&#039;esperan\u00e7a d&#039;obtenir consol, es va encarregar la talla d&#039;una Dolorosa a la qual se li va atorgar l&#039;advocaci\u00f3 de Ntra. Sra. tamb\u00e9 acabat de crear pas del Prenement. Als que m\u00e9s tard se&#039;ls uniria, l&#039;any 2000, el pas del Lavatori.&nbsp;&nbsp; <\/span><\/span><\/span>&nbsp;<\/p>\n<p style=\"margin-left:0cm; margin-right:0cm; text-align:justify\"><span style=\"font-size:10.0pt\"><span style=\"font-family:&quot;Verdana&quot;,sans-serif\"><span style=\"color:black\">Com a an\u00e8cdota i record del passat hospitalari dels membres de la germandat, els germans llueixen el color blanc i el verd, relacionats des de sempre amb els colors sanitaris.<\/span><\/span><\/span><\/p>\n<p style=\"text-align:justify\"><span style=\"font-size:10.0pt\"><span style=\"background-color:white\"><span style=\"font-family:&quot;Verdana&quot;,sans-serif\"><span style=\"color:#202020\">Aquest Dilluns Sant els nostres amics confrares es quedaran a Casa, igual que tots nosaltres, seguint les recomanacions de les autoritats sanit\u00e0ries, civils, religioses, i de la Junta Major de Germandats i confraries de Setmana Santa d&#039;Alacant, Presents tots als nostres Cors, quedarem al costat de la Mare de D\u00e9u, demanant el seu Consol per a tots els alacantins per a tots els alacantins per a tots els alacantins i Amb tota la nostra admiraci\u00f3 i reconeixement per als qui dia a dia donen el millor de si mateixos pels altres, personal sanitari i de serveis essencials. Gr\u00e0cies! <\/span><\/span><\/span><\/span><\/p>\n<p style=\"text-align:justify\">&nbsp;<\/p>\n<p style=\"text-align:center\">&nbsp;<\/p>","protected":false},"excerpt":{"rendered":"<p>La Hermandad qued&oacute; constituida el 31 de mayo de 1996, con el fin de estrechar<span class=\"excerpt-hellip\"> [\u2026]<\/span><\/p>\n","protected":false},"author":3,"featured_media":0,"comment_status":"open","ping_status":"open","sticky":false,"template":"","format":"standard","meta":{"kia_subtitle":"","footnotes":""},"categories":[],"tags":[],"class_list":["post-34376","post","type-post","status-publish","format-standard","hentry"],"meta_box":[],"_links":{"self":[{"href":"https:\/\/marqalicante-admin.qwair.com\/va\/wp-json\/wp\/v2\/posts\/34376","targetHints":{"allow":["GET"]}}],"collection":[{"href":"https:\/\/marqalicante-admin.qwair.com\/va\/wp-json\/wp\/v2\/posts"}],"about":[{"href":"https:\/\/marqalicante-admin.qwair.com\/va\/wp-json\/wp\/v2\/types\/post"}],"author":[{"embeddable":true,"href":"https:\/\/marqalicante-admin.qwair.com\/va\/wp-json\/wp\/v2\/users\/3"}],"replies":[{"embeddable":true,"href":"https:\/\/marqalicante-admin.qwair.com\/va\/wp-json\/wp\/v2\/comments?post=34376"}],"version-history":[{"count":0,"href":"https:\/\/marqalicante-admin.qwair.com\/va\/wp-json\/wp\/v2\/posts\/34376\/revisions"}],"wp:attachment":[{"href":"https:\/\/marqalicante-admin.qwair.com\/va\/wp-json\/wp\/v2\/media?parent=34376"}],"wp:term":[{"taxonomy":"category","embeddable":true,"href":"https:\/\/marqalicante-admin.qwair.com\/va\/wp-json\/wp\/v2\/categories?post=34376"},{"taxonomy":"post_tag","embeddable":true,"href":"https:\/\/marqalicante-admin.qwair.com\/va\/wp-json\/wp\/v2\/tags?post=34376"}],"curies":[{"name":"wp","href":"https:\/\/api.w.org\/{rel}","templated":true}]}}